{"id":39358,"date":"2017-11-21T20:54:13","date_gmt":"2017-11-21T19:54:13","guid":{"rendered":"https:\/\/www.schiebener.net\/wordpress\/?p=39358"},"modified":"2017-11-22T06:57:37","modified_gmt":"2017-11-22T05:57:37","slug":"journalistentag-nrw-2017-teil-ii-am-ende-enttaeuscht-trotz-alledem-free-deniz","status":"publish","type":"post","link":"https:\/\/www.schiebener.net\/wordpress\/journalistentag-nrw-2017-teil-ii-am-ende-enttaeuscht-trotz-alledem-free-deniz\/","title":{"rendered":"Journalistentag NRW 2017 Teil II \u2013 am Ende entt\u00e4uscht. Trotz alledem: Free Deniz!"},"content":{"rendered":"<figure id=\"attachment_39359\" aria-describedby=\"caption-attachment-39359\" style=\"width: 700px\" class=\"wp-caption aligncenter\"><a href=\"https:\/\/www.schiebener.net\/wordpress\/wp-content\/uploads\/2017\/11\/jotag2017111801.jpg\" target=\"_blank\" rel=\"noopener\"><img loading=\"lazy\" decoding=\"async\" class=\"wp-image-39359\" src=\"https:\/\/www.schiebener.net\/wordpress\/wp-content\/uploads\/2017\/11\/jotag2017111801.jpg\" alt=\"\" width=\"700\" height=\"1075\" srcset=\"https:\/\/www.schiebener.net\/wordpress\/wp-content\/uploads\/2017\/11\/jotag2017111801.jpg 1024w, https:\/\/www.schiebener.net\/wordpress\/wp-content\/uploads\/2017\/11\/jotag2017111801-195x300.jpg 195w, https:\/\/www.schiebener.net\/wordpress\/wp-content\/uploads\/2017\/11\/jotag2017111801-768x1180.jpg 768w, https:\/\/www.schiebener.net\/wordpress\/wp-content\/uploads\/2017\/11\/jotag2017111801-667x1024.jpg 667w\" sizes=\"auto, (max-width: 709px) 85vw, (max-width: 909px) 67vw, (max-width: 984px) 61vw, (max-width: 1362px) 45vw, 600px\" \/><\/a><figcaption id=\"caption-attachment-39359\" class=\"wp-caption-text\">Steffen K\u00fc\u00dfner liest die letzte Kolumne von Deniz Y\u00fccel in der taz vom 30. M\u00e4rz 2015. (foto: zoom)<\/figcaption><\/figure>\n<p><strong>Ich werde in den n\u00e4chsten Tagen noch einen weiteren Artikel \u00fcber den Journalistentag 2017 schreiben, irgendwas mit Podcast, Fake News und &#8222;Daten suchen im Lokalen&#8220;.<\/strong><\/p>\n<p>Vorher muss ich aber noch meine gro\u00dfe Entt\u00e4uschung loswerden, die mir seit Samstagabend quer sitzt:<\/p>\n<p>Die Free-Deniz-Lesung zum Abschluss der Veranstaltung wurde von nur wenigen Journalistinnen und Journalisten besucht. St\u00fchle, nein ganze Stuhlreihen blieben leer. Die Besucher str\u00f6mten nach Hause.<\/p>\n<p>Reinhard Baumgarten (SWR), Frank Stach (Vorsitzender DJV-NRW), Dr. Sascha Lehnhartz (WeltN24) und Stefan K\u00fc\u00dfner (Freundeskreis #FreeDeniz) lasen wunderbare Texte des Kollegen Deniz Y\u00fccel.<\/p>\n<p>&#8222;Klagt mich endlich an&#8220;, fordert der jetzige Welt-Korrespondent Deniz Y\u00fccel, der ohne Anklageschrift seit \u00fcber 9 Monaten in der T\u00fcrkei in Haft ist. &#8222;Er hat eine Einzelzelle, muss allein Fu\u00dfball spielen und seinen Strom selber zahlen&#8220;, <a href=\"http:\/\/www.taz.de\/!5459100\/\" target=\"_blank\" rel=\"noopener\">schreibt die taz<\/a>.<\/p>\n<p>Das Foyer hat sich geleert. Einige Uninteressierte stehen an der Kaffeetheke und palavern laut.<\/p>\n<p>Ich sch\u00e4me mich, obwohl ich nur ein Blogger bin.<\/p>\n<p>Reinhard Baumgarten und Frank Stach teilen sich einen langen fast lyrischen Text &#8222;Damit wir die Wolken nicht ber\u00fchren&#8220;, Sascha Lehnartz tr\u00e4gt kurz und knackig Y\u00fccels Liebe zum Autokorso vor und Steffen K\u00fc\u00dfner liest die Abschiedskolumne &#8222;<a href=\"http:\/\/www.taz.de\/!5014546\/\" target=\"_blank\" rel=\"noopener\">Mach&#8217;s gut, taz!<\/a>&#8220; vom 30. M\u00e4rz 2015.<\/p>\n<figure id=\"attachment_39360\" aria-describedby=\"caption-attachment-39360\" style=\"width: 700px\" class=\"wp-caption aligncenter\"><img loading=\"lazy\" decoding=\"async\" class=\"size-full wp-image-39360\" src=\"https:\/\/www.schiebener.net\/wordpress\/wp-content\/uploads\/2017\/11\/jotag2017111806.jpg\" alt=\"\" width=\"700\" height=\"467\" srcset=\"https:\/\/www.schiebener.net\/wordpress\/wp-content\/uploads\/2017\/11\/jotag2017111806.jpg 700w, https:\/\/www.schiebener.net\/wordpress\/wp-content\/uploads\/2017\/11\/jotag2017111806-300x200.jpg 300w\" sizes=\"auto, (max-width: 709px) 85vw, (max-width: 909px) 67vw, (max-width: 984px) 61vw, (max-width: 1362px) 45vw, 600px\" \/><figcaption id=\"caption-attachment-39360\" class=\"wp-caption-text\">Die Teilnehmer der Free-Deniz-Lesung (foto: zoom)<\/figcaption><\/figure>\n<p>Der Kollege Deniz Y\u00fccel sitzt in der T\u00fcrkei im Knast, w\u00e4hrend die Zukunft des deutschen Journalismus im Auto oder in der Bahn nach Hause f\u00e4hrt.<\/p>\n<p>&#8212;&#8212;&#8212;&#8212;&#8212;&#8212;&#8212;&#8212;&#8212;&#8212;&#8212;&#8212;&#8212;&#8212;&#8212;-<\/p>\n<p><strong>Freiheit f\u00fcr Deniz!<\/strong><\/p>\n<p>\u201eJeder hat das Recht auf Meinungsfreiheit und freie Meinungs\u00e4u\u00dferung; dieses Recht schlie\u00dft die Freiheit ein, Meinungen ungehindert anzuh\u00e4ngen sowie \u00fcber Medien jeder Art und ohne R\u00fccksicht auf Grenzen Informationen und Gedankengut zu suchen, zu empfangen und zu verbreiten.\u201c<\/p>\n<p>(Artikel 19 der Allgemeinen Erkl\u00e4rung der Menschenrechte der Vereinten Nationen vom 10.12.1948)<\/p>\n<p>F\u00fcr die Freiheit von Information, Meinung, Wort und Kunst. Gemeinsam f\u00fcr und mit Deniz Y\u00fccel und allen zur Zeit in der T\u00fcrkei inhaftierten Kolleginnen und Kollegen.<\/p>\n<p><a href=\"http:\/\/freedeniz.de\/\" target=\"_blank\" rel=\"noopener\">http:\/\/freedeniz.de\/<\/a><\/p>\n","protected":false},"excerpt":{"rendered":"<p>Ich werde in den n\u00e4chsten Tagen noch einen weiteren Artikel \u00fcber den Journalistentag 2017 schreiben, irgendwas mit Podcast, Fake News und &#8222;Daten suchen im Lokalen&#8220;. Vorher muss ich aber noch &hellip; <a href=\"https:\/\/www.schiebener.net\/wordpress\/journalistentag-nrw-2017-teil-ii-am-ende-enttaeuscht-trotz-alledem-free-deniz\/\" class=\"more-link\"><span class=\"screen-reader-text\">\u201eJournalistentag NRW 2017 Teil II \u2013 am Ende entt\u00e4uscht. Trotz alledem: Free Deniz!\u201c <\/span>weiterlesen<\/a><\/p>\n","protected":false},"author":3,"featured_media":0,"comment_status":"open","ping_status":"open","sticky":false,"template":"","format":"standard","meta":{"footnotes":""},"categories":[533,2489,32,6413,24],"tags":[7094,6240,7093,7090,5179],"class_list":["post-39358","post","type-post","status-publish","format-standard","hentry","category-europa","category-in-eigener-sache","category-medien","category-nrw","category-politik","tag-deniz-yuecel","tag-djv-nrw","tag-free-deniz","tag-journalistentag-2017","tag-landschaftspark-duisburg-nord"],"_links":{"self":[{"href":"https:\/\/www.schiebener.net\/wordpress\/wp-json\/wp\/v2\/posts\/39358","targetHints":{"allow":["GET"]}}],"collection":[{"href":"https:\/\/www.schiebener.net\/wordpress\/wp-json\/wp\/v2\/posts"}],"about":[{"href":"https:\/\/www.schiebener.net\/wordpress\/wp-json\/wp\/v2\/types\/post"}],"author":[{"embeddable":true,"href":"https:\/\/www.schiebener.net\/wordpress\/wp-json\/wp\/v2\/users\/3"}],"replies":[{"embeddable":true,"href":"https:\/\/www.schiebener.net\/wordpress\/wp-json\/wp\/v2\/comments?post=39358"}],"version-history":[{"count":0,"href":"https:\/\/www.schiebener.net\/wordpress\/wp-json\/wp\/v2\/posts\/39358\/revisions"}],"wp:attachment":[{"href":"https:\/\/www.schiebener.net\/wordpress\/wp-json\/wp\/v2\/media?parent=39358"}],"wp:term":[{"taxonomy":"category","embeddable":true,"href":"https:\/\/www.schiebener.net\/wordpress\/wp-json\/wp\/v2\/categories?post=39358"},{"taxonomy":"post_tag","embeddable":true,"href":"https:\/\/www.schiebener.net\/wordpress\/wp-json\/wp\/v2\/tags?post=39358"}],"curies":[{"name":"wp","href":"https:\/\/api.w.org\/{rel}","templated":true}]}}