{"id":39180,"date":"2017-11-05T20:56:25","date_gmt":"2017-11-05T19:56:25","guid":{"rendered":"https:\/\/www.schiebener.net\/wordpress\/?p=39180"},"modified":"2017-11-05T20:56:25","modified_gmt":"2017-11-05T19:56:25","slug":"luebecker-buergermeisterwahl-kathrin-weiher-buendnis-mit-57-prozent-vor-jan-lindenau-spd-stichwahl-am-19-11-2017","status":"publish","type":"post","link":"https:\/\/www.schiebener.net\/wordpress\/luebecker-buergermeisterwahl-kathrin-weiher-buendnis-mit-57-prozent-vor-jan-lindenau-spd-stichwahl-am-19-11-2017\/","title":{"rendered":"L\u00fcbecker B\u00fcrgermeisterwahl: Kathrin Weiher (B\u00fcndnis) mit 5,7 Prozent vor Jan Lindenau (SPD). Stichwahl am 19. 11. 2017."},"content":{"rendered":"<figure id=\"attachment_39181\" aria-describedby=\"caption-attachment-39181\" style=\"width: 700px\" class=\"wp-caption aligncenter\"><a href=\"https:\/\/www.schiebener.net\/wordpress\/wp-content\/uploads\/2017\/11\/LuebeckBMWahl2017110502.jpg\" target=\"_blank\" rel=\"noopener\"><img loading=\"lazy\" decoding=\"async\" class=\"wp-image-39181\" src=\"https:\/\/www.schiebener.net\/wordpress\/wp-content\/uploads\/2017\/11\/LuebeckBMWahl2017110502.jpg\" alt=\"\" width=\"700\" height=\"434\" srcset=\"https:\/\/www.schiebener.net\/wordpress\/wp-content\/uploads\/2017\/11\/LuebeckBMWahl2017110502.jpg 1409w, https:\/\/www.schiebener.net\/wordpress\/wp-content\/uploads\/2017\/11\/LuebeckBMWahl2017110502-300x186.jpg 300w, https:\/\/www.schiebener.net\/wordpress\/wp-content\/uploads\/2017\/11\/LuebeckBMWahl2017110502-768x476.jpg 768w, https:\/\/www.schiebener.net\/wordpress\/wp-content\/uploads\/2017\/11\/LuebeckBMWahl2017110502-1024x635.jpg 1024w\" sizes=\"auto, (max-width: 709px) 85vw, (max-width: 909px) 67vw, (max-width: 984px) 61vw, (max-width: 1362px) 45vw, 600px\" \/><\/a><figcaption id=\"caption-attachment-39181\" class=\"wp-caption-text\">Der unterlegene SPD B\u00fcrgermeister-Kandidat muss seine Chance in der Stichwahl suchen. (screenshot)<\/figcaption><\/figure>\n<p><strong>Gestern hatte ich <a href=\"https:\/\/www.schiebener.net\/wordpress\/das-problem-der-spd-in-zwei-luebecker-wahlplakaten-zur-buergermeisterwahl-2017\/\" target=\"_blank\" rel=\"noopener\">\u00fcber das Problem der L\u00fcbecker SPD<\/a> geschrieben. Heute Abend ist klar, dass die parteilose Kathrin Weiher am 19.\u00a0November in der Stichwahl gegen den Sozialdemokraten Jan Lindenau antreten wird.<\/strong><\/p>\n<p>Im heutigen ersten Wahlgang hat sie eine Vorsprung von 5,7%.<\/p>\n<p>Kathrin Weiher wurde, wie berichtet, von einem bemerkenswerten B\u00fcndnis von CDU bis hin zur Linken unterst\u00fctzt.<\/p>\n<p>Der drittplatzierte Kandidat Detlev Stolzenberg -unabh\u00e4ngig, vormals Piraten- hat immerhin noch 20,4 Prozent der Stimmen erhalten.<\/p>\n<p>Da er als Drittplatzierter bei der Stichwahl zwischen Weiher und Lindenau nicht mehr antritt, k\u00f6nnte seine Wahlempfehlung den Ausschlag f\u00fcr die oder den zuk\u00fcnftigen L\u00fcbecker B\u00fcrgermeisterIn geben.<\/p>\n<p>Festlegen wollte sich Stolzenberg, <a href=\"http:\/\/www.ln-online.de\/Lokales\/Luebeck\/Stichwahl-zwischen-Weiher-und-Lindenau\" target=\"_blank\" rel=\"noopener\">so die L\u00fcbecker Nachrichten<\/a>, heute Abend noch nicht.<\/p>\n<p>Die Ergebnisse der Wahlen bis hinab in die einzelnen Wahlbezirke kann man hier nachschauen:<\/p>\n<p><a href=\"http:\/\/wahlen.luebeck.de\/app\/bw2017.html\" target=\"_blank\" rel=\"noopener\">http:\/\/wahlen.luebeck.de\/app\/bw2017.html<\/a><\/p>\n","protected":false},"excerpt":{"rendered":"<p>Gestern hatte ich \u00fcber das Problem der L\u00fcbecker SPD geschrieben. Heute Abend ist klar, dass die parteilose Kathrin Weiher am 19.\u00a0November in der Stichwahl gegen den Sozialdemokraten Jan Lindenau antreten &hellip; <a href=\"https:\/\/www.schiebener.net\/wordpress\/luebecker-buergermeisterwahl-kathrin-weiher-buendnis-mit-57-prozent-vor-jan-lindenau-spd-stichwahl-am-19-11-2017\/\" class=\"more-link\"><span class=\"screen-reader-text\">\u201eL\u00fcbecker B\u00fcrgermeisterwahl: Kathrin Weiher (B\u00fcndnis) mit 5,7 Prozent vor Jan Lindenau (SPD). Stichwahl am 19. 11. 2017.\u201c <\/span>weiterlesen<\/a><\/p>\n","protected":false},"author":3,"featured_media":0,"comment_status":"open","ping_status":"open","sticky":false,"template":"","format":"standard","meta":{"footnotes":""},"categories":[174,24,2729],"tags":[7043,7049,7044,7045,13],"class_list":["post-39180","post","type-post","status-publish","format-standard","hentry","category-dit-und-dat","category-politik","category-reisen","tag-buergermeisterwahl-luebeck-2017","tag-detlev-stolzenberg","tag-jan-lindenau","tag-kathrin-weiher","tag-spd"],"_links":{"self":[{"href":"https:\/\/www.schiebener.net\/wordpress\/wp-json\/wp\/v2\/posts\/39180","targetHints":{"allow":["GET"]}}],"collection":[{"href":"https:\/\/www.schiebener.net\/wordpress\/wp-json\/wp\/v2\/posts"}],"about":[{"href":"https:\/\/www.schiebener.net\/wordpress\/wp-json\/wp\/v2\/types\/post"}],"author":[{"embeddable":true,"href":"https:\/\/www.schiebener.net\/wordpress\/wp-json\/wp\/v2\/users\/3"}],"replies":[{"embeddable":true,"href":"https:\/\/www.schiebener.net\/wordpress\/wp-json\/wp\/v2\/comments?post=39180"}],"version-history":[{"count":0,"href":"https:\/\/www.schiebener.net\/wordpress\/wp-json\/wp\/v2\/posts\/39180\/revisions"}],"wp:attachment":[{"href":"https:\/\/www.schiebener.net\/wordpress\/wp-json\/wp\/v2\/media?parent=39180"}],"wp:term":[{"taxonomy":"category","embeddable":true,"href":"https:\/\/www.schiebener.net\/wordpress\/wp-json\/wp\/v2\/categories?post=39180"},{"taxonomy":"post_tag","embeddable":true,"href":"https:\/\/www.schiebener.net\/wordpress\/wp-json\/wp\/v2\/tags?post=39180"}],"curies":[{"name":"wp","href":"https:\/\/api.w.org\/{rel}","templated":true}]}}