{"id":39174,"date":"2017-11-04T23:06:26","date_gmt":"2017-11-04T22:06:26","guid":{"rendered":"https:\/\/www.schiebener.net\/wordpress\/?p=39174"},"modified":"2017-11-04T23:06:26","modified_gmt":"2017-11-04T22:06:26","slug":"in-memoriam-rene-goscinny","status":"publish","type":"post","link":"https:\/\/www.schiebener.net\/wordpress\/in-memoriam-rene-goscinny\/","title":{"rendered":"In Memoriam Ren\u00e9 Goscinny"},"content":{"rendered":"<p><strong><a href=\"https:\/\/de.wikipedia.org\/wiki\/Ren%C3%A9_Goscinny\" target=\"_blank\" rel=\"noopener\">Ren\u00e9 Goscinny &#8211; *14.08.1926 \u00b7 \u202005.11.1977<\/a><br \/>\n<\/strong><br \/>\nhttps:\/\/www.youtube.com\/watch?v=NYGe5MxZ_JM<\/p>\n<blockquote><p><strong>Als Zeichner hat Ren\u00e9 Goscinny kein Gl\u00fcck. 1945 ist der 19-J\u00e4hrige nach New York gekommen, um Comicfiguren f\u00fcr Walt Disney zu zeichnen. In dessen Studios blitzt er jedoch ab. Auch andere Verleger sind von seinen Mappen nicht begeistert. <\/strong><\/p>\n<p>Schlie\u00dflich darf er zumindest Postkarten kolorieren und Bilderb\u00fccher illustrieren. Aber dann lernt er den Belgier Morris kennen, den Erfinder des einsamen Comiccowboys Lucky Luke, f\u00fcr dessen Abenteuer Goscinny die Szenarien und Texte schreiben darf. Es ist der Beginn einer beispiellosen Karriere als weltbester Sprechblasenautor, deren H\u00f6hepunkt die Alben von &#8222;Asterix und Obelix&#8220; sind. [<a href=\"http:\/\/www1.wdr.de\/stichtag\/stichtag2710.html\" target=\"_blank\" rel=\"noopener\">mehr &#8230;<\/a>]<\/p>\n<p>Quelle: WDR | Sendereihe &#8222;Stichtag&#8220;, 05.11.2007<\/p><\/blockquote>\n<p>Die im YouTube-Clip gezeigte Dokumentation wurde erstmals am 08.10.2017 auf <a href=\"https:\/\/www.arte.tv\/de\/videos\/076641-000-A\/rene-goscinny-der-autor-von-asterix-und-co\/\" target=\"_blank\" rel=\"noopener\">ARTE<\/a> ausgestrahlt. Sie ist dort noch bis zum 06.01.2018 abrufbar.<\/p>\n<p>Das Museum f\u00fcr J\u00fcdische Kunst und Geschichte in Paris (<a href=\"https:\/\/www.mahj.org\/fr\/programme\/rene-goscinny-au-dela-du-rire-74202\" target=\"_blank\" rel=\"noopener\">mahj<\/a>) organisierte 40 Jahre nach seinem Tod die erste Retrospektive f\u00fcr den Drehbuchautor und Schriftsteller Ren\u00e9 Goscinny. Die Ausstellung endet am 04.03.2018.<\/p>\n","protected":false},"excerpt":{"rendered":"<p>Ren\u00e9 Goscinny &#8211; *14.08.1926 \u00b7 \u202005.11.1977 https:\/\/www.youtube.com\/watch?v=NYGe5MxZ_JM Als Zeichner hat Ren\u00e9 Goscinny kein Gl\u00fcck. 1945 ist der 19-J\u00e4hrige nach New York gekommen, um Comicfiguren f\u00fcr Walt Disney zu zeichnen. In &hellip; <a href=\"https:\/\/www.schiebener.net\/wordpress\/in-memoriam-rene-goscinny\/\" class=\"more-link\"><span class=\"screen-reader-text\">\u201eIn Memoriam Ren\u00e9 Goscinny\u201c <\/span>weiterlesen<\/a><\/p>\n","protected":false},"author":64,"featured_media":0,"comment_status":"open","ping_status":"open","sticky":false,"template":"","format":"standard","meta":{"footnotes":""},"categories":[674,854,2782],"tags":[7048],"class_list":["post-39174","post","type-post","status-publish","format-standard","hentry","category-kultur","category-kunst","category-satire","tag-rene-goscinny"],"_links":{"self":[{"href":"https:\/\/www.schiebener.net\/wordpress\/wp-json\/wp\/v2\/posts\/39174","targetHints":{"allow":["GET"]}}],"collection":[{"href":"https:\/\/www.schiebener.net\/wordpress\/wp-json\/wp\/v2\/posts"}],"about":[{"href":"https:\/\/www.schiebener.net\/wordpress\/wp-json\/wp\/v2\/types\/post"}],"author":[{"embeddable":true,"href":"https:\/\/www.schiebener.net\/wordpress\/wp-json\/wp\/v2\/users\/64"}],"replies":[{"embeddable":true,"href":"https:\/\/www.schiebener.net\/wordpress\/wp-json\/wp\/v2\/comments?post=39174"}],"version-history":[{"count":0,"href":"https:\/\/www.schiebener.net\/wordpress\/wp-json\/wp\/v2\/posts\/39174\/revisions"}],"wp:attachment":[{"href":"https:\/\/www.schiebener.net\/wordpress\/wp-json\/wp\/v2\/media?parent=39174"}],"wp:term":[{"taxonomy":"category","embeddable":true,"href":"https:\/\/www.schiebener.net\/wordpress\/wp-json\/wp\/v2\/categories?post=39174"},{"taxonomy":"post_tag","embeddable":true,"href":"https:\/\/www.schiebener.net\/wordpress\/wp-json\/wp\/v2\/tags?post=39174"}],"curies":[{"name":"wp","href":"https:\/\/api.w.org\/{rel}","templated":true}]}}