{"id":39154,"date":"2017-11-04T00:34:55","date_gmt":"2017-11-03T23:34:55","guid":{"rendered":"https:\/\/www.schiebener.net\/wordpress\/?p=39154"},"modified":"2017-11-04T12:28:48","modified_gmt":"2017-11-04T11:28:48","slug":"das-problem-der-spd-in-zwei-luebecker-wahlplakaten-zur-buergermeisterwahl-2017","status":"publish","type":"post","link":"https:\/\/www.schiebener.net\/wordpress\/das-problem-der-spd-in-zwei-luebecker-wahlplakaten-zur-buergermeisterwahl-2017\/","title":{"rendered":"Das Problem der SPD: zwei L\u00fcbecker Wahlplakate zur B\u00fcrgermeisterwahl am 5. November 2017"},"content":{"rendered":"<figure id=\"attachment_39155\" aria-describedby=\"caption-attachment-39155\" style=\"width: 700px\" class=\"wp-caption aligncenter\"><a href=\"https:\/\/www.schiebener.net\/wordpress\/wp-content\/uploads\/2017\/11\/LuebeckBMWahl2017110501.jpg\" target=\"_blank\" rel=\"noopener\"><img loading=\"lazy\" decoding=\"async\" class=\"wp-image-39155\" src=\"https:\/\/www.schiebener.net\/wordpress\/wp-content\/uploads\/2017\/11\/LuebeckBMWahl2017110501.jpg\" alt=\"\" width=\"700\" height=\"1260\" srcset=\"https:\/\/www.schiebener.net\/wordpress\/wp-content\/uploads\/2017\/11\/LuebeckBMWahl2017110501.jpg 1024w, https:\/\/www.schiebener.net\/wordpress\/wp-content\/uploads\/2017\/11\/LuebeckBMWahl2017110501-167x300.jpg 167w, https:\/\/www.schiebener.net\/wordpress\/wp-content\/uploads\/2017\/11\/LuebeckBMWahl2017110501-768x1382.jpg 768w, https:\/\/www.schiebener.net\/wordpress\/wp-content\/uploads\/2017\/11\/LuebeckBMWahl2017110501-569x1024.jpg 569w\" sizes=\"auto, (max-width: 709px) 85vw, (max-width: 909px) 67vw, (max-width: 984px) 61vw, (max-width: 1362px) 45vw, 600px\" \/><\/a><figcaption id=\"caption-attachment-39155\" class=\"wp-caption-text\">Eine\/r wird gewinnen, aber das Plakat von Kathrin Weiher hat mich schon umgehauen. (foto: zoom)<\/figcaption><\/figure>\n<p><strong>W\u00e4hrend meines ersten Urlaubstags an der Ostsee blieb ich erstaunt vor einem\u00a0 Plakat der B\u00fcrgermeisterkandidatin Kathrin Weiher in einer Nebenstra\u00dfe von Travem\u00fcnde stehen.<\/strong><\/p>\n<p>Ich musste meine Augen reiben. Mehrmals. Die Kandidatin wird von einem B\u00fcndnis unterst\u00fctzt, welches von CDU bis zur Linken, mitten drin die Gr\u00fcnen, die FDP und die B\u00fcrgerliste f\u00fcr L\u00fcbeck, reicht.<\/p>\n<p>L\u00fcbeck war bislang eine sichere SPD-Hochburg. Der letzte SPD-BM hat drei Wahlperioden amtiert.\u00a0 In L\u00fcbeck war noch nie eine Frau B\u00fcrgermeisterin.\u00a0 Seit der Stadtgr\u00fcndung nicht. Keine Frau.<\/p>\n<p>In meiner alten politischen Welt h\u00e4tte ich mir ein &#8222;breites B\u00fcndnis&#8220; von SPD(!), Gr\u00fcnen, BfL und Linken gegen einen \u00fcberm\u00e4chtigen CDU- B\u00fcrgermeister vorstellen k\u00f6nnen, aber ein B\u00fcndnis von CDU &#8230; Linke gegen die SPD?<\/p>\n<p>Die SPD hat ein Problem, selbst wenn der Banker Jan Lindenau plakatm\u00e4\u00dfig \u00fcber Kathrin Weiher thront; selbst wenn er am Ende die Wahlen gewinnen sollte.<\/p>\n<p><del><strong>Die SPD ist nicht mehr Teil der Bewegungen, die Bewegungen richten sich teilweise gegen die SPD.<\/strong><\/del><\/p>\n<p>Update: den letzten Satz habe ich gestrichen, weil ich den Begriff &#8222;Bewegung&#8220; bzw. &#8222;Bewegungen&#8220; f\u00fcr problematisch halte. &#8222;Bewegung&#8220; ist einer der Schl\u00fcsselbegriffe der LTI, die Victor Klemperer so klug analysiert hat. Ich denke, dass der Artikel auch ohne diese Zeile auskommt.<\/p>\n","protected":false},"excerpt":{"rendered":"<p>W\u00e4hrend meines ersten Urlaubstags an der Ostsee blieb ich erstaunt vor einem\u00a0 Plakat der B\u00fcrgermeisterkandidatin Kathrin Weiher in einer Nebenstra\u00dfe von Travem\u00fcnde stehen. Ich musste meine Augen reiben. Mehrmals. Die &hellip; <a href=\"https:\/\/www.schiebener.net\/wordpress\/das-problem-der-spd-in-zwei-luebecker-wahlplakaten-zur-buergermeisterwahl-2017\/\" class=\"more-link\"><span class=\"screen-reader-text\">\u201eDas Problem der SPD: zwei L\u00fcbecker Wahlplakate zur B\u00fcrgermeisterwahl am 5. November 2017\u201c <\/span>weiterlesen<\/a><\/p>\n","protected":false},"author":3,"featured_media":0,"comment_status":"open","ping_status":"open","sticky":false,"template":"","format":"standard","meta":{"footnotes":""},"categories":[174,24,2729],"tags":[7043,7044,7045,13],"class_list":["post-39154","post","type-post","status-publish","format-standard","hentry","category-dit-und-dat","category-politik","category-reisen","tag-buergermeisterwahl-luebeck-2017","tag-jan-lindenau","tag-kathrin-weiher","tag-spd"],"_links":{"self":[{"href":"https:\/\/www.schiebener.net\/wordpress\/wp-json\/wp\/v2\/posts\/39154","targetHints":{"allow":["GET"]}}],"collection":[{"href":"https:\/\/www.schiebener.net\/wordpress\/wp-json\/wp\/v2\/posts"}],"about":[{"href":"https:\/\/www.schiebener.net\/wordpress\/wp-json\/wp\/v2\/types\/post"}],"author":[{"embeddable":true,"href":"https:\/\/www.schiebener.net\/wordpress\/wp-json\/wp\/v2\/users\/3"}],"replies":[{"embeddable":true,"href":"https:\/\/www.schiebener.net\/wordpress\/wp-json\/wp\/v2\/comments?post=39154"}],"version-history":[{"count":0,"href":"https:\/\/www.schiebener.net\/wordpress\/wp-json\/wp\/v2\/posts\/39154\/revisions"}],"wp:attachment":[{"href":"https:\/\/www.schiebener.net\/wordpress\/wp-json\/wp\/v2\/media?parent=39154"}],"wp:term":[{"taxonomy":"category","embeddable":true,"href":"https:\/\/www.schiebener.net\/wordpress\/wp-json\/wp\/v2\/categories?post=39154"},{"taxonomy":"post_tag","embeddable":true,"href":"https:\/\/www.schiebener.net\/wordpress\/wp-json\/wp\/v2\/tags?post=39154"}],"curies":[{"name":"wp","href":"https:\/\/api.w.org\/{rel}","templated":true}]}}