{"id":39000,"date":"2017-10-18T21:19:59","date_gmt":"2017-10-18T20:19:59","guid":{"rendered":"https:\/\/www.schiebener.net\/wordpress\/?p=39000"},"modified":"2017-10-18T21:19:59","modified_gmt":"2017-10-18T20:19:59","slug":"dirk-wiese-neuer-sprecher-der-suedwestfalen-spd","status":"publish","type":"post","link":"https:\/\/www.schiebener.net\/wordpress\/dirk-wiese-neuer-sprecher-der-suedwestfalen-spd\/","title":{"rendered":"Dirk Wiese neuer Sprecher der S\u00fcdwestfalen SPD"},"content":{"rendered":"<figure id=\"attachment_38691\" aria-describedby=\"caption-attachment-38691\" style=\"width: 166px\" class=\"wp-caption alignleft\"><img loading=\"lazy\" decoding=\"async\" class=\" wp-image-38691\" src=\"https:\/\/www.schiebener.net\/wordpress\/wp-content\/uploads\/2017\/09\/DW20170915.jpg\" alt=\"\" width=\"166\" height=\"209\" srcset=\"https:\/\/www.schiebener.net\/wordpress\/wp-content\/uploads\/2017\/09\/DW20170915.jpg 320w, https:\/\/www.schiebener.net\/wordpress\/wp-content\/uploads\/2017\/09\/DW20170915-239x300.jpg 239w\" sizes=\"auto, (max-width: 166px) 85vw, 166px\" \/><figcaption id=\"caption-attachment-38691\" class=\"wp-caption-text\">Dirk Wiese wird Nachfolger von Willi Brase. (foto: spd)<\/figcaption><\/figure>\n<p><strong>Der Bundestagsabgeordnete Dirk Wiese wird neuer Sprecher der S\u00fcdwestfalen-SPD. Zun\u00e4chst tritt er kommissarisch die Nachfolge von Willi Brase an, der bei der vergangenen Wahl nicht mehr f\u00fcr den Bundestag kandidiert hat. <\/strong><\/p>\n<p><em>(Dies ist eine Pressemitteilung der SPD)<\/em><\/p>\n<p>Im kommenden Jahr soll Wiese dann offiziell zum neuen Sprecher bestimmt werden. \u201eIch freue mich darauf auf die Aufgabe\u201c, erkl\u00e4rt Wiese nach seiner Wahl. Die f\u00fcnf Unterbezirke der S\u00fcdwestfalen- Arbeitsgemeinschaft wollen mit Wiese als neuem Sprecher die Interessen des heimischen Raumes auf Landesebene in D\u00fcsseldorf und auf Bundesebene in Berlin st\u00e4rker vertreten.<\/p>\n<p>\u201eWir wollen st\u00e4rker als S\u00fcdwestfalen wahrgenommen werden\u201c, sagt der Sauerl\u00e4nder SPD-Bundestagsabgeordnete Dirk Wiese. \u201eS\u00fcdwestfalen ist eine der st\u00e4rksten Industrieregionen und somit Produktionsst\u00e4tten Deutschlands. Es stellt als Industrie- und Technologiestandort ein Positiv-Beispiel einer prosperierenden Region im metropolenfernen, l\u00e4ndlichen Raum NRWs dar.<\/p>\n<p>Die SPD S\u00fcdwestfalen steht dabei eng an der Seite der Arbeitnehmerinnen und Arbeitnehmer, welche die Industrieregion mit ihrer H\u00e4nde Arbeit so erfolgreich gemacht haben.\u201c<\/p>\n<p>In der S\u00fcdwestfalen SPD arbeiten die Europa-, Landtags- und Bundestagsabgeordneten, der Regionalrat bei der Bezirksregierung Arnsberg sowie mit weiteren Vertretern der SPD aus\u00a0der Region zusammen.<\/p>\n","protected":false},"excerpt":{"rendered":"<p>Der Bundestagsabgeordnete Dirk Wiese wird neuer Sprecher der S\u00fcdwestfalen-SPD. Zun\u00e4chst tritt er kommissarisch die Nachfolge von Willi Brase an, der bei der vergangenen Wahl nicht mehr f\u00fcr den Bundestag kandidiert &hellip; <a href=\"https:\/\/www.schiebener.net\/wordpress\/dirk-wiese-neuer-sprecher-der-suedwestfalen-spd\/\" class=\"more-link\"><span class=\"screen-reader-text\">\u201eDirk Wiese neuer Sprecher der S\u00fcdwestfalen SPD\u201c <\/span>weiterlesen<\/a><\/p>\n","protected":false},"author":17,"featured_media":0,"comment_status":"open","ping_status":"open","sticky":false,"template":"","format":"standard","meta":{"footnotes":""},"categories":[303,80,24,1043],"tags":[3104,655,13,1436],"class_list":["post-39000","post","type-post","status-publish","format-standard","hentry","category-in-unserem-briefkasten","category-lokales","category-politik","category-pressemitteilungen","tag-dirk-wiese","tag-pressemitteilung","tag-spd","tag-sudwestfalen"],"_links":{"self":[{"href":"https:\/\/www.schiebener.net\/wordpress\/wp-json\/wp\/v2\/posts\/39000","targetHints":{"allow":["GET"]}}],"collection":[{"href":"https:\/\/www.schiebener.net\/wordpress\/wp-json\/wp\/v2\/posts"}],"about":[{"href":"https:\/\/www.schiebener.net\/wordpress\/wp-json\/wp\/v2\/types\/post"}],"author":[{"embeddable":true,"href":"https:\/\/www.schiebener.net\/wordpress\/wp-json\/wp\/v2\/users\/17"}],"replies":[{"embeddable":true,"href":"https:\/\/www.schiebener.net\/wordpress\/wp-json\/wp\/v2\/comments?post=39000"}],"version-history":[{"count":0,"href":"https:\/\/www.schiebener.net\/wordpress\/wp-json\/wp\/v2\/posts\/39000\/revisions"}],"wp:attachment":[{"href":"https:\/\/www.schiebener.net\/wordpress\/wp-json\/wp\/v2\/media?parent=39000"}],"wp:term":[{"taxonomy":"category","embeddable":true,"href":"https:\/\/www.schiebener.net\/wordpress\/wp-json\/wp\/v2\/categories?post=39000"},{"taxonomy":"post_tag","embeddable":true,"href":"https:\/\/www.schiebener.net\/wordpress\/wp-json\/wp\/v2\/tags?post=39000"}],"curies":[{"name":"wp","href":"https:\/\/api.w.org\/{rel}","templated":true}]}}