{"id":38990,"date":"2017-10-17T19:24:53","date_gmt":"2017-10-17T18:24:53","guid":{"rendered":"https:\/\/www.schiebener.net\/wordpress\/?p=38990"},"modified":"2017-10-17T19:29:14","modified_gmt":"2017-10-17T18:29:14","slug":"heike-adami-in-der-galerie-eifel-kunst-eine-familiengeschichte-des-21-jahrhunderts-im-israelisch-palaestinensischen-gebiet","status":"publish","type":"post","link":"https:\/\/www.schiebener.net\/wordpress\/heike-adami-in-der-galerie-eifel-kunst-eine-familiengeschichte-des-21-jahrhunderts-im-israelisch-palaestinensischen-gebiet\/","title":{"rendered":"Heike Adami in der Galerie Eifel Kunst: Eine Familiengeschichte des 21. Jahrhunderts im israelisch-pal\u00e4stinensischen Gebiet"},"content":{"rendered":"<p><img loading=\"lazy\" decoding=\"async\" class=\"aligncenter size-full wp-image-38991\" src=\"https:\/\/www.schiebener.net\/wordpress\/wp-content\/uploads\/2017\/10\/HeikeAdami.jpg\" alt=\"\" width=\"700\" height=\"990\" srcset=\"https:\/\/www.schiebener.net\/wordpress\/wp-content\/uploads\/2017\/10\/HeikeAdami.jpg 700w, https:\/\/www.schiebener.net\/wordpress\/wp-content\/uploads\/2017\/10\/HeikeAdami-212x300.jpg 212w\" sizes=\"auto, (max-width: 709px) 85vw, (max-width: 909px) 67vw, (max-width: 984px) 61vw, (max-width: 1362px) 45vw, 600px\" \/><\/p>\n<p><strong>Sehr geehrte Damen und Herren, liebe Freundinnen und Freunde der Galerie Eifel Kunst,<\/strong><\/p>\n<p><strong>zur Lesung mit der Augsburgerin Heike Adami lade ich Sie \/Euch in die Galerie Eifel Kunst ein. Am Sonntag, dem 22. Oktober 2017 liest die Autorin aus ihrem neuen Buch DIE UN-VOLLENDETE.<\/strong><\/p>\n<p><strong>Eine Familiengeschichte des 21. Jahrhunderts im israelisch-pal\u00e4stinensischen Gebiet<\/strong><\/p>\n<p>Heike Adami, Jahrgang 1963, lebt und arbeitet in Augsburg. \u00dcber einen Umweg fand sie die Freude am Schreiben, der sie sich seit 2010 mit Liebe widmet. Sie schreibt authentische Romane mit Recherche vor Ort. Ihr pers\u00f6nlicher Bezug zu ihren B\u00fcchern, schenken dem Leser das Gef\u00fchl, die Geschichte im Moment des Lesens selbst zu erleben.<\/p>\n<p>Wer bei UN-VOLLENDETE, das in Pal\u00e4stina spielt, an Beethovens 9. Sinfonie denkt, liegt hier genau richtig. Und wer an die Vereinten Nationen denkt, ebenfalls. Beide Namen bilden den Hintergrund der Geschichte von drei jungen M\u00e4nnern, die gemeinsam durch Pal\u00e4stina und Israel touren und einem Geheimnis auf der Spur sind. Mit Bashar, dem arabisch-st\u00e4mmigen Amerikaner, Abdul, dem Sohn des Pal\u00e4stinenser-Pr\u00e4sidenten und Jonah, dem israelischen Elitesoldaten, treffen drei Kulturen aufeinander, die politisch nicht kontroverser sein k\u00f6nnten. Explosiv die Stimmung der ersten Begegnungen, hitzig die Diskussionen \u00fcber Geschichte und Gegenwart des \u00bbgelobten Landes\u00ab.<\/p>\n<p>Die beiden Cousins, der halbj\u00fcdische Jonah und der muslimische Bashar, treffen sich an der Gr\u00fcnen Linie. Sie erleben den Nah-Ost-Konflikt hautnah.<\/p>\n<p>Ein authentischer Roman. Ein Roman, in dem Realit\u00e4t und Fantasie, Vergangenheit und Gegenwart so verkn\u00fcpft sind, dass sich Friede zum Leitmotiv der Welt entwickeln kann.<\/p>\n<p>Ein Roman, der mit v\u00f6lkerverst\u00e4ndigenden Aspekten gespickt ist. Die Kraft aus dem 4. Satz Beethovens Neunter Symphonie, verbunden mit Fu\u00dfball in einer dramatischen Familiengeschichte an der \u201eGr\u00fcnen Linie\u201c, m\u00f6ge den Leser zum Nachdenken anregen und eine neue Vision auf den Weg zum Frieden zeigen.<\/p>\n<p>Die UN-VOLLENDETE basiert auf Heike Adamis Familienkonstellation, mit j\u00fcdischen und muslimischen Enkeln. Intensive Recherche vor Ort verleiht dem Buch eine noch w\u00fcrzigere Authentizit\u00e4t.<\/p>\n<p><strong>Die Lesung findet am 22. Oktober 2017, um 15 Uhr in der Galerie Eifel Kunst, Schleidener Stra\u00dfe 1, 53937 Gem\u00fcnd statt. Der Eintritt ist frei.<\/strong><\/p>\n<p><strong>Herzliche Gr\u00fc\u00dfe<\/p>\n<p>Marita Rauchberger<\/p>\n<p>Galerie Eifel Kunst<\/strong><\/p>\n","protected":false},"excerpt":{"rendered":"<p>Sehr geehrte Damen und Herren, liebe Freundinnen und Freunde der Galerie Eifel Kunst, zur Lesung mit der Augsburgerin Heike Adami lade ich Sie \/Euch in die Galerie Eifel Kunst ein. &hellip; <a href=\"https:\/\/www.schiebener.net\/wordpress\/heike-adami-in-der-galerie-eifel-kunst-eine-familiengeschichte-des-21-jahrhunderts-im-israelisch-palaestinensischen-gebiet\/\" class=\"more-link\"><span class=\"screen-reader-text\">\u201eHeike Adami in der Galerie Eifel Kunst: Eine Familiengeschichte des 21. Jahrhunderts im israelisch-pal\u00e4stinensischen Gebiet\u201c <\/span>weiterlesen<\/a><\/p>\n","protected":false},"author":17,"featured_media":0,"comment_status":"open","ping_status":"open","sticky":false,"template":"","format":"standard","meta":{"footnotes":""},"categories":[218,319,303,674,1043],"tags":[5970,7009,1418,4062,655],"class_list":["post-38990","post","type-post","status-publish","format-standard","hentry","category-bucher","category-geschichte","category-in-unserem-briefkasten","category-kultur","category-pressemitteilungen","tag-galerie-eifelkunst","tag-heike-adami","tag-israel","tag-palastina","tag-pressemitteilung"],"_links":{"self":[{"href":"https:\/\/www.schiebener.net\/wordpress\/wp-json\/wp\/v2\/posts\/38990","targetHints":{"allow":["GET"]}}],"collection":[{"href":"https:\/\/www.schiebener.net\/wordpress\/wp-json\/wp\/v2\/posts"}],"about":[{"href":"https:\/\/www.schiebener.net\/wordpress\/wp-json\/wp\/v2\/types\/post"}],"author":[{"embeddable":true,"href":"https:\/\/www.schiebener.net\/wordpress\/wp-json\/wp\/v2\/users\/17"}],"replies":[{"embeddable":true,"href":"https:\/\/www.schiebener.net\/wordpress\/wp-json\/wp\/v2\/comments?post=38990"}],"version-history":[{"count":0,"href":"https:\/\/www.schiebener.net\/wordpress\/wp-json\/wp\/v2\/posts\/38990\/revisions"}],"wp:attachment":[{"href":"https:\/\/www.schiebener.net\/wordpress\/wp-json\/wp\/v2\/media?parent=38990"}],"wp:term":[{"taxonomy":"category","embeddable":true,"href":"https:\/\/www.schiebener.net\/wordpress\/wp-json\/wp\/v2\/categories?post=38990"},{"taxonomy":"post_tag","embeddable":true,"href":"https:\/\/www.schiebener.net\/wordpress\/wp-json\/wp\/v2\/tags?post=38990"}],"curies":[{"name":"wp","href":"https:\/\/api.w.org\/{rel}","templated":true}]}}