{"id":38963,"date":"2017-10-15T21:44:34","date_gmt":"2017-10-15T20:44:34","guid":{"rendered":"https:\/\/www.schiebener.net\/wordpress\/?p=38963"},"modified":"2017-10-15T22:03:01","modified_gmt":"2017-10-15T21:03:01","slug":"oesterreich-niedersachsen-marburg-wahlflucht","status":"publish","type":"post","link":"https:\/\/www.schiebener.net\/wordpress\/oesterreich-niedersachsen-marburg-wahlflucht\/","title":{"rendered":"\u00d6sterreich, Niedersachsen, Marburg &#8230; Wahlflucht"},"content":{"rendered":"<figure id=\"attachment_38964\" aria-describedby=\"caption-attachment-38964\" style=\"width: 700px\" class=\"wp-caption aligncenter\"><a href=\"https:\/\/www.schiebener.net\/wordpress\/wp-content\/uploads\/2017\/10\/Marburg2017101503.jpg\" target=\"_blank\" rel=\"noopener\"><img loading=\"lazy\" decoding=\"async\" class=\"wp-image-38964\" src=\"https:\/\/www.schiebener.net\/wordpress\/wp-content\/uploads\/2017\/10\/Marburg2017101503.jpg\" alt=\"\" width=\"700\" height=\"467\" srcset=\"https:\/\/www.schiebener.net\/wordpress\/wp-content\/uploads\/2017\/10\/Marburg2017101503.jpg 1024w, https:\/\/www.schiebener.net\/wordpress\/wp-content\/uploads\/2017\/10\/Marburg2017101503-300x200.jpg 300w, https:\/\/www.schiebener.net\/wordpress\/wp-content\/uploads\/2017\/10\/Marburg2017101503-768x512.jpg 768w\" sizes=\"auto, (max-width: 709px) 85vw, (max-width: 909px) 67vw, (max-width: 984px) 61vw, (max-width: 1362px) 45vw, 600px\" \/><\/a><figcaption id=\"caption-attachment-38964\" class=\"wp-caption-text\">Blick von der Lahnbr\u00fccke an der Jugendherberge (foto: zoom)<\/figcaption><\/figure>\n<p><strong>Das Wetter war heute einfach nur zu gut, und mich hat es auf&#8217;s Fahrrad getrieben. Kleine Fluchten. Ab nach Hessen. Auf nach Marburg.<\/strong><\/p>\n<p>Marburg &#8211; das ist die Stadt, wo an einem warmen sonnigen Oktobersonntag gef\u00fchlt 99,9% der Menschen auf der Stra\u00dfe nicht aus Marburg kommen, sondern aus einem Reisef\u00fchrer und dem Studentenwerk.<\/p>\n<p>Und hej, wir kommen ja auch nicht aus Hessen, sondern aus dem Hochsauerland. Zum Gl\u00fcck war der Fledermaustunnel in Bromskirchen noch nicht f\u00fcr die Wintersaison geschlossen.<\/p>\n<figure id=\"attachment_38965\" aria-describedby=\"caption-attachment-38965\" style=\"width: 700px\" class=\"wp-caption aligncenter\"><img loading=\"lazy\" decoding=\"async\" class=\"size-full wp-image-38965\" src=\"https:\/\/www.schiebener.net\/wordpress\/wp-content\/uploads\/2017\/10\/Marburg2017101502.jpg\" alt=\"\" width=\"700\" height=\"1050\" srcset=\"https:\/\/www.schiebener.net\/wordpress\/wp-content\/uploads\/2017\/10\/Marburg2017101502.jpg 700w, https:\/\/www.schiebener.net\/wordpress\/wp-content\/uploads\/2017\/10\/Marburg2017101502-200x300.jpg 200w, https:\/\/www.schiebener.net\/wordpress\/wp-content\/uploads\/2017\/10\/Marburg2017101502-683x1024.jpg 683w\" sizes=\"auto, (max-width: 709px) 85vw, (max-width: 909px) 67vw, (max-width: 984px) 61vw, (max-width: 1362px) 45vw, 600px\" \/><figcaption id=\"caption-attachment-38965\" class=\"wp-caption-text\">Freie Fahrt! Der Fledermaustunnel auf dem Radweg unterhalb von Bromskirchen ist noch ge\u00f6ffnet. (foto: zoom)<\/figcaption><\/figure>\n<p>In Marburg haben wir wie schon so oft im Caf\u00e9 Vetter gesessen und uns ansonsten durch die Stadt treiben lassen. Hinauf auf&#8217;s Schloss und wieder hinunter.<\/p>\n<figure id=\"attachment_38966\" aria-describedby=\"caption-attachment-38966\" style=\"width: 700px\" class=\"wp-caption aligncenter\"><a href=\"https:\/\/www.schiebener.net\/wordpress\/wp-content\/uploads\/2017\/10\/Marburg2017101504.jpg\" target=\"_blank\" rel=\"noopener\"><img loading=\"lazy\" decoding=\"async\" class=\"wp-image-38966\" src=\"https:\/\/www.schiebener.net\/wordpress\/wp-content\/uploads\/2017\/10\/Marburg2017101504.jpg\" alt=\"\" width=\"700\" height=\"467\" srcset=\"https:\/\/www.schiebener.net\/wordpress\/wp-content\/uploads\/2017\/10\/Marburg2017101504.jpg 1024w, https:\/\/www.schiebener.net\/wordpress\/wp-content\/uploads\/2017\/10\/Marburg2017101504-300x200.jpg 300w, https:\/\/www.schiebener.net\/wordpress\/wp-content\/uploads\/2017\/10\/Marburg2017101504-768x512.jpg 768w\" sizes=\"auto, (max-width: 709px) 85vw, (max-width: 909px) 67vw, (max-width: 984px) 61vw, (max-width: 1362px) 45vw, 600px\" \/><\/a><figcaption id=\"caption-attachment-38966\" class=\"wp-caption-text\">Licht und Schatten auf dem R\u00fcckweg vom Schloss in die Innenstadt. (foto zoom)<\/figcaption><\/figure>\n<p>Auf dem Weg zur Lahn mussten wir auch noch ein R\u00e4tsel zu l\u00f6sen versuchen: &#8222;Was studierst du?&#8220;<\/p>\n<p>Keine Ahnung, was man studiert, wenn man als &#8222;Reproduktion einer kranken Gesellschaft&#8220; vor sich hin vegetiert. Jura? BWL? Oder Kunstgeschichte? Wer wei\u00df das schon?<\/p>\n<figure id=\"attachment_38968\" aria-describedby=\"caption-attachment-38968\" style=\"width: 700px\" class=\"wp-caption aligncenter\"><a href=\"https:\/\/www.schiebener.net\/wordpress\/wp-content\/uploads\/2017\/10\/Marburg2017101501.jpg\" target=\"_blank\" rel=\"noopener\"><img loading=\"lazy\" decoding=\"async\" class=\"wp-image-38968\" src=\"https:\/\/www.schiebener.net\/wordpress\/wp-content\/uploads\/2017\/10\/Marburg2017101501.jpg\" alt=\"\" width=\"700\" height=\"561\" srcset=\"https:\/\/www.schiebener.net\/wordpress\/wp-content\/uploads\/2017\/10\/Marburg2017101501.jpg 1024w, https:\/\/www.schiebener.net\/wordpress\/wp-content\/uploads\/2017\/10\/Marburg2017101501-300x241.jpg 300w, https:\/\/www.schiebener.net\/wordpress\/wp-content\/uploads\/2017\/10\/Marburg2017101501-768x616.jpg 768w\" sizes=\"auto, (max-width: 709px) 85vw, (max-width: 909px) 67vw, (max-width: 984px) 61vw, (max-width: 1362px) 45vw, 600px\" \/><\/a><figcaption id=\"caption-attachment-38968\" class=\"wp-caption-text\">Was studierst du denn? (foto: zoom)<\/figcaption><\/figure>\n<p>Auf dem Heimweg, diesmal mit dem Auto, haben uns die 18 Uhr-Nachrichten kurz vor Frankenberg erwischt.<\/p>\n<p><strong>\u00d6sterreich:<\/strong> hatte ich erwartet.<\/p>\n<p><strong>Niedersachsen:<\/strong><\/p>\n<p>Warum hat\/haben\/sind<\/p>\n<ul>\n<li>die SPD gewonnen?<\/li>\n<li>die CDU verloren?<\/li>\n<li>die Gr\u00fcnen noch mehr verloren?<\/li>\n<li>die Linken nicht reingekommen?<\/li>\n<li>die FDP so schwach?<\/li>\n<li>die AfD weniger Stimmen als erwartet?<\/li>\n<\/ul>\n","protected":false},"excerpt":{"rendered":"<p>Das Wetter war heute einfach nur zu gut, und mich hat es auf&#8217;s Fahrrad getrieben. Kleine Fluchten. Ab nach Hessen. Auf nach Marburg. Marburg &#8211; das ist die Stadt, wo &hellip; <a href=\"https:\/\/www.schiebener.net\/wordpress\/oesterreich-niedersachsen-marburg-wahlflucht\/\" class=\"more-link\"><span class=\"screen-reader-text\">\u201e\u00d6sterreich, Niedersachsen, Marburg &#8230; Wahlflucht\u201c <\/span>weiterlesen<\/a><\/p>\n","protected":false},"author":3,"featured_media":0,"comment_status":"open","ping_status":"open","sticky":false,"template":"","format":"standard","meta":{"footnotes":""},"categories":[2489,24,379],"tags":[6483,3970,4123,530],"class_list":["post-38963","post","type-post","status-publish","format-standard","hentry","category-in-eigener-sache","category-politik","category-umleitung","tag-landtagswahlen-2017","tag-marburg","tag-niedersachsen","tag-osterreich"],"_links":{"self":[{"href":"https:\/\/www.schiebener.net\/wordpress\/wp-json\/wp\/v2\/posts\/38963","targetHints":{"allow":["GET"]}}],"collection":[{"href":"https:\/\/www.schiebener.net\/wordpress\/wp-json\/wp\/v2\/posts"}],"about":[{"href":"https:\/\/www.schiebener.net\/wordpress\/wp-json\/wp\/v2\/types\/post"}],"author":[{"embeddable":true,"href":"https:\/\/www.schiebener.net\/wordpress\/wp-json\/wp\/v2\/users\/3"}],"replies":[{"embeddable":true,"href":"https:\/\/www.schiebener.net\/wordpress\/wp-json\/wp\/v2\/comments?post=38963"}],"version-history":[{"count":0,"href":"https:\/\/www.schiebener.net\/wordpress\/wp-json\/wp\/v2\/posts\/38963\/revisions"}],"wp:attachment":[{"href":"https:\/\/www.schiebener.net\/wordpress\/wp-json\/wp\/v2\/media?parent=38963"}],"wp:term":[{"taxonomy":"category","embeddable":true,"href":"https:\/\/www.schiebener.net\/wordpress\/wp-json\/wp\/v2\/categories?post=38963"},{"taxonomy":"post_tag","embeddable":true,"href":"https:\/\/www.schiebener.net\/wordpress\/wp-json\/wp\/v2\/tags?post=38963"}],"curies":[{"name":"wp","href":"https:\/\/api.w.org\/{rel}","templated":true}]}}