{"id":38750,"date":"2017-09-26T22:59:30","date_gmt":"2017-09-26T21:59:30","guid":{"rendered":"https:\/\/www.schiebener.net\/wordpress\/?p=38750"},"modified":"2017-09-26T22:59:30","modified_gmt":"2017-09-26T21:59:30","slug":"spd-erneuern","status":"publish","type":"post","link":"https:\/\/www.schiebener.net\/wordpress\/spd-erneuern\/","title":{"rendered":"SPD erneuern?"},"content":{"rendered":"<figure id=\"attachment_38751\" aria-describedby=\"caption-attachment-38751\" style=\"width: 143px\" class=\"wp-caption alignleft\"><a href=\"https:\/\/www.schiebener.net\/wordpress\/wp-content\/uploads\/2017\/09\/MarcoBuelow20170926.jpg\"><img loading=\"lazy\" decoding=\"async\" class=\" wp-image-38751\" src=\"https:\/\/www.schiebener.net\/wordpress\/wp-content\/uploads\/2017\/09\/MarcoBuelow20170926-300x240.jpg\" alt=\"\" width=\"143\" height=\"114\" srcset=\"https:\/\/www.schiebener.net\/wordpress\/wp-content\/uploads\/2017\/09\/MarcoBuelow20170926-300x240.jpg 300w, https:\/\/www.schiebener.net\/wordpress\/wp-content\/uploads\/2017\/09\/MarcoBuelow20170926-768x615.jpg 768w, https:\/\/www.schiebener.net\/wordpress\/wp-content\/uploads\/2017\/09\/MarcoBuelow20170926-1024x820.jpg 1024w, https:\/\/www.schiebener.net\/wordpress\/wp-content\/uploads\/2017\/09\/MarcoBuelow20170926.jpg 1030w\" sizes=\"auto, (max-width: 143px) 85vw, 143px\" \/><\/a><figcaption id=\"caption-attachment-38751\" class=\"wp-caption-text\">Marco B\u00fclow ist ein linker Querdenker in der SPD (foto: pressefoto \u00a9 Susie Knoll)<\/figcaption><\/figure>\n<p><strong>Anl\u00e4sslich der Bundestagswahl vom 24.09.2017 erkl\u00e4rt der Dortmunder SPD-Bundestagsabgeordnete Marco B\u00fclow <a href=\"https:\/\/www.marco-buelow.de\/spd-erneuern\/\" target=\"_blank\" rel=\"noopener\">auf seiner Website<\/a>:<\/strong><\/p>\n<p>Die <strong>Bundestagswahl ist ein Desaster<\/strong>. Hier gibt es nichts mehr sch\u00f6nzureden. Es ist deshalb gut, dass die Parteispitze eine <strong>gro\u00dfe Koalition ausgeschlossen<\/strong> hat, denn dort haben wir stark an Vertrauen und Profil eingeb\u00fc\u00dft.<\/p>\n<p>Das kurze Aufflackern mit einem neuen Vorsitzenden, kurzfristig guten Umfragen und Parteieintritten kann nicht dar\u00fcber hinwegt\u00e4uschen, dass sich <strong>sehr viele Menschen von der SPD abgewandt<\/strong> haben. Ein \u201eWeiter so\u201c wie nach den letzten beiden Bundestagswahlen darf es auch in der Opposition nicht geben. Vor allem der <strong>Markenkern der SPD, \u201edie soziale Gerechtigkeit\u201c<\/strong>, ist dabei h\u00e4ufig unter die R\u00e4der gekommen.<\/p>\n<p>Zudem wurde die SPD von oben nach unten regiert und aus einer lebendigen streitbaren Partei ist zu sehr ein Wahlverein geworden. <strong>Glaubw\u00fcrdig wird ein Neuanfang nur, wenn man Verantwortung f\u00fcr die herbe Niederlage \u00fcbernimmt.<\/strong> Dabei geht es nicht um den \u201eS\u00fcndenbock\u201c. Aber es geht sehr wohl um personelle Verantwortung, vor allem derjenigen, die schon l\u00e4nger unseren Kurs an den Schalthebeln der Partei, der Regierung und der Fraktion ma\u00dfgeblich mitbestimmt haben.<\/p>\n<p>Die SPD muss wieder demokratischer, lebendiger und moderner werden. <strong>Wir m\u00fcssen raus aus den Hinterzimmern.<\/strong> Es darf nicht sein, dass Fraktions- und Parteispitze wieder vorgegeben werden. In der SPD-Bundestagsfraktion und innerhalb der Partei muss umfassend \u00fcber eine Neuausrichtung diskutiert werden. Das bedeutet auch, dass <strong>die Basis wieder mehr und deutlicher eingebunden werden muss<\/strong>. Und wir brauchen mehr Debatten und politische Auseinandersetzungen. Die SPD war immer dann am st\u00e4rksten, als sie heftig um die Themen gerungen hat.<\/p>\n","protected":false},"excerpt":{"rendered":"<p>Anl\u00e4sslich der Bundestagswahl vom 24.09.2017 erkl\u00e4rt der Dortmunder SPD-Bundestagsabgeordnete Marco B\u00fclow auf seiner Website: Die Bundestagswahl ist ein Desaster. Hier gibt es nichts mehr sch\u00f6nzureden. Es ist deshalb gut, dass &hellip; <a href=\"https:\/\/www.schiebener.net\/wordpress\/spd-erneuern\/\" class=\"more-link\"><span class=\"screen-reader-text\">\u201eSPD erneuern?\u201c <\/span>weiterlesen<\/a><\/p>\n","protected":false},"author":60,"featured_media":0,"comment_status":"open","ping_status":"open","sticky":false,"template":"","format":"standard","meta":{"footnotes":""},"categories":[303,24],"tags":[6628,6970,13],"class_list":["post-38750","post","type-post","status-publish","format-standard","hentry","category-in-unserem-briefkasten","category-politik","tag-bundestagswahl-2017","tag-marco-buelow","tag-spd"],"_links":{"self":[{"href":"https:\/\/www.schiebener.net\/wordpress\/wp-json\/wp\/v2\/posts\/38750","targetHints":{"allow":["GET"]}}],"collection":[{"href":"https:\/\/www.schiebener.net\/wordpress\/wp-json\/wp\/v2\/posts"}],"about":[{"href":"https:\/\/www.schiebener.net\/wordpress\/wp-json\/wp\/v2\/types\/post"}],"author":[{"embeddable":true,"href":"https:\/\/www.schiebener.net\/wordpress\/wp-json\/wp\/v2\/users\/60"}],"replies":[{"embeddable":true,"href":"https:\/\/www.schiebener.net\/wordpress\/wp-json\/wp\/v2\/comments?post=38750"}],"version-history":[{"count":0,"href":"https:\/\/www.schiebener.net\/wordpress\/wp-json\/wp\/v2\/posts\/38750\/revisions"}],"wp:attachment":[{"href":"https:\/\/www.schiebener.net\/wordpress\/wp-json\/wp\/v2\/media?parent=38750"}],"wp:term":[{"taxonomy":"category","embeddable":true,"href":"https:\/\/www.schiebener.net\/wordpress\/wp-json\/wp\/v2\/categories?post=38750"},{"taxonomy":"post_tag","embeddable":true,"href":"https:\/\/www.schiebener.net\/wordpress\/wp-json\/wp\/v2\/tags?post=38750"}],"curies":[{"name":"wp","href":"https:\/\/api.w.org\/{rel}","templated":true}]}}