{"id":38704,"date":"2017-09-22T23:17:57","date_gmt":"2017-09-22T22:17:57","guid":{"rendered":"https:\/\/www.schiebener.net\/wordpress\/?p=38704"},"modified":"2017-09-22T23:17:57","modified_gmt":"2017-09-22T22:17:57","slug":"brilon-willingen-wenn-schueler-an-landes-grenzen-stossen","status":"publish","type":"post","link":"https:\/\/www.schiebener.net\/wordpress\/brilon-willingen-wenn-schueler-an-landes-grenzen-stossen\/","title":{"rendered":"Brilon &#8211; Willingen: Wenn Sch\u00fcler an (Landes-)Grenzen sto\u00dfen \u2026"},"content":{"rendered":"<p><img loading=\"lazy\" decoding=\"async\" class=\"aligncenter size-full wp-image-38707\" src=\"https:\/\/www.schiebener.net\/wordpress\/wp-content\/uploads\/2017\/09\/BrilonUplandschule20170923.jpg\" alt=\"\" width=\"700\" height=\"452\" srcset=\"https:\/\/www.schiebener.net\/wordpress\/wp-content\/uploads\/2017\/09\/BrilonUplandschule20170923.jpg 700w, https:\/\/www.schiebener.net\/wordpress\/wp-content\/uploads\/2017\/09\/BrilonUplandschule20170923-300x194.jpg 300w\" sizes=\"auto, (max-width: 709px) 85vw, (max-width: 909px) 67vw, (max-width: 984px) 61vw, (max-width: 1362px) 45vw, 600px\" \/><strong>Ungef\u00e4hr 100 Sch\u00fclerinnen und Sch\u00fcler aus Brilon besuchen die Uplandschule in Willingen. Und eine der Kreistagsfraktion Sauerl\u00e4nder B\u00fcrgerliste (SBL\/FW) unbekannte Zahl von Sch\u00fclerinnen und Sch\u00fclern pendelt von Willingen zu den Berufskollegs in Brilon und Olsberg. F\u00fcr sie alle gibt es leider keinen einheitlichen Sch\u00fclertarif, der \u201cgrenzen\u00fcbergreifend\u201d ist und sowohl in der Bahn als auch im Bus gilt.<\/strong><\/p>\n<p><em>(Der Artikel ist in \u00e4hnlicher Form heute zuerst <a href=\"http:\/\/sbl-fraktion.de\/?p=7808\" target=\"_blank\" rel=\"noopener\">auf der Website der Sauerl\u00e4nder B\u00fcrgerliste<\/a> erschienen.)<\/em><\/p>\n<p>Die SBL\/FW h\u00e4tte sich gerne bei der RLG nach deren \u00dcberlegungen und Absichten hinsichtlich einer Problem-L\u00f6sung erkundigt. Doch bei ihren mehrfachen telefonischen Nachfragen am 12.09.2017 sahen sich weder die RLG-Mitarbeiter\/innen in Brilon noch in Soest in der Lage, eine Auskunft zum Sch\u00fclerverkehr zu geben.<\/p>\n<p>Die Briloner verwiesen die Gesch\u00e4ftsf\u00fchrerin SBL\/FW nach Soest, die Soester nach Brilon. Als sie schlussendlich die Telefonnummer des zust\u00e4ndigen Mitarbeiters in Soest erhalten hatte, war dieser leider konsequent nicht erreichbar.<\/p>\n<p>Darum wandte sich die SBL\/FW am gleichen Tag noch an Landrat Dr. Karl Schneider und fragte den Verwaltungschef:<\/p>\n<ul>\n<li>Welche M\u00f6glichkeiten bestehen aus Ihrer Sicht, gemeinsam mit der RLG und ggf. anderen Beteiligten, eine praktikable und preiswerte L\u00f6sung f\u00fcr die betroffenen Sch\u00fclerinnen und Sch\u00fcler zu finden?<\/li>\n<li>Welche Verbesserungen hinsichtlich der Tarife f\u00fcr den Sch\u00fclerverkehrs zwischen Brilon und Willingen und umgekehrt k\u00f6nnten Ihrer Meinung nach umgesetzt werden?<\/li>\n<li>Gibt es konkrete Pl\u00e4ne, und falls \u201cJa\u201d, welche?<\/li>\n<\/ul>\n<p>Dann sehen wir mal weiter \u2026<\/p>\n","protected":false},"excerpt":{"rendered":"<p>Ungef\u00e4hr 100 Sch\u00fclerinnen und Sch\u00fcler aus Brilon besuchen die Uplandschule in Willingen. Und eine der Kreistagsfraktion Sauerl\u00e4nder B\u00fcrgerliste (SBL\/FW) unbekannte Zahl von Sch\u00fclerinnen und Sch\u00fclern pendelt von Willingen zu den &hellip; <a href=\"https:\/\/www.schiebener.net\/wordpress\/brilon-willingen-wenn-schueler-an-landes-grenzen-stossen\/\" class=\"more-link\"><span class=\"screen-reader-text\">\u201eBrilon &#8211; Willingen: Wenn Sch\u00fcler an (Landes-)Grenzen sto\u00dfen \u2026\u201c <\/span>weiterlesen<\/a><\/p>\n","protected":false},"author":17,"featured_media":0,"comment_status":"open","ping_status":"open","sticky":false,"template":"","format":"standard","meta":{"footnotes":""},"categories":[3,80,618],"tags":[579,4131,759,6964],"class_list":["post-38704","post","type-post","status-publish","format-standard","hentry","category-bildung-und-schule","category-lokales","category-verkehr","tag-brilon","tag-gesamtschule-willingen","tag-rlg","tag-uplandschule"],"_links":{"self":[{"href":"https:\/\/www.schiebener.net\/wordpress\/wp-json\/wp\/v2\/posts\/38704","targetHints":{"allow":["GET"]}}],"collection":[{"href":"https:\/\/www.schiebener.net\/wordpress\/wp-json\/wp\/v2\/posts"}],"about":[{"href":"https:\/\/www.schiebener.net\/wordpress\/wp-json\/wp\/v2\/types\/post"}],"author":[{"embeddable":true,"href":"https:\/\/www.schiebener.net\/wordpress\/wp-json\/wp\/v2\/users\/17"}],"replies":[{"embeddable":true,"href":"https:\/\/www.schiebener.net\/wordpress\/wp-json\/wp\/v2\/comments?post=38704"}],"version-history":[{"count":0,"href":"https:\/\/www.schiebener.net\/wordpress\/wp-json\/wp\/v2\/posts\/38704\/revisions"}],"wp:attachment":[{"href":"https:\/\/www.schiebener.net\/wordpress\/wp-json\/wp\/v2\/media?parent=38704"}],"wp:term":[{"taxonomy":"category","embeddable":true,"href":"https:\/\/www.schiebener.net\/wordpress\/wp-json\/wp\/v2\/categories?post=38704"},{"taxonomy":"post_tag","embeddable":true,"href":"https:\/\/www.schiebener.net\/wordpress\/wp-json\/wp\/v2\/tags?post=38704"}],"curies":[{"name":"wp","href":"https:\/\/api.w.org\/{rel}","templated":true}]}}