{"id":38690,"date":"2017-09-20T19:13:25","date_gmt":"2017-09-20T18:13:25","guid":{"rendered":"https:\/\/www.schiebener.net\/wordpress\/?p=38690"},"modified":"2017-09-20T19:13:25","modified_gmt":"2017-09-20T18:13:25","slug":"am-freitag-vor-der-wahl-direktkandidat-dirk-wiese-spd-vor-ort-in-winterberg","status":"publish","type":"post","link":"https:\/\/www.schiebener.net\/wordpress\/am-freitag-vor-der-wahl-direktkandidat-dirk-wiese-spd-vor-ort-in-winterberg\/","title":{"rendered":"Am Freitag vor der Wahl: Direktkandidat Dirk Wiese (SPD) vor Ort in Winterberg"},"content":{"rendered":"<figure id=\"attachment_38691\" aria-describedby=\"caption-attachment-38691\" style=\"width: 188px\" class=\"wp-caption alignleft\"><img loading=\"lazy\" decoding=\"async\" class=\" wp-image-38691\" src=\"https:\/\/www.schiebener.net\/wordpress\/wp-content\/uploads\/2017\/09\/DW20170915.jpg\" alt=\"\" width=\"188\" height=\"236\" srcset=\"https:\/\/www.schiebener.net\/wordpress\/wp-content\/uploads\/2017\/09\/DW20170915.jpg 320w, https:\/\/www.schiebener.net\/wordpress\/wp-content\/uploads\/2017\/09\/DW20170915-239x300.jpg 239w\" sizes=\"auto, (max-width: 188px) 85vw, 188px\" \/><figcaption id=\"caption-attachment-38691\" class=\"wp-caption-text\">Am Freitag vor dem EDEKA-Markt: Dirk Wiese (foto: spd)<\/figcaption><\/figure>\n<p><strong>Winterberg. Der heimische SPD-Bundestagsabgeordnete und Parlamentarische Staatssekret\u00e4r im Bundeswirtschaftsministerium, Dirk Wiese, wird am Freitag, den 22. September 2017 ab 17:00 Uhr am SPD-Stand vor dem EDEKA-Markt L\u00f6ffler in Winterberg sein.<\/strong><\/p>\n<p>Hier haben B\u00fcrgerinnen und B\u00fcrger kurz vor der Bundestagswahl die M\u00f6glichkeit mit Dirk Wiese ins Gespr\u00e4ch zu kommen, Fragen zu stellen und mit ihm \u00fcber die Politik der Zukunft zu diskutieren.<\/p>\n","protected":false},"excerpt":{"rendered":"<p>Winterberg. Der heimische SPD-Bundestagsabgeordnete und Parlamentarische Staatssekret\u00e4r im Bundeswirtschaftsministerium, Dirk Wiese, wird am Freitag, den 22. September 2017 ab 17:00 Uhr am SPD-Stand vor dem EDEKA-Markt L\u00f6ffler in Winterberg sein. &hellip; <a href=\"https:\/\/www.schiebener.net\/wordpress\/am-freitag-vor-der-wahl-direktkandidat-dirk-wiese-spd-vor-ort-in-winterberg\/\" class=\"more-link\"><span class=\"screen-reader-text\">\u201eAm Freitag vor der Wahl: Direktkandidat Dirk Wiese (SPD) vor Ort in Winterberg\u201c <\/span>weiterlesen<\/a><\/p>\n","protected":false},"author":17,"featured_media":0,"comment_status":"open","ping_status":"open","sticky":false,"template":"","format":"standard","meta":{"footnotes":""},"categories":[303,24,1043],"tags":[6628,3104,322],"class_list":["post-38690","post","type-post","status-publish","format-standard","hentry","category-in-unserem-briefkasten","category-politik","category-pressemitteilungen","tag-bundestagswahl-2017","tag-dirk-wiese","tag-winterberg"],"_links":{"self":[{"href":"https:\/\/www.schiebener.net\/wordpress\/wp-json\/wp\/v2\/posts\/38690","targetHints":{"allow":["GET"]}}],"collection":[{"href":"https:\/\/www.schiebener.net\/wordpress\/wp-json\/wp\/v2\/posts"}],"about":[{"href":"https:\/\/www.schiebener.net\/wordpress\/wp-json\/wp\/v2\/types\/post"}],"author":[{"embeddable":true,"href":"https:\/\/www.schiebener.net\/wordpress\/wp-json\/wp\/v2\/users\/17"}],"replies":[{"embeddable":true,"href":"https:\/\/www.schiebener.net\/wordpress\/wp-json\/wp\/v2\/comments?post=38690"}],"version-history":[{"count":0,"href":"https:\/\/www.schiebener.net\/wordpress\/wp-json\/wp\/v2\/posts\/38690\/revisions"}],"wp:attachment":[{"href":"https:\/\/www.schiebener.net\/wordpress\/wp-json\/wp\/v2\/media?parent=38690"}],"wp:term":[{"taxonomy":"category","embeddable":true,"href":"https:\/\/www.schiebener.net\/wordpress\/wp-json\/wp\/v2\/categories?post=38690"},{"taxonomy":"post_tag","embeddable":true,"href":"https:\/\/www.schiebener.net\/wordpress\/wp-json\/wp\/v2\/tags?post=38690"}],"curies":[{"name":"wp","href":"https:\/\/api.w.org\/{rel}","templated":true}]}}