{"id":38582,"date":"2017-09-06T22:48:40","date_gmt":"2017-09-06T21:48:40","guid":{"rendered":"https:\/\/www.schiebener.net\/wordpress\/?p=38582"},"modified":"2017-09-07T20:30:42","modified_gmt":"2017-09-07T19:30:42","slug":"ruhrtriiienale-dienstbare-geister-ich-hoere-mir-das-mal-an","status":"publish","type":"post","link":"https:\/\/www.schiebener.net\/wordpress\/ruhrtriiienale-dienstbare-geister-ich-hoere-mir-das-mal-an\/","title":{"rendered":"Ruhrtriiiennale: Dienstbare Geister &#8230; ich h\u00f6re mir das mal an"},"content":{"rendered":"<figure id=\"attachment_3130\" aria-describedby=\"caption-attachment-3130\" style=\"width: 480px\" class=\"wp-caption aligncenter\"><img loading=\"lazy\" decoding=\"async\" class=\"size-full wp-image-3130\" src=\"https:\/\/www.schiebener.net\/wordpress\/wp-content\/uploads\/2009\/05\/ruhrtri01.jpg\" alt=\"\" width=\"480\" height=\"635\" srcset=\"https:\/\/www.schiebener.net\/wordpress\/wp-content\/uploads\/2009\/05\/ruhrtri01.jpg 480w, https:\/\/www.schiebener.net\/wordpress\/wp-content\/uploads\/2009\/05\/ruhrtri01-226x300.jpg 226w\" sizes=\"auto, (max-width: 480px) 85vw, 480px\" \/><figcaption id=\"caption-attachment-3130\" class=\"wp-caption-text\">Ein altes Programm-Paket der Ruhrtriennale: Buch, Booklet, Plakat (archiv: zoom)<\/figcaption><\/figure>\n<p><strong>Seit vielen Jahren haben wir die Ruhrtriennale neben den Ruhrfestspielen als feste Gr\u00f6\u00dfe in unserem Jahreskalender. Bislang habe ich die &#8222;kleinen Fluchten&#8220; aus dem Hochsauerland noch nie bereut. Jeder Theater- oder Musikabend, jede Lesung, war bereichernd.<\/strong><\/p>\n<p>Am Wochenende geht es nun zu <a href=\"https:\/\/www.ruhrtriennale.de\/de\/produktionen\/dienstbare-geister\" target=\"_blank\" rel=\"noopener\">einer H\u00f6rinstallation der Ruhrtriennale<\/a> nach Essen. Ich bin neugierig und gespannt, was wir vom <a href=\"https:\/\/www.ruhrtriennale.de\/de\/landkarte#venue:1246\" target=\"_blank\" rel=\"noopener\">PACT Zollverein <\/a>zur\u00fcckbringen werden.<\/p>\n<blockquote><p>Dienstbare Geister erz\u00e4hlt von zwei gegenl\u00e4ufigen Migrationsbewegungen: 1905 verl\u00e4sst eine mittellose junge Frau Berlin und wandert in die deutsche Kolonie Kamerun aus. Ihr sozialer Aufstieg geschieht auf Kosten der einheimischen Nachbarn und Bediensteten, die beharrlich und vergeblich Widerstand gegen die Deutschen leisten \u2013 unter anderem gegen Landraub und Zwang zur Arbeit mit der Peitsche.<\/p>\n<p>2015 bricht ein junger Mann aus Kamerun Richtung Deutschland auf. Er sieht f\u00fcr sich keine Alternative zum reichen Europa. Durch beharrliche Selbstausbeutung erk\u00e4mpft er sich in Berlin schlie\u00dflich eine feste Stelle. Zunehmend verliert er die Verbindung zu seiner Heimat. Aber eines Tages soll er seiner Chefin einen Dienst erweisen und gegen seinen Willen einen Auftrag in Kamerun \u00fcbernehmen.<\/p>\n<p>Reinh\u00f6ren: <audio class=\"wp-audio-shortcode\" id=\"audio-38582-1\" preload=\"none\" style=\"width: 100%;\" controls=\"controls\"><source type=\"audio\/mpeg\" src=\"https:\/\/www.schiebener.net\/wordpress\/wp-content\/uploads\/2017\/09\/plamper_dienstbare_geister_entschaedigung.mp3?_=1\" \/><a href=\"https:\/\/www.schiebener.net\/wordpress\/wp-content\/uploads\/2017\/09\/plamper_dienstbare_geister_entschaedigung.mp3\">https:\/\/www.schiebener.net\/wordpress\/wp-content\/uploads\/2017\/09\/plamper_dienstbare_geister_entschaedigung.mp3<\/a><\/audio><\/p>\n<p><strong>Europas Kolonialgewalt und die Folgen als Parallelmontage.<\/strong><br \/>\nDie Geschichten werden zeitgleich in zwei nebeneinander liegenden R\u00e4umen erz\u00e4hlt. Das Publikum teilt sich und wechselt nach dem ersten Durchlauf den Raum, um die andere Zeitebene zu h\u00f6ren. Der jeweilige Nebenraum macht sich immer wieder akustisch bemerkbar. Die Kolonialzeit greift wie ein Poltergeist ins Heute, umgekehrt h\u00f6rt man in der Kolonialgeschichte Vorboten einer Zukunft, die an heute erinnert.<\/p><\/blockquote>\n","protected":false},"excerpt":{"rendered":"<p>Seit vielen Jahren haben wir die Ruhrtriennale neben den Ruhrfestspielen als feste Gr\u00f6\u00dfe in unserem Jahreskalender. Bislang habe ich die &#8222;kleinen Fluchten&#8220; aus dem Hochsauerland noch nie bereut. Jeder Theater- &hellip; <a href=\"https:\/\/www.schiebener.net\/wordpress\/ruhrtriiienale-dienstbare-geister-ich-hoere-mir-das-mal-an\/\" class=\"more-link\"><span class=\"screen-reader-text\">\u201eRuhrtriiiennale: Dienstbare Geister &#8230; ich h\u00f6re mir das mal an\u201c <\/span>weiterlesen<\/a><\/p>\n","protected":false},"author":3,"featured_media":0,"comment_status":"open","ping_status":"open","sticky":false,"template":"","format":"standard","meta":{"footnotes":""},"categories":[2489,674,6413],"tags":[486],"class_list":["post-38582","post","type-post","status-publish","format-standard","hentry","category-in-eigener-sache","category-kultur","category-nrw","tag-ruhrtriennale"],"_links":{"self":[{"href":"https:\/\/www.schiebener.net\/wordpress\/wp-json\/wp\/v2\/posts\/38582","targetHints":{"allow":["GET"]}}],"collection":[{"href":"https:\/\/www.schiebener.net\/wordpress\/wp-json\/wp\/v2\/posts"}],"about":[{"href":"https:\/\/www.schiebener.net\/wordpress\/wp-json\/wp\/v2\/types\/post"}],"author":[{"embeddable":true,"href":"https:\/\/www.schiebener.net\/wordpress\/wp-json\/wp\/v2\/users\/3"}],"replies":[{"embeddable":true,"href":"https:\/\/www.schiebener.net\/wordpress\/wp-json\/wp\/v2\/comments?post=38582"}],"version-history":[{"count":0,"href":"https:\/\/www.schiebener.net\/wordpress\/wp-json\/wp\/v2\/posts\/38582\/revisions"}],"wp:attachment":[{"href":"https:\/\/www.schiebener.net\/wordpress\/wp-json\/wp\/v2\/media?parent=38582"}],"wp:term":[{"taxonomy":"category","embeddable":true,"href":"https:\/\/www.schiebener.net\/wordpress\/wp-json\/wp\/v2\/categories?post=38582"},{"taxonomy":"post_tag","embeddable":true,"href":"https:\/\/www.schiebener.net\/wordpress\/wp-json\/wp\/v2\/tags?post=38582"}],"curies":[{"name":"wp","href":"https:\/\/api.w.org\/{rel}","templated":true}]}}