{"id":38378,"date":"2017-07-31T09:47:59","date_gmt":"2017-07-31T08:47:59","guid":{"rendered":"https:\/\/www.schiebener.net\/wordpress\/?p=38378"},"modified":"2017-07-31T09:47:59","modified_gmt":"2017-07-31T08:47:59","slug":"g20-krawalle-im-schanzenviertel-wer-wars-buergerliche-randalierer","status":"publish","type":"post","link":"https:\/\/www.schiebener.net\/wordpress\/g20-krawalle-im-schanzenviertel-wer-wars-buergerliche-randalierer\/","title":{"rendered":"&#8222;G20-Krawalle&#8220; im Schanzenviertel. Wer war&#8217;s? B\u00fcrgerliche Randalierer?"},"content":{"rendered":"<figure id=\"attachment_38379\" aria-describedby=\"caption-attachment-38379\" style=\"width: 700px\" class=\"wp-caption aligncenter\"><a href=\"https:\/\/www.schiebener.net\/wordpress\/wp-content\/uploads\/2017\/07\/Schanzenviertel2017072701.jpg\" target=\"_blank\" rel=\"noopener\"><img loading=\"lazy\" decoding=\"async\" class=\"wp-image-38379\" src=\"https:\/\/www.schiebener.net\/wordpress\/wp-content\/uploads\/2017\/07\/Schanzenviertel2017072701.jpg\" alt=\"\" width=\"700\" height=\"448\" srcset=\"https:\/\/www.schiebener.net\/wordpress\/wp-content\/uploads\/2017\/07\/Schanzenviertel2017072701.jpg 1024w, https:\/\/www.schiebener.net\/wordpress\/wp-content\/uploads\/2017\/07\/Schanzenviertel2017072701-300x192.jpg 300w, https:\/\/www.schiebener.net\/wordpress\/wp-content\/uploads\/2017\/07\/Schanzenviertel2017072701-768x491.jpg 768w\" sizes=\"auto, (max-width: 709px) 85vw, (max-width: 909px) 67vw, (max-width: 984px) 61vw, (max-width: 1362px) 45vw, 600px\" \/><\/a><figcaption id=\"caption-attachment-38379\" class=\"wp-caption-text\">Donnerstag im Schanzenviertel. L\u00f6cher in den Biomarktfenstern. Wer war&#8217;s? Der &#8222;Schwarze Block&#8220;? Linksradikale? Autonome? Chaoten? Oder gar die b\u00fcrgerlichen Kids aus den Elbvororten? (foto: zoom)<\/figcaption><\/figure>\n<p><strong><a href=\"http:\/\/www.mopo.de\/28084632\" target=\"_blank\" rel=\"noopener\">&#8222;G20-Krawalle B\u00fcrgerliche Randalierer&#8220;<\/a>, titelte vorgestern die Hamburger Morgenpost (MoPo).<\/strong><\/p>\n<p>Im Zusammenhang mit den G20-Krawallen s\u00e4\u00dfen derzeit 34 mutma\u00dfliche T\u00e4ter in U-Haft, berichtet die Boulevardzeitung. Die meisten stammten aus gutb\u00fcrgerlichen Kreisen.<\/p>\n<p>Eine Auswertung der Justizbeh\u00f6rde zeige:<\/p>\n<p>&#8222;Neben einer Gruppe desintegrierter, unpolitischer junger Menschen stammt ein Gro\u00dfteil aus der Mitte der Gesellschaft und verf\u00fcgt \u00fcber \u00fcberdurchschnittliche Bildungsabschl\u00fcsse.&#8220;<\/p>\n<p>Nach einigen Gespr\u00e4chen, die ich selbst in der letzten Woche in Hamburg gef\u00fchrt habe, scheint mir diese Einsch\u00e4tzung plausibel. Viele Jugendliche bzw. junge Erwachsene waren am Tag der Krawalle in die Schanze gestr\u00f6mt, &#8222;weil da immer was los ist&#8220;. Sie wollten dabei sein.<\/p>\n<p>&#8222;Ich hatte das Gef\u00fchl, dass dort etwas passieren wird, was ich in meinem Leben nicht noch einmal erleben werde, irgendwie historisch.&#8220;<\/p>\n<p>Eine Mischung aus Event und Mitmach-Politshow?<\/p>\n<p>Ich bin gespannt, was die weiteren Untersuchungen der Ereignisse rund um den G20-Gipfel noch ergeben werden. Je n\u00e4her man sich mit dem &#8222;Schwarzen Block&#8220; besch\u00e4ftigt, desto mehr l\u00f6st er sich auf.<\/p>\n","protected":false},"excerpt":{"rendered":"<p>&#8222;G20-Krawalle B\u00fcrgerliche Randalierer&#8220;, titelte vorgestern die Hamburger Morgenpost (MoPo). Im Zusammenhang mit den G20-Krawallen s\u00e4\u00dfen derzeit 34 mutma\u00dfliche T\u00e4ter in U-Haft, berichtet die Boulevardzeitung. Die meisten stammten aus gutb\u00fcrgerlichen Kreisen. &hellip; <a href=\"https:\/\/www.schiebener.net\/wordpress\/g20-krawalle-im-schanzenviertel-wer-wars-buergerliche-randalierer\/\" class=\"more-link\"><span class=\"screen-reader-text\">\u201e&#8222;G20-Krawalle&#8220; im Schanzenviertel. Wer war&#8217;s? B\u00fcrgerliche Randalierer?\u201c <\/span>weiterlesen<\/a><\/p>\n","protected":false},"author":3,"featured_media":0,"comment_status":"open","ping_status":"open","sticky":false,"template":"","format":"standard","meta":{"footnotes":""},"categories":[83,674,24,4761],"tags":[6888,6889,6895,897],"class_list":["post-38378","post","type-post","status-publish","format-standard","hentry","category-hamburg-allgemein","category-kultur","category-politik","category-soziales","tag-anti-g20-demo","tag-g20-gipfel","tag-g20-krawalle","tag-schanzenviertel"],"_links":{"self":[{"href":"https:\/\/www.schiebener.net\/wordpress\/wp-json\/wp\/v2\/posts\/38378","targetHints":{"allow":["GET"]}}],"collection":[{"href":"https:\/\/www.schiebener.net\/wordpress\/wp-json\/wp\/v2\/posts"}],"about":[{"href":"https:\/\/www.schiebener.net\/wordpress\/wp-json\/wp\/v2\/types\/post"}],"author":[{"embeddable":true,"href":"https:\/\/www.schiebener.net\/wordpress\/wp-json\/wp\/v2\/users\/3"}],"replies":[{"embeddable":true,"href":"https:\/\/www.schiebener.net\/wordpress\/wp-json\/wp\/v2\/comments?post=38378"}],"version-history":[{"count":0,"href":"https:\/\/www.schiebener.net\/wordpress\/wp-json\/wp\/v2\/posts\/38378\/revisions"}],"wp:attachment":[{"href":"https:\/\/www.schiebener.net\/wordpress\/wp-json\/wp\/v2\/media?parent=38378"}],"wp:term":[{"taxonomy":"category","embeddable":true,"href":"https:\/\/www.schiebener.net\/wordpress\/wp-json\/wp\/v2\/categories?post=38378"},{"taxonomy":"post_tag","embeddable":true,"href":"https:\/\/www.schiebener.net\/wordpress\/wp-json\/wp\/v2\/tags?post=38378"}],"curies":[{"name":"wp","href":"https:\/\/api.w.org\/{rel}","templated":true}]}}