{"id":38371,"date":"2017-07-29T22:32:27","date_gmt":"2017-07-29T21:32:27","guid":{"rendered":"https:\/\/www.schiebener.net\/wordpress\/?p=38371"},"modified":"2017-07-30T08:23:22","modified_gmt":"2017-07-30T07:23:22","slug":"bevor-ihr-denkt-dass-ich-mich-aus-dem-bloggen-verabschiedete","status":"publish","type":"post","link":"https:\/\/www.schiebener.net\/wordpress\/bevor-ihr-denkt-dass-ich-mich-aus-dem-bloggen-verabschiedete\/","title":{"rendered":"Bevor ihr denkt, dass ich mich aus dem Bloggen verabschiedete &#8230;"},"content":{"rendered":"<figure id=\"attachment_38372\" aria-describedby=\"caption-attachment-38372\" style=\"width: 700px\" class=\"wp-caption aligncenter\"><a href=\"https:\/\/www.schiebener.net\/wordpress\/wp-content\/uploads\/2017\/07\/Weserburg2017072501.jpg\" target=\"_blank\" rel=\"noopener\"><img loading=\"lazy\" decoding=\"async\" class=\"wp-image-38372\" src=\"https:\/\/www.schiebener.net\/wordpress\/wp-content\/uploads\/2017\/07\/Weserburg2017072501.jpg\" alt=\"John Isaacs, &quot;I used to think ...&quot;, 2004\" width=\"700\" height=\"521\" srcset=\"https:\/\/www.schiebener.net\/wordpress\/wp-content\/uploads\/2017\/07\/Weserburg2017072501.jpg 1024w, https:\/\/www.schiebener.net\/wordpress\/wp-content\/uploads\/2017\/07\/Weserburg2017072501-300x223.jpg 300w, https:\/\/www.schiebener.net\/wordpress\/wp-content\/uploads\/2017\/07\/Weserburg2017072501-768x572.jpg 768w\" sizes=\"auto, (max-width: 709px) 85vw, (max-width: 909px) 67vw, (max-width: 984px) 61vw, (max-width: 1362px) 45vw, 600px\" \/><\/a><figcaption id=\"caption-attachment-38372\" class=\"wp-caption-text\">John Isaacs, &#8222;I used to think &#8230;&#8220;, 2004, Ausstellung (2017) Weserburg Bremen, Museum f\u00fcr moderne Kunst. (foto: zoom)<\/figcaption><\/figure>\n<p><strong>Wegen einer kleinen Radtour von Kassel \u00fcber Bremen nach Hamburg hatte ich eine Woche lang keinen Zugang zu meinem Computer. Das Blog lie\u00df ich ver\u00f6den.<\/strong><\/p>\n<p>Es macht keinen Spa\u00df auf einem kleinen Tablet zu schreiben. Au\u00dferdem ist eine Radtour dazu da, Rad zu fahren, Menschen zu begegnen und die Seele baumeln zu lassen.<\/p>\n<p>Das Bild &#8222;I used to think &#8230;&#8220; habe ich am schlimmsten Regentag der vergangenen Woche, dem Dienstag, in der <a href=\"http:\/\/www.weserburg.de\/\" target=\"_blank\" rel=\"noopener\">Weserburg in Bremen<\/a> aufgenommen. Dort, im Museum f\u00fcr moderne Kunst, ist zur Zeit unter anderem die Ausstellung &#8222;<a href=\"http:\/\/www.weserburg.de\/index.php?id=932\" target=\"_blank\" rel=\"noopener\">Proof of Life<\/a>&#8220; zu sehen.<\/p>\n<p>Mir hat sie sehr viel Spa\u00df(!) bereitet. Kunst muss unterhalten und zum Denken anregen. Meine Meinung.<\/p>\n<p>Zur Radtour, zu Bremen und zur Weserburg komme ich vielleicht noch einmal im Blog zur\u00fcck, obwohl ich das nicht versprechen m\u00f6chte, denn die Zeit flieht und schon morgen rast eine andere Sau durch unser Leben und erfordert unsere ganze Aufmerksamkeit.<\/p>\n<p>Revolution\u00e4re! Aufpassen! =&gt;&gt;<\/p>\n<figure id=\"attachment_38373\" aria-describedby=\"caption-attachment-38373\" style=\"width: 700px\" class=\"wp-caption aligncenter\"><a href=\"https:\/\/www.schiebener.net\/wordpress\/wp-content\/uploads\/2017\/07\/Weserburg2017072502.jpg\" target=\"_blank\" rel=\"noopener\"><img loading=\"lazy\" decoding=\"async\" class=\"wp-image-38373\" src=\"https:\/\/www.schiebener.net\/wordpress\/wp-content\/uploads\/2017\/07\/Weserburg2017072502.jpg\" alt=\"\" width=\"700\" height=\"467\" srcset=\"https:\/\/www.schiebener.net\/wordpress\/wp-content\/uploads\/2017\/07\/Weserburg2017072502.jpg 1024w, https:\/\/www.schiebener.net\/wordpress\/wp-content\/uploads\/2017\/07\/Weserburg2017072502-300x200.jpg 300w, https:\/\/www.schiebener.net\/wordpress\/wp-content\/uploads\/2017\/07\/Weserburg2017072502-768x512.jpg 768w\" sizes=\"auto, (max-width: 709px) 85vw, (max-width: 909px) 67vw, (max-width: 984px) 61vw, (max-width: 1362px) 45vw, 600px\" \/><\/a><figcaption id=\"caption-attachment-38373\" class=\"wp-caption-text\">Gavin Turk, Death of Marat, 1998. Lebensgro\u00dfe Vollplastik, die den Tod des Marat von J. L. David (1793) &#8222;re-inszeniert&#8220;. (foto: zoom)<\/figcaption><\/figure>\n","protected":false},"excerpt":{"rendered":"<p>Wegen einer kleinen Radtour von Kassel \u00fcber Bremen nach Hamburg hatte ich eine Woche lang keinen Zugang zu meinem Computer. Das Blog lie\u00df ich ver\u00f6den. Es macht keinen Spa\u00df auf &hellip; <a href=\"https:\/\/www.schiebener.net\/wordpress\/bevor-ihr-denkt-dass-ich-mich-aus-dem-bloggen-verabschiedete\/\" class=\"more-link\"><span class=\"screen-reader-text\">\u201eBevor ihr denkt, dass ich mich aus dem Bloggen verabschiedete &#8230;\u201c <\/span>weiterlesen<\/a><\/p>\n","protected":false},"author":3,"featured_media":0,"comment_status":"open","ping_status":"open","sticky":false,"template":"","format":"standard","meta":{"footnotes":""},"categories":[174,319,2489,674,32],"tags":[2671,1769,6894],"class_list":["post-38371","post","type-post","status-publish","format-standard","hentry","category-dit-und-dat","category-geschichte","category-in-eigener-sache","category-kultur","category-medien","tag-bremen","tag-radtour","tag-weserburg"],"_links":{"self":[{"href":"https:\/\/www.schiebener.net\/wordpress\/wp-json\/wp\/v2\/posts\/38371","targetHints":{"allow":["GET"]}}],"collection":[{"href":"https:\/\/www.schiebener.net\/wordpress\/wp-json\/wp\/v2\/posts"}],"about":[{"href":"https:\/\/www.schiebener.net\/wordpress\/wp-json\/wp\/v2\/types\/post"}],"author":[{"embeddable":true,"href":"https:\/\/www.schiebener.net\/wordpress\/wp-json\/wp\/v2\/users\/3"}],"replies":[{"embeddable":true,"href":"https:\/\/www.schiebener.net\/wordpress\/wp-json\/wp\/v2\/comments?post=38371"}],"version-history":[{"count":0,"href":"https:\/\/www.schiebener.net\/wordpress\/wp-json\/wp\/v2\/posts\/38371\/revisions"}],"wp:attachment":[{"href":"https:\/\/www.schiebener.net\/wordpress\/wp-json\/wp\/v2\/media?parent=38371"}],"wp:term":[{"taxonomy":"category","embeddable":true,"href":"https:\/\/www.schiebener.net\/wordpress\/wp-json\/wp\/v2\/categories?post=38371"},{"taxonomy":"post_tag","embeddable":true,"href":"https:\/\/www.schiebener.net\/wordpress\/wp-json\/wp\/v2\/tags?post=38371"}],"curies":[{"name":"wp","href":"https:\/\/api.w.org\/{rel}","templated":true}]}}