{"id":38295,"date":"2017-07-15T20:25:59","date_gmt":"2017-07-15T19:25:59","guid":{"rendered":"https:\/\/www.schiebener.net\/wordpress\/?p=38295"},"modified":"2017-07-15T20:25:59","modified_gmt":"2017-07-15T19:25:59","slug":"schulpolitik-in-winterberg-die-opposition-sitzt-nicht-im-rat-sondern-in-den-sozialen-medien","status":"publish","type":"post","link":"https:\/\/www.schiebener.net\/wordpress\/schulpolitik-in-winterberg-die-opposition-sitzt-nicht-im-rat-sondern-in-den-sozialen-medien\/","title":{"rendered":"Schulpolitik in Winterberg: die Opposition sitzt nicht im Rat, sondern in den sozialen Medien"},"content":{"rendered":"<figure id=\"attachment_24536\" aria-describedby=\"caption-attachment-24536\" style=\"width: 512px\" class=\"wp-caption aligncenter\"><img loading=\"lazy\" decoding=\"async\" class=\"wp-image-24536 size-full\" src=\"https:\/\/www.schiebener.net\/wordpress\/wp-content\/uploads\/2013\/07\/rathauswinterberg20130528.jpg\" alt=\"Rathaus Winterberg\" width=\"512\" height=\"384\" srcset=\"https:\/\/www.schiebener.net\/wordpress\/wp-content\/uploads\/2013\/07\/rathauswinterberg20130528.jpg 512w, https:\/\/www.schiebener.net\/wordpress\/wp-content\/uploads\/2013\/07\/rathauswinterberg20130528-300x225.jpg 300w\" sizes=\"auto, (max-width: 512px) 85vw, 512px\" \/><figcaption id=\"caption-attachment-24536\" class=\"wp-caption-text\">Rathaus Winterberg: Die Auseinandersetzungen um die Winterberger Schulpolitik nehmen kein Ende. (archiv: zoom)<\/figcaption><\/figure>\n<p><strong>Der Winterberger B\u00fcrgermeister Werner Eickler (CDU) warnt gerne vor den Fake News in den sozialen Medien wie Facebook, zuletzt in seiner Rede auf der Abschlussfeier der diesj\u00e4hrigen Abiturientinnen und Abiturienten in der Oversum-Halle[1].<\/strong><\/p>\n<p>Mit dem untr\u00fcglichen Instinkt eines Machtpolitikers sieht Werner Eickler die Gefahren f\u00fcr seine Politik nicht auf den Oppositionsst\u00fchlen des Winterberger Rats (SPD, FDP).<\/p>\n<p>Der gr\u00f6\u00dfte und wirkungsvollste Gegenwind weht ihm derzeit auf Facebook entgegen. Dort ver\u00f6ffentlichen die Initiatoren der Siedlingh\u00e4user B\u00fcrgerbewegung gegen die Schlie\u00dfung der dortigen Verbundschule Dokumente und Argumentationen, die bislang in der Winterberger Konsenspolitik unerh\u00f6rt gewesen waren.<\/p>\n<p>Wir haben im Blog berichtet, beispielsweise hier:<br \/>\n<a href=\"https:\/\/www.schiebener.net\/wordpress\/offener-brief-eines-siedlinghaeuser-unternehmers-zur-geplanten-schliessung-der-verbundschule-an-buergermeister-und-rat\/\" target=\"_blank\" rel=\"noopener\">Offener Brief eines Siedlingh\u00e4user Unternehmers zur geplanten Schlie\u00dfung der Verbundschule an B\u00fcrgermeister und Rat.<\/a><\/p>\n<p>Gestern hat Frank Kr\u00e4ling einen Beitrag auf Facebook ver\u00f6ffentlicht, der die Redlichkeit des B\u00fcrgermeisters und der Ratspolitik anzweifelt. Die Argumentation erscheint mir plausibel, und daher ver\u00f6ffentliche ich sie an dieser Stelle.<\/p>\n<p>Gegenrede, Kontra, Argumente sind in den Kommentaren ausdr\u00fccklich erw\u00fcnscht, denn die Lokalpolitik ist viel zu wichtig, als sie in den nicht-\u00f6ffentlichen Teilen der Ratssitzungen verschwinden zu lassen.<\/p>\n<blockquote><p><strong>Ratsb\u00fcrgerentscheid der Stadt Winterberg vom 13.11.2016 rechtwidrig ge\u00e4ndert?<\/strong><\/p>\n<p>Wie erwartet und p\u00fcnktlich zu den Ferien hat der Rat der Stadt Winterberg in der Ratssitzung vom 13.07.2017 entschieden, den An- und Umbau des Zweitstandortes der Sekundarschule Medebach am Standort in Winterberg in der Variante \u201eRiegel\u201c f\u00fcr geplante 3,253 Mio. \u20ac, plus 428.000 \u20ac f\u00fcr Aufz\u00fcge, WC, etc. und 338.000 \u20ac f\u00fcr p\u00e4dagogisches Neumobiliar zu bauen. Das entspricht geplanten 4,019 Mio. \u20ac<\/p>\n<p>In der Information zum Ratsb\u00fcrgerentscheid hie\u00df es dazu:<br \/>\n\u201eDie Kostensch\u00e4tzung f\u00fcr den Ert\u00fcchtigungsaufwand f\u00fcr diese sekundarschulbedingten Raumoptimierungen des Standortes in der Kernstadt Winterberg betr\u00e4gt rd. 2,7 Mio. \u20ac.\u201c<br \/>\nDas Vorhaben ist zu finanzieren mit 1,1 Mio. \u20ac aus dem Landesf\u00f6rderprogramm \u201eGute Schule 2020\u201c, 0,6 Mio. \u20ac Eigenanteil und 1 Mio. \u20ac zinsloses Darlehen \u2013 es fehlen dann aktuell 1,319 Mio. \u20ac.<\/p>\n<p>Der Gesetzgeber hat dazu in \u00a7 26 (4) der Gemeindeordnung NW festgelegt, dass die Kostensch\u00e4tzung und Finanzierung der Ma\u00dfnahme ein wesentlicher Teil eines B\u00fcrgerbegehrens\/B\u00fcrgerentscheides ist, damit der B\u00fcrger auch unter Ber\u00fccksichtigung der Gemeindefinanzen eine objektive Entscheidung f\u00e4llen kann. (Kleerbaum \/ Palmen \u00a7 26 GO)<br \/>\nIn \u00a7 26 (8) legt der Gesetzgeber dann nachfolgend fest: \u201eDer B\u00fcrger\/Ratsb\u00fcrgerentscheid hat die Wirkung eines Ratsbeschlusses. Vor Ablauf von zwei Jahren kann er nur auf Initiative des Rates durch einen neuen B\u00fcrgerentscheid abge\u00e4ndert werden.\u201c<\/p>\n<p>Sind 1,319 Mio. \u20ac Mehrausgaben rechtswidrig? Und wenn schon! So funktioniert Politik!<\/p>\n<p>Wer will schon unseren Kindern eine sch\u00f6ne neue Schule verwehren (auch wenn in Siedlinghausen zuk\u00fcnftig eine sch\u00f6ne Schule leer steht).<\/p>\n<p>\u00dcbrigens: Auch eine ge\u00e4nderte Nutzung des Teilstandortes in Winterberg oder umgekehrt am Hauptstandort der Sekundarschule in Medebach bed\u00fcrfte innerhalb von zwei Jahren eines neuen B\u00fcrgerentscheides. Beschlossen und damit festgeschrieben sind drei Klassen pro Jahrgang in Medebach, zwei Klassen pro Jahrgang in Winterberg.<\/p><\/blockquote>\n<p>Quelle: <a href=\"https:\/\/www.facebook.com\/frank.kraling.90\/posts\/10207392763016718?pnref=story\" target=\"_blank\" rel=\"noopener\">https:\/\/www.facebook.com\/frank.kraling.90\/posts\/10207392763016718?pnref=story<\/a><\/p>\n<p>&#8212;&#8212;&#8212;&#8212;&#8212;&#8212;&#8212;&#8212;&#8211;<\/p>\n<p><em>[1]Nachtrag: W\u00e4hrend der Medebacher B\u00fcrgermeister f\u00fcr seine Ansprache an Eltern und Sch\u00fclerInnen satten Beifall erhielt, r\u00fchrte f\u00fcr den Winterberger B\u00fcrgermeister ein gro\u00dfer Teil der Anwesenden keine Hand.<\/em><\/p>\n","protected":false},"excerpt":{"rendered":"<p>Der Winterberger B\u00fcrgermeister Werner Eickler (CDU) warnt gerne vor den Fake News in den sozialen Medien wie Facebook, zuletzt in seiner Rede auf der Abschlussfeier der diesj\u00e4hrigen Abiturientinnen und Abiturienten &hellip; <a href=\"https:\/\/www.schiebener.net\/wordpress\/schulpolitik-in-winterberg-die-opposition-sitzt-nicht-im-rat-sondern-in-den-sozialen-medien\/\" class=\"more-link\"><span class=\"screen-reader-text\">\u201eSchulpolitik in Winterberg: die Opposition sitzt nicht im Rat, sondern in den sozialen Medien\u201c <\/span>weiterlesen<\/a><\/p>\n","protected":false},"author":3,"featured_media":0,"comment_status":"open","ping_status":"open","sticky":false,"template":"","format":"standard","meta":{"footnotes":""},"categories":[3,80,24],"tags":[6525,6250,6688,111],"class_list":["post-38295","post","type-post","status-publish","format-standard","hentry","category-bildung-und-schule","category-lokales","category-politik","tag-ratsbuergerentscheid","tag-schulschliessung","tag-sekundarschule-medebach-winterberg","tag-siedlinghausen"],"_links":{"self":[{"href":"https:\/\/www.schiebener.net\/wordpress\/wp-json\/wp\/v2\/posts\/38295","targetHints":{"allow":["GET"]}}],"collection":[{"href":"https:\/\/www.schiebener.net\/wordpress\/wp-json\/wp\/v2\/posts"}],"about":[{"href":"https:\/\/www.schiebener.net\/wordpress\/wp-json\/wp\/v2\/types\/post"}],"author":[{"embeddable":true,"href":"https:\/\/www.schiebener.net\/wordpress\/wp-json\/wp\/v2\/users\/3"}],"replies":[{"embeddable":true,"href":"https:\/\/www.schiebener.net\/wordpress\/wp-json\/wp\/v2\/comments?post=38295"}],"version-history":[{"count":0,"href":"https:\/\/www.schiebener.net\/wordpress\/wp-json\/wp\/v2\/posts\/38295\/revisions"}],"wp:attachment":[{"href":"https:\/\/www.schiebener.net\/wordpress\/wp-json\/wp\/v2\/media?parent=38295"}],"wp:term":[{"taxonomy":"category","embeddable":true,"href":"https:\/\/www.schiebener.net\/wordpress\/wp-json\/wp\/v2\/categories?post=38295"},{"taxonomy":"post_tag","embeddable":true,"href":"https:\/\/www.schiebener.net\/wordpress\/wp-json\/wp\/v2\/tags?post=38295"}],"curies":[{"name":"wp","href":"https:\/\/api.w.org\/{rel}","templated":true}]}}