{"id":38224,"date":"2017-06-27T21:59:06","date_gmt":"2017-06-27T20:59:06","guid":{"rendered":"https:\/\/www.schiebener.net\/wordpress\/?p=38224"},"modified":"2017-06-27T21:59:06","modified_gmt":"2017-06-27T20:59:06","slug":"betrieb-von-unterkuenften-fuer-fluechtlinge-und-obdachlose-in-olsberg-1055-euro-je-quadratmeter","status":"publish","type":"post","link":"https:\/\/www.schiebener.net\/wordpress\/betrieb-von-unterkuenften-fuer-fluechtlinge-und-obdachlose-in-olsberg-1055-euro-je-quadratmeter\/","title":{"rendered":"Betrieb von Unterk\u00fcnften f\u00fcr Fl\u00fcchtlinge und Obdachlose in Olsberg: 10,55 Euro je Quadratmeter"},"content":{"rendered":"<p><img loading=\"lazy\" decoding=\"async\" src=\"https:\/\/www.schiebener.net\/wordpress\/wp-content\/uploads\/2017\/06\/OlsbergFluechtlinge20170627.jpg\" alt=\"\" width=\"700\" height=\"336\" class=\"aligncenter size-full wp-image-38227\" srcset=\"https:\/\/www.schiebener.net\/wordpress\/wp-content\/uploads\/2017\/06\/OlsbergFluechtlinge20170627.jpg 700w, https:\/\/www.schiebener.net\/wordpress\/wp-content\/uploads\/2017\/06\/OlsbergFluechtlinge20170627-300x144.jpg 300w\" sizes=\"auto, (max-width: 709px) 85vw, (max-width: 909px) 67vw, (max-width: 984px) 61vw, (max-width: 1362px) 45vw, 600px\" \/><strong>Zu Hoch und zu kurzfristig. Die Sauerl\u00e4nder B\u00fcrgerliste kritisiert die &#8222;Nutzungsentsch\u00e4digungen&#8220; f\u00fcr Fl\u00fcchtlinge.<\/strong><\/p>\n<p><em>(Der Artikel ist in \u00e4hnlicher Form <a href=\"http:\/\/sbl-fraktion.de\/?p=7595\" target=\"_blank\" rel=\"noopener\">auf der Website der Sauerl\u00e4nder B\u00fcrgerliste<\/a> erschienen.)<\/em><\/p>\n<p>Gibt es im Hochsauerlandkreis Wohnungen, f\u00fcr die 10,55 Euro je Quadratmeter gezahlt werden m\u00fcssen? <\/p>\n<p>Ja, es gibt sie, und zwar f\u00e4llt diese \u201cNutzungsgeb\u00fchr\u201d ausgerechnet f\u00fcr die Wohnungen an, die die Stadt Olsberg f\u00fcr Fl\u00fcchtlinge angemietet hat.<\/p>\n<p>Am 30.03.2017 hat der Rat der Stadt Olsberg einstimmig (!) die neue \u201cBenutzungs- und Geb\u00fchrensatzung der Stadt Olsberg \u00fcber die Einrichtung und den Betrieb von Unterk\u00fcnften f\u00fcr Fl\u00fcchtlinge und Obdachlose\u201d beschlossen. Im Protokoll dieser Ratssitzung ist keine einzige kritische Nachfrage vermerkt, ob diese Satzung \u00fcberhaupt praktikabel ist oder nicht dazu f\u00fchrt, Fl\u00fcchtlinge in den Ruin zu treiben.<\/p>\n<p>Mitte Juni machte sich die Olsberger Stadtverwaltung an die Umsetzung. Sie verschickte an die Bewohner einen \u201cBescheid \u00fcber Nutzungsentsch\u00e4digungen\u201d, erstmals zahlbar am 03.07.2017! <\/p>\n<p>F\u00fcr einen Fl\u00fcchtling, der ein einzelnes Zimmer bewohnt, ergibt sich daraus bei 30qm angerechneter Fl\u00e4che \u2013 einschlie\u00dflich anteiliger Gemeinschaftsfl\u00e4chen! \u2013 eine Zahlungspflicht von 316,50 Euro je Monat. <\/p>\n<p>Einen solchen Bescheid bekamen auch Fl\u00fcchtlinge, die mittlerweile einen subsidi\u00e4ren Schutzstatus haben und nicht mehr Leistungen nach dem Asylbewerberleistungsgesetz erhalten, sondern nach dem Sozialgesetzbuch II. <\/p>\n<p>Vorsorglich wurde den Empf\u00e4ngern der Bescheide in wundersch\u00f6nem Beh\u00f6rdendeutsch auch mitgeteilt: \u201cDurch das Erheben des Widerspruchs wird die Wirksamkeit dieses Bescheides nicht gehemmt, insbesondere die Zahlungspflicht nicht aufgehoben\u201d!<\/p>\n<p>Die Empf\u00e4nger der Geb\u00fchrenbescheide fielen verst\u00e4ndlicherweise \u201caus allen Wolken\u201d. Wie sollen sie diese horrenden Kosten f\u00fcr ihren Wohnraum aus ihren Einnahmen nach dem SGB II bezahlen? Wie sollen sie ersatzweise innerhalb von 2 Wochen eine andere Bleibe finden, die f\u00fcr sie bezahlbar ist?<\/p>\n<p>Bei der Stadt Olsberg scheint so gro\u00dfe Finanznot zu herrschen, dass man jetzt auf diese Weise Geld von Fl\u00fcchtlingen eintreiben will. Sowohl bei der Erstellung der Satzung als auch bei der Umsetzung h\u00e4tte man im Olsberger Rathaus etwas mehr nachdenken k\u00f6nnen.<\/p>\n","protected":false},"excerpt":{"rendered":"<p>Zu Hoch und zu kurzfristig. Die Sauerl\u00e4nder B\u00fcrgerliste kritisiert die &#8222;Nutzungsentsch\u00e4digungen&#8220; f\u00fcr Fl\u00fcchtlinge. (Der Artikel ist in \u00e4hnlicher Form auf der Website der Sauerl\u00e4nder B\u00fcrgerliste erschienen.) Gibt es im Hochsauerlandkreis &hellip; <a href=\"https:\/\/www.schiebener.net\/wordpress\/betrieb-von-unterkuenften-fuer-fluechtlinge-und-obdachlose-in-olsberg-1055-euro-je-quadratmeter\/\" class=\"more-link\"><span class=\"screen-reader-text\">\u201eBetrieb von Unterk\u00fcnften f\u00fcr Fl\u00fcchtlinge und Obdachlose in Olsberg: 10,55 Euro je Quadratmeter\u201c <\/span>weiterlesen<\/a><\/p>\n","protected":false},"author":17,"featured_media":0,"comment_status":"open","ping_status":"open","sticky":false,"template":"","format":"standard","meta":{"footnotes":""},"categories":[6658,80,24,4761],"tags":[861,4045,6873,6854],"class_list":["post-38224","post","type-post","status-publish","format-standard","hentry","category-fluechtlinge","category-lokales","category-politik","category-soziales","tag-fluchtlinge","tag-miete","tag-nutzungsentschaedigungen","tag-sauerlaender-buergerliste-sblfw"],"_links":{"self":[{"href":"https:\/\/www.schiebener.net\/wordpress\/wp-json\/wp\/v2\/posts\/38224","targetHints":{"allow":["GET"]}}],"collection":[{"href":"https:\/\/www.schiebener.net\/wordpress\/wp-json\/wp\/v2\/posts"}],"about":[{"href":"https:\/\/www.schiebener.net\/wordpress\/wp-json\/wp\/v2\/types\/post"}],"author":[{"embeddable":true,"href":"https:\/\/www.schiebener.net\/wordpress\/wp-json\/wp\/v2\/users\/17"}],"replies":[{"embeddable":true,"href":"https:\/\/www.schiebener.net\/wordpress\/wp-json\/wp\/v2\/comments?post=38224"}],"version-history":[{"count":0,"href":"https:\/\/www.schiebener.net\/wordpress\/wp-json\/wp\/v2\/posts\/38224\/revisions"}],"wp:attachment":[{"href":"https:\/\/www.schiebener.net\/wordpress\/wp-json\/wp\/v2\/media?parent=38224"}],"wp:term":[{"taxonomy":"category","embeddable":true,"href":"https:\/\/www.schiebener.net\/wordpress\/wp-json\/wp\/v2\/categories?post=38224"},{"taxonomy":"post_tag","embeddable":true,"href":"https:\/\/www.schiebener.net\/wordpress\/wp-json\/wp\/v2\/tags?post=38224"}],"curies":[{"name":"wp","href":"https:\/\/api.w.org\/{rel}","templated":true}]}}