{"id":38205,"date":"2017-06-21T19:16:28","date_gmt":"2017-06-21T18:16:28","guid":{"rendered":"https:\/\/www.schiebener.net\/wordpress\/?p=38205"},"modified":"2017-06-21T20:35:15","modified_gmt":"2017-06-21T19:35:15","slug":"kreistagsfraktion-der-linken-hsk-landrat-dr-schneider-demuetigt-fragenstellende-buerger","status":"publish","type":"post","link":"https:\/\/www.schiebener.net\/wordpress\/kreistagsfraktion-der-linken-hsk-landrat-dr-schneider-demuetigt-fragenstellende-buerger\/","title":{"rendered":"Kreistagsfraktion der Linken HSK: \u201eLandrat Dr. Schneider dem\u00fctigt fragenstellende B\u00fcrger\u201d"},"content":{"rendered":"<figure id=\"attachment_38206\" aria-describedby=\"caption-attachment-38206\" style=\"width: 183px\" class=\"wp-caption alignleft\"><a href=\"https:\/\/www.schiebener.net\/wordpress\/wp-content\/uploads\/2017\/06\/JoachimBlei20170621.jpg\"><img loading=\"lazy\" decoding=\"async\" class=\" wp-image-38206\" src=\"https:\/\/www.schiebener.net\/wordpress\/wp-content\/uploads\/2017\/06\/JoachimBlei20170621.jpg\" alt=\"\" width=\"183\" height=\"275\" srcset=\"https:\/\/www.schiebener.net\/wordpress\/wp-content\/uploads\/2017\/06\/JoachimBlei20170621.jpg 480w, https:\/\/www.schiebener.net\/wordpress\/wp-content\/uploads\/2017\/06\/JoachimBlei20170621-200x300.jpg 200w\" sizes=\"auto, (max-width: 183px) 85vw, 183px\" \/><\/a><figcaption id=\"caption-attachment-38206\" class=\"wp-caption-text\">Joachim Blei: &#8222;Peinlich, was da abging!&#8220; (foto: dielinke)<\/figcaption><\/figure>\n<p><strong>Joachim Blei, stellvertreetender Fraktionsvorsitzender der Partei <em>Die Linke<\/em> im Kreistag, ist emp\u00f6rt \u00fcber die Art und Weise wie Landrat Dr. Karl Schneider die Einwohnerfragestunde zu Beginn der letzten Kreistagssitzung durchf\u00fchrte.<\/strong><\/p>\n<p>In einer Pressemitteilung schildert Blei seine Sicht der Fragestunde:<\/p>\n<p>\u201eDa rieben sich die Kreistagsmitglieder der Opposition die Augen und trauten ihren Ohren nicht, wie der Landrat in der vorigen Sitzung des Kreistags die Einwohnerfragestunde dazu nutzte, unliebsame Fragesteller zu g\u00e4ngeln.<\/p>\n<p>&#8222;Es herrschte vor\u00fcbergehend ein Klima wie in einer Diktatur. Peinlich, was da abging!&#8220;, so Joachim Blei, stellvertretender Fraktionsvorsitzender der Die Linke und f\u00fcgt hinzu: &#8222;Das m\u00f6chte ich nicht noch einmal erleben!&#8220;<\/p>\n<p>Die Fragesteller mussten ihre Personalien angeben, welche von der Kreisverwaltung notiert wurden und ihre Fragen vom Rednerpult im gro\u00dfen Sitzungssaal aus stellen.<\/p>\n<p>Forderungen des Landrats, die es fr\u00fcher nicht gab und die durchaus geeignet waren, die Einwohner zu verunsichern und einzusch\u00fcchtern.<\/p>\n<p>Deshalb hat nun die Fraktion der Die Linke einen Antrag zur \u00c4nderung der Gesch\u00e4ftsordnung an den Kreistag gerichtet, der die demokratischen Rechte der B\u00fcrger sichert.<\/p>\n<p>Bei der Abstimmung dar\u00fcber wird sich zeigen, was die \u00fcbrigen Kreistagsmitglieder \u00fcber Freiheit denken!<\/p>\n<p>Der Wortlaut der Erg\u00e4nzung der GSchO kann im Kreistagsinformationssytem nachgelesen werden.\u201d<br \/>\n&#8212;&#8212;&#8212;&#8212;&#8212;&#8212;&#8212;&#8212;&#8212;&#8212;&#8211;<\/p>\n<p>Der Antrag der Fraktion <em>Die Linke<\/em> ist <a href=\"https:\/\/www.schiebener.net\/wordpress\/wp-content\/uploads\/2017\/06\/Antrag-z.-\u00c4nderung-d.-GschO.pdf\" target=\"_blank\" rel=\"noopener\">auch hier<\/a> zu finden.<\/p>\n","protected":false},"excerpt":{"rendered":"<p>Joachim Blei, stellvertreetender Fraktionsvorsitzender der Partei Die Linke im Kreistag, ist emp\u00f6rt \u00fcber die Art und Weise wie Landrat Dr. Karl Schneider die Einwohnerfragestunde zu Beginn der letzten Kreistagssitzung durchf\u00fchrte. &hellip; <a href=\"https:\/\/www.schiebener.net\/wordpress\/kreistagsfraktion-der-linken-hsk-landrat-dr-schneider-demuetigt-fragenstellende-buerger\/\" class=\"more-link\"><span class=\"screen-reader-text\">\u201eKreistagsfraktion der Linken HSK: \u201eLandrat Dr. Schneider dem\u00fctigt fragenstellende B\u00fcrger\u201d\u201c <\/span>weiterlesen<\/a><\/p>\n","protected":false},"author":3,"featured_media":0,"comment_status":"open","ping_status":"open","sticky":false,"template":"","format":"standard","meta":{"footnotes":""},"categories":[303,80,24,1043],"tags":[5130,6868,389,6867],"class_list":["post-38205","post","type-post","status-publish","format-standard","hentry","category-in-unserem-briefkasten","category-lokales","category-politik","category-pressemitteilungen","tag-die-linke","tag-einwohner-fragestunde","tag-hsk","tag-kreistagsfraktion"],"_links":{"self":[{"href":"https:\/\/www.schiebener.net\/wordpress\/wp-json\/wp\/v2\/posts\/38205","targetHints":{"allow":["GET"]}}],"collection":[{"href":"https:\/\/www.schiebener.net\/wordpress\/wp-json\/wp\/v2\/posts"}],"about":[{"href":"https:\/\/www.schiebener.net\/wordpress\/wp-json\/wp\/v2\/types\/post"}],"author":[{"embeddable":true,"href":"https:\/\/www.schiebener.net\/wordpress\/wp-json\/wp\/v2\/users\/3"}],"replies":[{"embeddable":true,"href":"https:\/\/www.schiebener.net\/wordpress\/wp-json\/wp\/v2\/comments?post=38205"}],"version-history":[{"count":0,"href":"https:\/\/www.schiebener.net\/wordpress\/wp-json\/wp\/v2\/posts\/38205\/revisions"}],"wp:attachment":[{"href":"https:\/\/www.schiebener.net\/wordpress\/wp-json\/wp\/v2\/media?parent=38205"}],"wp:term":[{"taxonomy":"category","embeddable":true,"href":"https:\/\/www.schiebener.net\/wordpress\/wp-json\/wp\/v2\/categories?post=38205"},{"taxonomy":"post_tag","embeddable":true,"href":"https:\/\/www.schiebener.net\/wordpress\/wp-json\/wp\/v2\/tags?post=38205"}],"curies":[{"name":"wp","href":"https:\/\/api.w.org\/{rel}","templated":true}]}}