{"id":38203,"date":"2017-07-11T20:27:52","date_gmt":"2017-07-11T19:27:52","guid":{"rendered":"https:\/\/www.schiebener.net\/wordpress\/?p=38203"},"modified":"2017-07-11T20:27:52","modified_gmt":"2017-07-11T19:27:52","slug":"von-entenhausen-nach-hallenberg-i-feel-i-have-been-a-ghost-long-enough","status":"publish","type":"post","link":"https:\/\/www.schiebener.net\/wordpress\/von-entenhausen-nach-hallenberg-i-feel-i-have-been-a-ghost-long-enough\/","title":{"rendered":"Von Entenhausen nach Hallenberg: \u201eI feel I have been a ghost long enough &#8230;\u201c"},"content":{"rendered":"<figure id=\"attachment_38282\" aria-describedby=\"caption-attachment-38282\" style=\"width: 902px\" class=\"wp-caption aligncenter\"><a href=\"https:\/\/www.schiebener.net\/wordpress\/wp-content\/uploads\/2017\/06\/Entenhausen01.jpg\"><img loading=\"lazy\" decoding=\"async\" class=\"size-full wp-image-38282\" src=\"https:\/\/www.schiebener.net\/wordpress\/wp-content\/uploads\/2017\/06\/Entenhausen01.jpg\" alt=\"\" width=\"902\" height=\"486\" srcset=\"https:\/\/www.schiebener.net\/wordpress\/wp-content\/uploads\/2017\/06\/Entenhausen01.jpg 902w, https:\/\/www.schiebener.net\/wordpress\/wp-content\/uploads\/2017\/06\/Entenhausen01-300x162.jpg 300w, https:\/\/www.schiebener.net\/wordpress\/wp-content\/uploads\/2017\/06\/Entenhausen01-768x414.jpg 768w\" sizes=\"auto, (max-width: 709px) 85vw, (max-width: 909px) 67vw, (max-width: 1362px) 62vw, 840px\" \/><\/a><figcaption id=\"caption-attachment-38282\" class=\"wp-caption-text\">\u00dcbermorgen geht es los. Kump goes Disney.<\/figcaption><\/figure>\n<p><strong>Hallenberg. (kump_pm) Am Donnerstag, 13. Juli wird die n\u00e4chste Ausstellung im Kump in Hallenberg er\u00f6ffnet \u201cVon Entenhausen nach Hallenberg\u201c Walt Disneys gro\u00dfe Zeichner.<\/strong><\/p>\n<p>Eigentlich war die Er\u00f6ffnung bereits f\u00fcr den 22. Juni vorgesehen. Aber Ulrich Schr\u00f6der, der bekannte deutsche Disney-Zeichner, musste die Teilnahme an der Ausstellungser\u00f6ffnung wegen einem dringenden Termin in den USA absagen. Nun wurde ein neuer Termin gefunden, an dem Ulrich Schr\u00f6der nicht nur die Ausstellung vorstellen, sondern auch zeichnen und signieren wird.<\/p>\n<p><strong>Am Donnerstag 13. Juli um 19.00 Uhr wird die Ausstellung im Kump er\u00f6ffnet. Hierzu sind alle B\u00fcrger und G\u00e4ste herzlich eingeladen.<\/strong><\/p>\n<p>Donald Duck und Micky Maus \u2013 zwei Figuren aus der Comic-Welt, die fast jeder kennt.<\/p>\n<p>In dieser Ausstellung lernen Sie die drei genialen K\u00fcnstler hinter den Figuren kennen: Carl Barks, Al Taliaferro und Floyd Gottfredson. Sie haben die bekanntesten Disney-Comics \u00fcber Jahrzehnte gezeichnet und fast alle Nebenfiguren um Micky und Donald erfunden. Die Sonderausstellung zeigt \u00fcber 250 Arbeiten von 1933 bis 1995 aus der Sammlung von Ina Brockmann und Peter Reichelt: wertvolle Originale, Bleistift- und Tuschezeichnungen, Tagesstrips und Sonntagsseiten, Aquarelle und Lithographien. Die Entwicklung des Entenkosmos wird sichtbar und historische Disneydokumente geben einen Einblick in die Produktionsbedingungen dieser Zeit.<\/p>\n<figure id=\"attachment_38284\" aria-describedby=\"caption-attachment-38284\" style=\"width: 700px\" class=\"wp-caption aligncenter\"><a href=\"https:\/\/www.schiebener.net\/wordpress\/wp-content\/uploads\/2017\/06\/lt_Barks-1960erJahre.jpg\" target=\"_blank\" rel=\"noopener\"><img loading=\"lazy\" decoding=\"async\" class=\"wp-image-38284\" src=\"https:\/\/www.schiebener.net\/wordpress\/wp-content\/uploads\/2017\/06\/lt_Barks-1960erJahre.jpg\" alt=\"\" width=\"700\" height=\"631\" srcset=\"https:\/\/www.schiebener.net\/wordpress\/wp-content\/uploads\/2017\/06\/lt_Barks-1960erJahre.jpg 1024w, https:\/\/www.schiebener.net\/wordpress\/wp-content\/uploads\/2017\/06\/lt_Barks-1960erJahre-300x270.jpg 300w, https:\/\/www.schiebener.net\/wordpress\/wp-content\/uploads\/2017\/06\/lt_Barks-1960erJahre-768x692.jpg 768w\" sizes=\"auto, (max-width: 709px) 85vw, (max-width: 909px) 67vw, (max-width: 984px) 61vw, (max-width: 1362px) 45vw, 600px\" \/><\/a><figcaption id=\"caption-attachment-38284\" class=\"wp-caption-text\">Carl Barks in den 60er Jahren des vorigen Jahrhunderts.<\/figcaption><\/figure>\n<p>Carl Barks, Al Taliaferro und Floyd Gottfredson sind die Urheber einer Figurenwelt, die bis heute Teil unseres kollektiven Ged\u00e4chtnisses und unserer Alltagskultur ist. Diese drei K\u00fcnstler haben seit den 1930er Jahren das Genre der Comics im Unternehmen von Walt Disney entscheidend entwickelt und gepr\u00e4gt. Mit den gezeichneten, getexteten und oft mit Sprechblasen versehenen Bildergeschichten wurden ihre Comics ein \u00f6konomisch erfolgreiches Lizenz-Produkt des Disney-Konzerns in Abgrenzung zur Trickfilm-Produktion.<\/p>\n<p><strong>Carl Barks<\/strong> (27.03.1901 \u2013 25.08.2000), der kongeniale Zeichner und Texter \u00fcbernahm 1943 die Figur Donald Duck und entwickelte als erster Autor mehrseitige Disney-Comicgeschichten mit mehr als 10 Seiten. Neben seiner romanhaften Phantasie ist sein Zeichenstrich und das Aufbrechen der Seitenarchitektur bis heute legend\u00e4r. In 24 Jahren erfand er \u00fcber 850 Disney-Comics und das ber\u00fchmte Entenhausen mit all seinen Bewohnern, u.a. Dagobert Duck und Daniel D\u00fcsentrieb.<\/p>\n<p><strong>Alfred \u201eAl\u201c Taliaferro<\/strong> (29.08.1905 \u2013 03.02.1969) hat eine namenlose Ente aus der Trickfilmproduktion genommen und aus ihr die uns heute so bekannte Figur Donald Duck entwickelt. Er spendierte ihm neben vielen anderen Verwandten auch die Neffen Tick, Trick und Track. In 38 Arbeitsjahren bei Disney zeichnete er bis zu seinem Tod insgesamt 10.312 Tagesstrips und 2.089 Sonntagsseiten.<\/p>\n<p><strong>Floyd Gottfredson<\/strong> (05.05.1905 \u2013 22.07.1986) ist der eigentliche Vater von Micky Maus und des Mausiversums. Kein Disney-Zeichner hat l\u00e4nger als er kontinuierlich an einer Figur gearbeitet. In diesen knapp \u00fcber 45 Jahren zeichnete und textete er \u00fcber 15.000 Tagesstrips und Sonntagsseiten, ausschlie\u00dflich mit der Micky Maus.<\/p>\n<p>Die Identit\u00e4t der Sch\u00f6pfer von Donald, Micky und ihrer Kollegen wurde \u00fcber Jahrzehnte hinweg hinter der Corporate Identity des Disney-Konzerns geheim gehalten. Die k\u00fcnstlerische Arbeit wird nun den wahren Urhebern zugeordnet und das hartn\u00e4ckige Ger\u00fccht aus der Welt geschafft: \u201egezeichnet Walt Disney!\u201c Erst kurz vor seinem Tod erkennt Al Taliaferro: \u201eI feel I have been a ghost long enough\u2026\u201c.<\/p>\n<p><strong>Ulrich Schr\u00f6der<\/strong><\/p>\n<figure id=\"attachment_38285\" aria-describedby=\"caption-attachment-38285\" style=\"width: 172px\" class=\"wp-caption alignleft\"><img loading=\"lazy\" decoding=\"async\" class=\" wp-image-38285\" src=\"https:\/\/www.schiebener.net\/wordpress\/wp-content\/uploads\/2017\/06\/Ulrich-Schr\u00f6der.jpg\" alt=\"\" width=\"172\" height=\"221\" srcset=\"https:\/\/www.schiebener.net\/wordpress\/wp-content\/uploads\/2017\/06\/Ulrich-Schr\u00f6der.jpg 274w, https:\/\/www.schiebener.net\/wordpress\/wp-content\/uploads\/2017\/06\/Ulrich-Schr\u00f6der-234x300.jpg 234w\" sizes=\"auto, (max-width: 172px) 85vw, 172px\" \/><figcaption id=\"caption-attachment-38285\" class=\"wp-caption-text\">Ulrich Schr\u00f6der kommt nach Hallenberg.<\/figcaption><\/figure>\n<p>Der aus Deutschland stammende Ulrich Schr\u00f6der zeichnet heute Geschichten und vor allem Cover rund um Maus und Ente.<\/p>\n<p>Ulrich Schr\u00f6der, der als legitimer Nachfolger von Carl Barks gilt, lebt in Paris. Er wird bei der Er\u00f6ffnung dabei sein und zeichnen und signieren. Am Freitag, 14. Juli wird er au\u00dferdem in den Hallenberger Schulen Zeichenstunden gehen und zeigen wie Micky und Donald entstehen.<\/p>\n<p>Die Ausstellung l\u00e4uft bis zum 20. August 2017. Der Eintritt ist frei<\/p>\n<p><strong>\u00d6ffnungszeiten:<\/strong><br \/>\nMontag bis Samstag von 9.30 bis 12.30 Uhr.<br \/>\nMontag, Donnerstag, Freitag und Sonntag von 14.30 bis 16.30 Uhr<\/p>\n","protected":false},"excerpt":{"rendered":"<p>Hallenberg. (kump_pm) Am Donnerstag, 13. Juli wird die n\u00e4chste Ausstellung im Kump in Hallenberg er\u00f6ffnet \u201cVon Entenhausen nach Hallenberg\u201c Walt Disneys gro\u00dfe Zeichner. Eigentlich war die Er\u00f6ffnung bereits f\u00fcr den &hellip; <a href=\"https:\/\/www.schiebener.net\/wordpress\/von-entenhausen-nach-hallenberg-i-feel-i-have-been-a-ghost-long-enough\/\" class=\"more-link\"><span class=\"screen-reader-text\">\u201eVon Entenhausen nach Hallenberg: \u201eI feel I have been a ghost long enough &#8230;\u201c\u201c <\/span>weiterlesen<\/a><\/p>\n","protected":false},"author":17,"featured_media":0,"comment_status":"open","ping_status":"open","sticky":false,"template":"","format":"standard","meta":{"footnotes":""},"categories":[303,674,854,80,32,1043],"tags":[6866,6865,5751,6864],"class_list":["post-38203","post","type-post","status-publish","format-standard","hentry","category-in-unserem-briefkasten","category-kultur","category-kunst","category-lokales","category-medien","category-pressemitteilungen","tag-disney","tag-donald-duck-und-micky-maus","tag-kump-hallenberg","tag-ulrich-schroeder"],"_links":{"self":[{"href":"https:\/\/www.schiebener.net\/wordpress\/wp-json\/wp\/v2\/posts\/38203","targetHints":{"allow":["GET"]}}],"collection":[{"href":"https:\/\/www.schiebener.net\/wordpress\/wp-json\/wp\/v2\/posts"}],"about":[{"href":"https:\/\/www.schiebener.net\/wordpress\/wp-json\/wp\/v2\/types\/post"}],"author":[{"embeddable":true,"href":"https:\/\/www.schiebener.net\/wordpress\/wp-json\/wp\/v2\/users\/17"}],"replies":[{"embeddable":true,"href":"https:\/\/www.schiebener.net\/wordpress\/wp-json\/wp\/v2\/comments?post=38203"}],"version-history":[{"count":0,"href":"https:\/\/www.schiebener.net\/wordpress\/wp-json\/wp\/v2\/posts\/38203\/revisions"}],"wp:attachment":[{"href":"https:\/\/www.schiebener.net\/wordpress\/wp-json\/wp\/v2\/media?parent=38203"}],"wp:term":[{"taxonomy":"category","embeddable":true,"href":"https:\/\/www.schiebener.net\/wordpress\/wp-json\/wp\/v2\/categories?post=38203"},{"taxonomy":"post_tag","embeddable":true,"href":"https:\/\/www.schiebener.net\/wordpress\/wp-json\/wp\/v2\/tags?post=38203"}],"curies":[{"name":"wp","href":"https:\/\/api.w.org\/{rel}","templated":true}]}}