{"id":38198,"date":"2017-06-19T20:54:35","date_gmt":"2017-06-19T19:54:35","guid":{"rendered":"https:\/\/www.schiebener.net\/wordpress\/?p=38198"},"modified":"2017-06-19T20:58:05","modified_gmt":"2017-06-19T19:58:05","slug":"ab-mittwoch-gehts-wieder-bergab-den-moment-festhalten","status":"publish","type":"post","link":"https:\/\/www.schiebener.net\/wordpress\/ab-mittwoch-gehts-wieder-bergab-den-moment-festhalten\/","title":{"rendered":"Ab Mittwoch geht&#8217;s wieder bergab. Den Moment festhalten?"},"content":{"rendered":"<figure id=\"attachment_38199\" aria-describedby=\"caption-attachment-38199\" style=\"width: 700px\" class=\"wp-caption aligncenter\"><a href=\"https:\/\/www.schiebener.net\/wordpress\/wp-content\/uploads\/2017\/06\/Abendsonne20170619.jpg\" target=\"_blank\" rel=\"noopener\"><img loading=\"lazy\" decoding=\"async\" class=\"wp-image-38199\" src=\"https:\/\/www.schiebener.net\/wordpress\/wp-content\/uploads\/2017\/06\/Abendsonne20170619.jpg\" alt=\"\" width=\"700\" height=\"467\" srcset=\"https:\/\/www.schiebener.net\/wordpress\/wp-content\/uploads\/2017\/06\/Abendsonne20170619.jpg 1024w, https:\/\/www.schiebener.net\/wordpress\/wp-content\/uploads\/2017\/06\/Abendsonne20170619-300x200.jpg 300w, https:\/\/www.schiebener.net\/wordpress\/wp-content\/uploads\/2017\/06\/Abendsonne20170619-768x512.jpg 768w\" sizes=\"auto, (max-width: 709px) 85vw, (max-width: 909px) 67vw, (max-width: 984px) 61vw, (max-width: 1362px) 45vw, 600px\" \/><\/a><figcaption id=\"caption-attachment-38199\" class=\"wp-caption-text\">Auch heute ist der Tag in Winterberg schon 16 Stunden und 32 Minuten lang. (foto: zoom)<\/figcaption><\/figure>\n<p><strong>Am 21. Juni um 21:43 Uhr wird <a href=\"http:\/\/www.sunrise-and-sunset.com\/de\/sun\/deutschland\/winterberg\/2017\/juni\/21\" target=\"_blank\" rel=\"noopener\">der l\u00e4ngste Tag des Jahres in Winterberg<\/a> zu Ende gehen. Es wird allerdings nicht schlagartig dunkel, denn nach dem Sonnenuntergang soll die Abendd\u00e4mmerung noch bis 22:30 Uhr andauern.<\/strong><\/p>\n<p>In den letzten Jahrzehnten und Jahren sind die &#8222;besonderen&#8220; Tage immer sehr fl\u00fcchtig an mir vorbei gezogen.<\/p>\n<p>Was, wie? Gestern schon wieder der l\u00e4ngste Tag?\u00a0 Gerade erst Schnee und Fr\u00fchlingsbeginn. Wir\u00a0 fangen doch erst mit dem Sommer an.<\/p>\n<p>Kaum gedacht und ausgesprochen, fliegt die Zeit dem k\u00fcrzesten Tag des Jahres entgegen. Wo bleiben die Jahre?<\/p>\n<p>Ich f\u00fchle mich wie meine Mutter und mein Vater bei ihren vergeblichen Versuchen, die Zeit zum Stillstand zu bringen. Wie l\u00e4cherlich! L\u00e4cherlich?<\/p>\n<p>Tempus fugit, und doch dreht sich alles im Kreis.<\/p>\n<p>Vielleicht f\u00e4llt mir bis zum Mittwoch noch ein, wie ich den l\u00e4ngsten Tag des Jahres 2017 stoppen kann, wenigstens ein kleines bisschen.<\/p>\n<p>&#8222;In jedem Nu beginnt das Sein; um jedes Hier rollt sich die Kugel Dort. Die Mitte ist \u00fcberall. Krumm ist der Pfad der Ewigkeit.&#8220;<\/p>\n","protected":false},"excerpt":{"rendered":"<p>Am 21. Juni um 21:43 Uhr wird der l\u00e4ngste Tag des Jahres in Winterberg zu Ende gehen. Es wird allerdings nicht schlagartig dunkel, denn nach dem Sonnenuntergang soll die Abendd\u00e4mmerung &hellip; <a href=\"https:\/\/www.schiebener.net\/wordpress\/ab-mittwoch-gehts-wieder-bergab-den-moment-festhalten\/\" class=\"more-link\"><span class=\"screen-reader-text\">\u201eAb Mittwoch geht&#8217;s wieder bergab. Den Moment festhalten?\u201c <\/span>weiterlesen<\/a><\/p>\n","protected":false},"author":3,"featured_media":0,"comment_status":"open","ping_status":"open","sticky":false,"template":"","format":"standard","meta":{"footnotes":""},"categories":[174],"tags":[6863,6862],"class_list":["post-38198","post","type-post","status-publish","format-standard","hentry","category-dit-und-dat","tag-laengster-tag-2017","tag-sommersonnenwende"],"_links":{"self":[{"href":"https:\/\/www.schiebener.net\/wordpress\/wp-json\/wp\/v2\/posts\/38198","targetHints":{"allow":["GET"]}}],"collection":[{"href":"https:\/\/www.schiebener.net\/wordpress\/wp-json\/wp\/v2\/posts"}],"about":[{"href":"https:\/\/www.schiebener.net\/wordpress\/wp-json\/wp\/v2\/types\/post"}],"author":[{"embeddable":true,"href":"https:\/\/www.schiebener.net\/wordpress\/wp-json\/wp\/v2\/users\/3"}],"replies":[{"embeddable":true,"href":"https:\/\/www.schiebener.net\/wordpress\/wp-json\/wp\/v2\/comments?post=38198"}],"version-history":[{"count":0,"href":"https:\/\/www.schiebener.net\/wordpress\/wp-json\/wp\/v2\/posts\/38198\/revisions"}],"wp:attachment":[{"href":"https:\/\/www.schiebener.net\/wordpress\/wp-json\/wp\/v2\/media?parent=38198"}],"wp:term":[{"taxonomy":"category","embeddable":true,"href":"https:\/\/www.schiebener.net\/wordpress\/wp-json\/wp\/v2\/categories?post=38198"},{"taxonomy":"post_tag","embeddable":true,"href":"https:\/\/www.schiebener.net\/wordpress\/wp-json\/wp\/v2\/tags?post=38198"}],"curies":[{"name":"wp","href":"https:\/\/api.w.org\/{rel}","templated":true}]}}