{"id":38187,"date":"2017-06-18T16:34:17","date_gmt":"2017-06-18T15:34:17","guid":{"rendered":"https:\/\/www.schiebener.net\/wordpress\/?p=38187"},"modified":"2017-06-18T16:34:17","modified_gmt":"2017-06-18T15:34:17","slug":"pressemitteilung-spd-fraktion-im-rat-der-stadt-sundern-setzt-sich-fuer-die-fortsetzung-der-schulsozialarbeit-ein","status":"publish","type":"post","link":"https:\/\/www.schiebener.net\/wordpress\/pressemitteilung-spd-fraktion-im-rat-der-stadt-sundern-setzt-sich-fuer-die-fortsetzung-der-schulsozialarbeit-ein\/","title":{"rendered":"Pressemitteilung: SPD Fraktion im Rat der Stadt Sundern setzt sich f\u00fcr die Fortsetzung der Schulsozialarbeit ein"},"content":{"rendered":"<p><img loading=\"lazy\" decoding=\"async\" class=\"aligncenter size-full wp-image-38189\" src=\"https:\/\/www.schiebener.net\/wordpress\/wp-content\/uploads\/2017\/06\/spdsundern20170618.jpg\" alt=\"\" width=\"700\" height=\"394\" srcset=\"https:\/\/www.schiebener.net\/wordpress\/wp-content\/uploads\/2017\/06\/spdsundern20170618.jpg 700w, https:\/\/www.schiebener.net\/wordpress\/wp-content\/uploads\/2017\/06\/spdsundern20170618-300x169.jpg 300w\" sizes=\"auto, (max-width: 709px) 85vw, (max-width: 909px) 67vw, (max-width: 984px) 61vw, (max-width: 1362px) 45vw, 600px\" \/><strong>Sundern. (pm) Der Jugendhilfeausschuss hat sich in seiner letzten Sitzung einstimmig f\u00fcr die Fortsetzung der aus Landesmitteln gef\u00f6rderten Schulsozialarbeit ausgesprochen.<\/strong><\/p>\n<p>\u201eSchulsozialarbeit gewinnt zunehmend an Bedeutung\u201c, stellt Lars D\u00fcnnebacke f\u00fcr die SPD Fraktion fest. \u201eSoziale Herkunft ist immer noch entscheidend f\u00fcr den Bildungserfolg. Durch Schulsozialarbeit lassen sich unterschiedliche Startchancen ausgleichen.\u201c<\/p>\n<p>In Sundern wird aktuell die Stelle einer Schulsozialarbeiterin zu 90% aus Landesmittel finanziert. Sie unterst\u00fctzt die Arbeit an den f\u00fcnf st\u00e4dtischen Grundschulen. Alle Schulleiterinnen haben sich f\u00fcr die Fortsetzung der Arbeit eingesetzt.<\/p>\n<p>Die 10% Eigenmittel wurden bisher vom Hochsauerlandkreis finanziert. Das Land k\u00fcrzt 2018 den Zuschuss auf 60%, der Kreis zieht sich vollst\u00e4ndig aus der Finanzierung zur\u00fcck.<\/p>\n<p>F\u00fcr die Stadt Sundern bedeutet dies, dass bei Fortsetzung des Programms Belastungen in H\u00f6he von 24.000,- Tsd. \u20ac j\u00e4hrlich entstehen.<\/p>\n<p>Die SPD Fraktion hat daher die Verwaltung aufgefordert, sich beim Kreis f\u00fcr eine Beteiligung an der 40% Finanzierung einzusetzen.<\/p>\n<p>\u201eAnsonsten m\u00fcssten im Rahmen der Haushaltsberatungen f\u00fcr 2018 die Mittel vom Rat bereit gestellt werden\u201c, fordert D\u00fcnnebacke. Da es sich um freiwillige Leistungen handelt, ist dies nur zu Lasten anderer freiwilliger Leistungen m\u00f6glich.<\/p>\n","protected":false},"excerpt":{"rendered":"<p>Sundern. (pm) Der Jugendhilfeausschuss hat sich in seiner letzten Sitzung einstimmig f\u00fcr die Fortsetzung der aus Landesmitteln gef\u00f6rderten Schulsozialarbeit ausgesprochen. \u201eSchulsozialarbeit gewinnt zunehmend an Bedeutung\u201c, stellt Lars D\u00fcnnebacke f\u00fcr die &hellip; <a href=\"https:\/\/www.schiebener.net\/wordpress\/pressemitteilung-spd-fraktion-im-rat-der-stadt-sundern-setzt-sich-fuer-die-fortsetzung-der-schulsozialarbeit-ein\/\" class=\"more-link\"><span class=\"screen-reader-text\">\u201ePressemitteilung: SPD Fraktion im Rat der Stadt Sundern setzt sich f\u00fcr die Fortsetzung der Schulsozialarbeit ein\u201c <\/span>weiterlesen<\/a><\/p>\n","protected":false},"author":17,"featured_media":0,"comment_status":"open","ping_status":"open","sticky":false,"template":"","format":"standard","meta":{"footnotes":""},"categories":[3,303,80,24,1043,4761],"tags":[6859,5292,6346,886],"class_list":["post-38187","post","type-post","status-publish","format-standard","hentry","category-bildung-und-schule","category-in-unserem-briefkasten","category-lokales","category-politik","category-pressemitteilungen","category-soziales","tag-jugendhilfeausschuss","tag-schulsozialarbeit","tag-spd-fraktion","tag-sundern"],"_links":{"self":[{"href":"https:\/\/www.schiebener.net\/wordpress\/wp-json\/wp\/v2\/posts\/38187","targetHints":{"allow":["GET"]}}],"collection":[{"href":"https:\/\/www.schiebener.net\/wordpress\/wp-json\/wp\/v2\/posts"}],"about":[{"href":"https:\/\/www.schiebener.net\/wordpress\/wp-json\/wp\/v2\/types\/post"}],"author":[{"embeddable":true,"href":"https:\/\/www.schiebener.net\/wordpress\/wp-json\/wp\/v2\/users\/17"}],"replies":[{"embeddable":true,"href":"https:\/\/www.schiebener.net\/wordpress\/wp-json\/wp\/v2\/comments?post=38187"}],"version-history":[{"count":0,"href":"https:\/\/www.schiebener.net\/wordpress\/wp-json\/wp\/v2\/posts\/38187\/revisions"}],"wp:attachment":[{"href":"https:\/\/www.schiebener.net\/wordpress\/wp-json\/wp\/v2\/media?parent=38187"}],"wp:term":[{"taxonomy":"category","embeddable":true,"href":"https:\/\/www.schiebener.net\/wordpress\/wp-json\/wp\/v2\/categories?post=38187"},{"taxonomy":"post_tag","embeddable":true,"href":"https:\/\/www.schiebener.net\/wordpress\/wp-json\/wp\/v2\/tags?post=38187"}],"curies":[{"name":"wp","href":"https:\/\/api.w.org\/{rel}","templated":true}]}}