{"id":38157,"date":"2017-06-15T20:47:57","date_gmt":"2017-06-15T19:47:57","guid":{"rendered":"https:\/\/www.schiebener.net\/wordpress\/?p=38157"},"modified":"2017-06-15T20:50:38","modified_gmt":"2017-06-15T19:50:38","slug":"die-kreistagsfraktion-sauerlaender-buergerliste-sblfw-laedt-zur-oeffentlichen-fraktionssitzung-nach-siedlinghausen-in-den-gasthof-lingenauber-ein","status":"publish","type":"post","link":"https:\/\/www.schiebener.net\/wordpress\/die-kreistagsfraktion-sauerlaender-buergerliste-sblfw-laedt-zur-oeffentlichen-fraktionssitzung-nach-siedlinghausen-in-den-gasthof-lingenauber-ein\/","title":{"rendered":"Die Kreistagsfraktion Sauerl\u00e4nder B\u00fcrgerliste (SBL\/FW) l\u00e4dt zur \u00f6ffentlichen Fraktionssitzung nach Siedlinghausen in den Gasthof Lingenauber ein"},"content":{"rendered":"<p><img loading=\"lazy\" decoding=\"async\" class=\"aligncenter size-full wp-image-38161\" src=\"https:\/\/www.schiebener.net\/wordpress\/wp-content\/uploads\/2017\/06\/SBLSiedlinghausen20170615.jpg\" alt=\"\" width=\"700\" height=\"400\" srcset=\"https:\/\/www.schiebener.net\/wordpress\/wp-content\/uploads\/2017\/06\/SBLSiedlinghausen20170615.jpg 700w, https:\/\/www.schiebener.net\/wordpress\/wp-content\/uploads\/2017\/06\/SBLSiedlinghausen20170615-300x171.jpg 300w\" sizes=\"auto, (max-width: 709px) 85vw, (max-width: 909px) 67vw, (max-width: 984px) 61vw, (max-width: 1362px) 45vw, 600px\" \/><strong>Die \u00f6ffentliche Fraktionssitzung der Sauerl\u00e4nder B\u00fcrgerliste (SBL\/FW) findet am Montag dem 26.06.2017, Beginn 19.00 Uhr im Gasthof Lingenauber, Hochsauerlandstra\u00dfe 15, 59955 Winterberg-Siedlinghausen statt.<\/strong><\/p>\n<p><em>(Dies ist eine Pressemitteilung der <a href=\"http:\/\/sbl-fraktion.de\/\" target=\"_blank\" rel=\"noopener\"><strong>Sauerl\u00e4nder B\u00fcrgerliste\/FW<\/strong><\/a>)<\/em><\/p>\n<p>Stefan Rabe und Reinhard Loos laden alle Interessierten herzlich ein, vor allem die &#8222;Freien W\u00e4hler&#8220; Winterberg. Die Mitglieder der SBL\/FW-Fraktion freuen sich auf Ihr Interesse und auf einen lebhaften Informations- und Meinungsaustausch.<\/p>\n<p>Die &#8222;<a href=\"https:\/\/www.schiebener.net\/wordpress\/leserbrief-zum-artikel-cdu-antrag-reden-im-rat-kuerzer-fassen-in-der-wp-brilon-vom-09-06-2017\/\" target=\"_blank\" rel=\"noopener\">Lex Loos<\/a>&#8220; (einige Briloner wissen was gemeint ist), soll auf der Fraktionssitzung m\u00f6glichst nur ein Randthema sein. Viel wichtiger ist es den SBL\/FW-Kreistagsabgeordenten Stefan Rabe und Reinhard Loos, Fraktionsmitglieder und G\u00e4ste \u00fcber die Themen der kommenden Kreistagssitzung zu informieren.<\/p>\n<p>Auf der Tagesordnung der Kreistagssitzung am Freitag dem 30.06.2017 im Kreishaus in Meschede stehen beispielsweise Entscheidungen \u00fcber Elternbeitr\u00e4ge in Kindertagesst\u00e4tten (r\u00fcckwirkende Satzungs\u00e4nderung), Entwicklung der Notarztstandorte und Fortschreibung des Rettungsdienstbedarfsplans, Gesundheitsweb-Seite f\u00fcr den Hochsauerlandkreis und \u00fcber das vor dem Sozialgericht Dortmund gescheiterte *Schl\u00fcssige Konzept\u201c des HSK zu angemessenen Unterkunftskosten an. Zudem berichten die Fraktionsmitglieder der SBL\/FW aus den Fachaussch\u00fcssen.<\/p>\n<p>Es gibt viele Fragen und Diskussionsstoff, vielleicht auch dar\u00fcber, welche Linie die neue Landesregierung vorgeben wird.<\/p>\n<ul>\n<li>Inwiefern \u00e4ndert sich mit der neuen Landesregierung f\u00fcr den Hochsauerlandkreis und f\u00fcr Winterberg?<\/li>\n<li>Gibt es Neuigkeiten \u00fcber den ins Visier der Staatsanwaltschaft geratenen Ziegenhof bei Brilon?<\/li>\n<li>Wie ist aktuelle Situation bei der Verbundschule Winterberg-Siedlinghausen?<\/li>\n<\/ul>\n","protected":false},"excerpt":{"rendered":"<p>Die \u00f6ffentliche Fraktionssitzung der Sauerl\u00e4nder B\u00fcrgerliste (SBL\/FW) findet am Montag dem 26.06.2017, Beginn 19.00 Uhr im Gasthof Lingenauber, Hochsauerlandstra\u00dfe 15, 59955 Winterberg-Siedlinghausen statt. (Dies ist eine Pressemitteilung der Sauerl\u00e4nder B\u00fcrgerliste\/FW) &hellip; <a href=\"https:\/\/www.schiebener.net\/wordpress\/die-kreistagsfraktion-sauerlaender-buergerliste-sblfw-laedt-zur-oeffentlichen-fraktionssitzung-nach-siedlinghausen-in-den-gasthof-lingenauber-ein\/\" class=\"more-link\"><span class=\"screen-reader-text\">\u201eDie Kreistagsfraktion Sauerl\u00e4nder B\u00fcrgerliste (SBL\/FW) l\u00e4dt zur \u00f6ffentlichen Fraktionssitzung nach Siedlinghausen in den Gasthof Lingenauber ein\u201c <\/span>weiterlesen<\/a><\/p>\n","protected":false},"author":3,"featured_media":0,"comment_status":"open","ping_status":"open","sticky":false,"template":"","format":"standard","meta":{"footnotes":""},"categories":[303,80,24,1043],"tags":[1476,6853,655,6854,6725,111],"class_list":["post-38157","post","type-post","status-publish","format-standard","hentry","category-in-unserem-briefkasten","category-lokales","category-politik","category-pressemitteilungen","tag-lingenauber","tag-oeffentliche-fraktionssitzung","tag-pressemitteilung","tag-sauerlaender-buergerliste-sblfw","tag-sblfw-fraktion","tag-siedlinghausen"],"_links":{"self":[{"href":"https:\/\/www.schiebener.net\/wordpress\/wp-json\/wp\/v2\/posts\/38157","targetHints":{"allow":["GET"]}}],"collection":[{"href":"https:\/\/www.schiebener.net\/wordpress\/wp-json\/wp\/v2\/posts"}],"about":[{"href":"https:\/\/www.schiebener.net\/wordpress\/wp-json\/wp\/v2\/types\/post"}],"author":[{"embeddable":true,"href":"https:\/\/www.schiebener.net\/wordpress\/wp-json\/wp\/v2\/users\/3"}],"replies":[{"embeddable":true,"href":"https:\/\/www.schiebener.net\/wordpress\/wp-json\/wp\/v2\/comments?post=38157"}],"version-history":[{"count":0,"href":"https:\/\/www.schiebener.net\/wordpress\/wp-json\/wp\/v2\/posts\/38157\/revisions"}],"wp:attachment":[{"href":"https:\/\/www.schiebener.net\/wordpress\/wp-json\/wp\/v2\/media?parent=38157"}],"wp:term":[{"taxonomy":"category","embeddable":true,"href":"https:\/\/www.schiebener.net\/wordpress\/wp-json\/wp\/v2\/categories?post=38157"},{"taxonomy":"post_tag","embeddable":true,"href":"https:\/\/www.schiebener.net\/wordpress\/wp-json\/wp\/v2\/tags?post=38157"}],"curies":[{"name":"wp","href":"https:\/\/api.w.org\/{rel}","templated":true}]}}