{"id":38146,"date":"2017-06-12T20:59:55","date_gmt":"2017-06-12T19:59:55","guid":{"rendered":"https:\/\/www.schiebener.net\/wordpress\/?p=38146"},"modified":"2017-06-12T20:59:55","modified_gmt":"2017-06-12T19:59:55","slug":"umleitung-vom-moers-festival-bis-zu-armin-mueller-stahl-dazwischen-der-klimawandel-die-spd-und-die-funke-mediengruppe","status":"publish","type":"post","link":"https:\/\/www.schiebener.net\/wordpress\/umleitung-vom-moers-festival-bis-zu-armin-mueller-stahl-dazwischen-der-klimawandel-die-spd-und-die-funke-mediengruppe\/","title":{"rendered":"Umleitung: vom Moers Festival bis zu Armin M\u00fcller-Stahl, dazwischen der Klimawandel, die SPD und die Funke Mediengruppe"},"content":{"rendered":"<figure id=\"attachment_38147\" aria-describedby=\"caption-attachment-38147\" style=\"width: 700px\" class=\"wp-caption aligncenter\"><a href=\"https:\/\/www.schiebener.net\/wordpress\/wp-content\/uploads\/2017\/06\/Holzstapel201706.jpg\" target=\"_blank\" rel=\"noopener\"><img loading=\"lazy\" decoding=\"async\" class=\"wp-image-38147\" src=\"https:\/\/www.schiebener.net\/wordpress\/wp-content\/uploads\/2017\/06\/Holzstapel201706.jpg\" alt=\"\" width=\"700\" height=\"467\" srcset=\"https:\/\/www.schiebener.net\/wordpress\/wp-content\/uploads\/2017\/06\/Holzstapel201706.jpg 1024w, https:\/\/www.schiebener.net\/wordpress\/wp-content\/uploads\/2017\/06\/Holzstapel201706-300x200.jpg 300w, https:\/\/www.schiebener.net\/wordpress\/wp-content\/uploads\/2017\/06\/Holzstapel201706-768x512.jpg 768w\" sizes=\"auto, (max-width: 709px) 85vw, (max-width: 909px) 67vw, (max-width: 984px) 61vw, (max-width: 1362px) 45vw, 600px\" \/><\/a><figcaption id=\"caption-attachment-38147\" class=\"wp-caption-text\">Ein Holzstapel, ein Baum, eine Wiese &#8211; hier wohne ich. (foto: zoom)<\/figcaption><\/figure>\n<p><strong>Alt und Neu:<\/strong> Moers Festival 2017 &#8230; <a href=\"http:\/\/www.endoplast.de\/2017\/06\/06\/alt-und-neu-moers-festival-2017\/\" target=\"_blank\" rel=\"noopener\">endoplast<\/a><\/p>\n<p><strong>Moers ist ganz woanders \u2013 eine Nachlese zum Festival:<\/strong> Mit Sorge sahen langj\u00e4hrige Besucher der Zukunft ihres Festivals entgegen &#8230; <a href=\"https:\/\/www.revierpassagen.de\/43895\/moers-ist-ganz-woanders-eine-nachlese-zum-festival\/20170607_1000\" target=\"_blank\" rel=\"noopener\">revierpassagen<\/a><\/p>\n<p><strong>Die SPD will sich wieder einmal erneuern:<\/strong> Legt Groschek den Grund- oder den Grabstein? &#8230; <a href=\"http:\/\/post-von-horn.de\/2017\/06\/12\/legt-groschek-den-grund-oder-den-grabstein\/\" target=\"_blank\" rel=\"noopener\">postvonhorn<\/a><\/p>\n<p><strong>Funke-Beteiligungen sagt:<\/strong> irgendwo im riesigen Universum der Mediengruppe kreist der Pluto &#8222;Westfalenpost&#8220; &#8230; <a href=\"http:\/\/www.medienmoral-nrw.de\/2015\/08\/absichtlich_druck_aufbauen\/#comment-259547\" target=\"_blank\" rel=\"noopener\">medienmoral<\/a><\/p>\n<p><strong>Klimawandel:<\/strong> Wie schlimm ist Trumps K\u00fcndigung des Pariser Klimaabkommens? &#8230; <a href=\"https:\/\/scilogs.spektrum.de\/gedankenwerkstatt\/wie-schlimm-ist-trumps-kuendigung-des-pariser-klimaabkommens\/\" target=\"_blank\" rel=\"noopener\">scilogs<\/a><\/p>\n<p><strong>\u201cAmerikas nicht vollendete Revolution\u201d:<\/strong> Der Fall der vergessenen und missverstandenen \u00c4ra &#8230; <a href=\"https:\/\/public-history-weekly.degruyter.com\/5-2017-22\/reconstruction-missing-and-misunderstood-era\/\" target=\"_blank\" rel=\"noopener\">publicHistory<\/a><\/p>\n<p><strong>\u00bbWir stehen zu Israel!\u00ab:<\/strong> In Frankfurt demonstrierte ein breites B\u00fcndnis f\u00fcr den j\u00fcdischen Staat und gegen eine antizionistische Konferenz &#8230; <a href=\"http:\/\/www.juedische-allgemeine.de\/article\/view\/id\/28776\" target=\"_blank\" rel=\"noopener\">juedischeallgemeine<\/a><\/p>\n<p><strong>\u201eAchtung, Vorsicht, Jude\u201c:<\/strong> Peter Finkelgruens Brief an den WDR-Intendanten &#8230; <a href=\"http:\/\/www.prinzessinnenreporter.de\/achtung-vorsicht-jude-peter-finkelgruens-brief-an-den-wdr-intendanten\/\" target=\"_blank\" rel=\"noopener\">prinzessinenreporter<\/a><\/p>\n<p><strong>Armin Mueller-Stahl \u2013 Menschenbilder:<\/strong> 25. Juni bis 3. September 2017, Osthaus-Museum Hagen &#8230; <a href=\"https:\/\/doppelwacholder.wordpress.com\/2017\/06\/09\/armin-mueller-stahl-menschenbilder\/\" target=\"_blank\" rel=\"noopener\">doppelwacholder<\/a><\/p>\n","protected":false},"excerpt":{"rendered":"<p>Alt und Neu: Moers Festival 2017 &#8230; endoplast Moers ist ganz woanders \u2013 eine Nachlese zum Festival: Mit Sorge sahen langj\u00e4hrige Besucher der Zukunft ihres Festivals entgegen &#8230; revierpassagen Die &hellip; <a href=\"https:\/\/www.schiebener.net\/wordpress\/umleitung-vom-moers-festival-bis-zu-armin-mueller-stahl-dazwischen-der-klimawandel-die-spd-und-die-funke-mediengruppe\/\" class=\"more-link\"><span class=\"screen-reader-text\">\u201eUmleitung: vom Moers Festival bis zu Armin M\u00fcller-Stahl, dazwischen der Klimawandel, die SPD und die Funke Mediengruppe\u201c <\/span>weiterlesen<\/a><\/p>\n","protected":false},"author":3,"featured_media":0,"comment_status":"open","ping_status":"open","sticky":false,"template":"","format":"standard","meta":{"footnotes":""},"categories":[319,674,854,32,27,5,379,549],"tags":[6294,1418,1982,6851,6852,13,5865],"class_list":["post-38146","post","type-post","status-publish","format-standard","hentry","category-geschichte","category-kultur","category-kunst","category-medien","category-musik","category-naturwissenschaft","category-umleitung","category-umwelt","tag-funke-mediengruppe","tag-israel","tag-klimawandel","tag-moers-festival","tag-rmin-mueller-stahl","tag-spd","tag-umleitung"],"_links":{"self":[{"href":"https:\/\/www.schiebener.net\/wordpress\/wp-json\/wp\/v2\/posts\/38146","targetHints":{"allow":["GET"]}}],"collection":[{"href":"https:\/\/www.schiebener.net\/wordpress\/wp-json\/wp\/v2\/posts"}],"about":[{"href":"https:\/\/www.schiebener.net\/wordpress\/wp-json\/wp\/v2\/types\/post"}],"author":[{"embeddable":true,"href":"https:\/\/www.schiebener.net\/wordpress\/wp-json\/wp\/v2\/users\/3"}],"replies":[{"embeddable":true,"href":"https:\/\/www.schiebener.net\/wordpress\/wp-json\/wp\/v2\/comments?post=38146"}],"version-history":[{"count":0,"href":"https:\/\/www.schiebener.net\/wordpress\/wp-json\/wp\/v2\/posts\/38146\/revisions"}],"wp:attachment":[{"href":"https:\/\/www.schiebener.net\/wordpress\/wp-json\/wp\/v2\/media?parent=38146"}],"wp:term":[{"taxonomy":"category","embeddable":true,"href":"https:\/\/www.schiebener.net\/wordpress\/wp-json\/wp\/v2\/categories?post=38146"},{"taxonomy":"post_tag","embeddable":true,"href":"https:\/\/www.schiebener.net\/wordpress\/wp-json\/wp\/v2\/tags?post=38146"}],"curies":[{"name":"wp","href":"https:\/\/api.w.org\/{rel}","templated":true}]}}