{"id":38084,"date":"2017-06-03T22:20:48","date_gmt":"2017-06-03T21:20:48","guid":{"rendered":"https:\/\/www.schiebener.net\/wordpress\/?p=38084"},"modified":"2017-06-03T22:20:48","modified_gmt":"2017-06-03T21:20:48","slug":"die-linke-hsk-waehlt-in-brilon-ihren-direktkandidaten-fuer-die-wahl-zum-bundestag","status":"publish","type":"post","link":"https:\/\/www.schiebener.net\/wordpress\/die-linke-hsk-waehlt-in-brilon-ihren-direktkandidaten-fuer-die-wahl-zum-bundestag\/","title":{"rendered":"Die Linke HSK w\u00e4hlt in Brilon ihren Direktkandidaten f\u00fcr die Wahl zum Bundestag"},"content":{"rendered":"<p><img loading=\"lazy\" decoding=\"async\" class=\"aligncenter size-full wp-image-38086\" src=\"https:\/\/www.schiebener.net\/wordpress\/wp-content\/uploads\/2017\/06\/Kandidatenwahl201170603.jpg\" alt=\"\" width=\"700\" height=\"361\" srcset=\"https:\/\/www.schiebener.net\/wordpress\/wp-content\/uploads\/2017\/06\/Kandidatenwahl201170603.jpg 700w, https:\/\/www.schiebener.net\/wordpress\/wp-content\/uploads\/2017\/06\/Kandidatenwahl201170603-300x155.jpg 300w\" sizes=\"auto, (max-width: 709px) 85vw, (max-width: 909px) 67vw, (max-width: 984px) 61vw, (max-width: 1362px) 45vw, 600px\" \/><strong>Auf einer nur m\u00e4\u00dfig besuchten Wahlversammlung hat die Linke HSK heute Nachmittag im Pfarrgemeindezentrum Brilon ihren Direktkandidaten f\u00fcr die Wahl zum Bundestag gew\u00e4hlt. <\/strong><\/p>\n<p>Mit acht von 14 Stimmen (12 M\u00e4nner, 2 Frauen) konnte sich der 70-j\u00e4hrige Rentner Reinhard Prange aus Brilon gegen drei Gegenkandidaten durchsetzen.<\/p>\n<p><strong>Zur Wahl standen:<\/strong><\/p>\n<ul>\n<li>Reinhard Prange (70 Jahre, Rentner, Ex-Bankangestellter aus Brilon, Mitglied im Rat in Brilon),<\/li>\n<li>Dietmar Schwalm (60, Diplom-Sozialarbeiter beim Kreis Soest aus Arnsberg, Vorsitzender der Kreistagsfraktion und Verdi-Gewerkschafter),<\/li>\n<li>Martin Guntermann-Bald (54, Lehrer am Berufskolleg aus Brilon)<\/li>\n<li>und Carsten T\u00f6lzer (ca. 30, besch\u00e4ftigt und wohnend beim Josefswerk in Bigge).<\/li>\n<\/ul>\n<p><strong>Unter den Kandidaten befand sich keine Frau.<\/strong><\/p>\n<p>Zum inhaltlichen Profil der drei anwesenden Kandidaten habe ich keine weiteren Informationen. Dietmar Schwalm konnte nicht anwesend sein.<\/p>\n<p><strong>Die Stimmen verteilten sich wie folgt:<\/strong><\/p>\n<p>Prange: 8;<br \/>\nSchwalm: 3;<br \/>\nGuntermann-Bald: 2;<br \/>\nT\u00f6lzer: 1.<\/p>\n","protected":false},"excerpt":{"rendered":"<p>Auf einer nur m\u00e4\u00dfig besuchten Wahlversammlung hat die Linke HSK heute Nachmittag im Pfarrgemeindezentrum Brilon ihren Direktkandidaten f\u00fcr die Wahl zum Bundestag gew\u00e4hlt. Mit acht von 14 Stimmen (12 M\u00e4nner, &hellip; <a href=\"https:\/\/www.schiebener.net\/wordpress\/die-linke-hsk-waehlt-in-brilon-ihren-direktkandidaten-fuer-die-wahl-zum-bundestag\/\" class=\"more-link\"><span class=\"screen-reader-text\">\u201eDie Linke HSK w\u00e4hlt in Brilon ihren Direktkandidaten f\u00fcr die Wahl zum Bundestag\u201c <\/span>weiterlesen<\/a><\/p>\n","protected":false},"author":3,"featured_media":0,"comment_status":"open","ping_status":"open","sticky":false,"template":"","format":"standard","meta":{"footnotes":""},"categories":[80,24],"tags":[6482,3530,3879],"class_list":["post-38084","post","type-post","status-publish","format-standard","hentry","category-lokales","category-politik","tag-bundestagswahlen-2017","tag-direktkandidaten","tag-linke-hsk"],"_links":{"self":[{"href":"https:\/\/www.schiebener.net\/wordpress\/wp-json\/wp\/v2\/posts\/38084","targetHints":{"allow":["GET"]}}],"collection":[{"href":"https:\/\/www.schiebener.net\/wordpress\/wp-json\/wp\/v2\/posts"}],"about":[{"href":"https:\/\/www.schiebener.net\/wordpress\/wp-json\/wp\/v2\/types\/post"}],"author":[{"embeddable":true,"href":"https:\/\/www.schiebener.net\/wordpress\/wp-json\/wp\/v2\/users\/3"}],"replies":[{"embeddable":true,"href":"https:\/\/www.schiebener.net\/wordpress\/wp-json\/wp\/v2\/comments?post=38084"}],"version-history":[{"count":0,"href":"https:\/\/www.schiebener.net\/wordpress\/wp-json\/wp\/v2\/posts\/38084\/revisions"}],"wp:attachment":[{"href":"https:\/\/www.schiebener.net\/wordpress\/wp-json\/wp\/v2\/media?parent=38084"}],"wp:term":[{"taxonomy":"category","embeddable":true,"href":"https:\/\/www.schiebener.net\/wordpress\/wp-json\/wp\/v2\/categories?post=38084"},{"taxonomy":"post_tag","embeddable":true,"href":"https:\/\/www.schiebener.net\/wordpress\/wp-json\/wp\/v2\/tags?post=38084"}],"curies":[{"name":"wp","href":"https:\/\/api.w.org\/{rel}","templated":true}]}}