{"id":3808,"date":"2009-07-08T15:00:37","date_gmt":"2009-07-08T13:00:37","guid":{"rendered":"http:\/\/www.schiebener.net\/wordpress\/?p=3808"},"modified":"2009-07-08T18:04:07","modified_gmt":"2009-07-08T16:04:07","slug":"westfalenpost-neuer-mann-im-hochsauerland","status":"publish","type":"post","link":"https:\/\/www.schiebener.net\/wordpress\/westfalenpost-neuer-mann-im-hochsauerland\/","title":{"rendered":"Westfalenpost: Neuer Mann im Hochsauerland"},"content":{"rendered":"<figure id=\"attachment_2721\" aria-describedby=\"caption-attachment-2721\" style=\"width: 450px\" class=\"wp-caption aligncenter\"><img loading=\"lazy\" decoding=\"async\" class=\"size-full wp-image-2721\" title=\"Up, up and away - Arbeitspl\u00e4tze in Soest (Bild) und Werl.\" src=\"http:\/\/www.schiebener.net\/wordpress\/wp-content\/uploads\/2009\/03\/soestballon01.jpg\" alt=\"Up, up and away - Arbeitspl\u00e4tze in Soest (Bild) und Werl.\" width=\"450\" height=\"299\" srcset=\"https:\/\/www.schiebener.net\/wordpress\/wp-content\/uploads\/2009\/03\/soestballon01.jpg 450w, https:\/\/www.schiebener.net\/wordpress\/wp-content\/uploads\/2009\/03\/soestballon01-300x199.jpg 300w\" sizes=\"auto, (max-width: 450px) 85vw, 450px\" \/><figcaption id=\"caption-attachment-2721\" class=\"wp-caption-text\">Up, up and away - Arbeitspl\u00e4tze in Soest (Bild) und Werl.<\/figcaption><\/figure>\n<p>Die <a href=\"http:\/\/www.medienmoral-nrw.de\/2009\/03\/220-menschen-demonstrieren-fur-pressevielfalt\/\" target=\"_blank\">Schlie\u00dfung der Westfalenpost in Soest und Werl<\/a> Ende Juni hat anscheinend f\u00fcr einen Neuzugang bei der Westfalenpost in Brilon gesorgt. Stefan Rebein, der bis Ende Juni noch f\u00fcr die WP Werl schrieb, hat sich <a href=\"http:\/\/www.derwesten.de\/nachrichten\/staedte\/brilon\/2009\/7\/2\/news-124413578\/detail.html\" target=\"_blank\">klick,<\/a> <a href=\"http:\/\/www.derwesten.de\/nachrichten\/staedte\/winterberg\/2009\/7\/7\/news-124931613\/detail.html\" target=\"_blank\">klack<\/a> , <a href=\"http:\/\/www.derwesten.de\/nachrichten\/staedte\/brilon\/2009\/7\/6\/news-124786304\/detail.html\" target=\"_blank\">klock<\/a> und <a href=\"http:\/\/www.derwesten.de\/nachrichten\/staedte\/olsberg\/2009\/7\/8\/news-125002374\/detail.html\" target=\"_blank\">kloinck<\/a> ins Hochsauerland eingeschrieben. Nicht schlecht \ud83d\ude09<\/p>\n<p>Ich wei\u00df <span style=\"text-decoration: line-through;\">zur Zeit<\/span> bislang nicht, ob es noch weitere personelle Ver\u00e4nderungen gegeben hat.<\/p>\n","protected":false},"excerpt":{"rendered":"<p>Die Schlie\u00dfung der Westfalenpost in Soest und Werl Ende Juni hat anscheinend f\u00fcr einen Neuzugang bei der Westfalenpost in Brilon gesorgt. Stefan Rebein, der bis Ende Juni noch f\u00fcr die &hellip; <a href=\"https:\/\/www.schiebener.net\/wordpress\/westfalenpost-neuer-mann-im-hochsauerland\/\" class=\"more-link\"><span class=\"screen-reader-text\">\u201eWestfalenpost: Neuer Mann im Hochsauerland\u201c <\/span>weiterlesen<\/a><\/p>\n","protected":false},"author":3,"featured_media":0,"comment_status":"open","ping_status":"open","sticky":false,"template":"","format":"standard","meta":{"footnotes":""},"categories":[80,32],"tags":[579,627,340],"class_list":["post-3808","post","type-post","status-publish","format-standard","hentry","category-lokales","category-medien","tag-brilon","tag-werl","tag-westfalenpost"],"_links":{"self":[{"href":"https:\/\/www.schiebener.net\/wordpress\/wp-json\/wp\/v2\/posts\/3808","targetHints":{"allow":["GET"]}}],"collection":[{"href":"https:\/\/www.schiebener.net\/wordpress\/wp-json\/wp\/v2\/posts"}],"about":[{"href":"https:\/\/www.schiebener.net\/wordpress\/wp-json\/wp\/v2\/types\/post"}],"author":[{"embeddable":true,"href":"https:\/\/www.schiebener.net\/wordpress\/wp-json\/wp\/v2\/users\/3"}],"replies":[{"embeddable":true,"href":"https:\/\/www.schiebener.net\/wordpress\/wp-json\/wp\/v2\/comments?post=3808"}],"version-history":[{"count":0,"href":"https:\/\/www.schiebener.net\/wordpress\/wp-json\/wp\/v2\/posts\/3808\/revisions"}],"wp:attachment":[{"href":"https:\/\/www.schiebener.net\/wordpress\/wp-json\/wp\/v2\/media?parent=3808"}],"wp:term":[{"taxonomy":"category","embeddable":true,"href":"https:\/\/www.schiebener.net\/wordpress\/wp-json\/wp\/v2\/categories?post=3808"},{"taxonomy":"post_tag","embeddable":true,"href":"https:\/\/www.schiebener.net\/wordpress\/wp-json\/wp\/v2\/tags?post=3808"}],"curies":[{"name":"wp","href":"https:\/\/api.w.org\/{rel}","templated":true}]}}