{"id":38057,"date":"2017-05-30T15:14:08","date_gmt":"2017-05-30T14:14:08","guid":{"rendered":"https:\/\/www.schiebener.net\/wordpress\/?p=38057"},"modified":"2017-06-03T08:33:45","modified_gmt":"2017-06-03T07:33:45","slug":"falken-hsk-kundgebung-jugend-braucht-freiraeume-in-brilon","status":"publish","type":"post","link":"https:\/\/www.schiebener.net\/wordpress\/falken-hsk-kundgebung-jugend-braucht-freiraeume-in-brilon\/","title":{"rendered":"Falken HSK: Kundgebung \u201eJugend braucht Freir\u00e4ume\u201c in Brilon"},"content":{"rendered":"<p><img loading=\"lazy\" decoding=\"async\" class=\"aligncenter size-full wp-image-38060\" src=\"https:\/\/www.schiebener.net\/wordpress\/wp-content\/uploads\/2017\/05\/FalkenDemoBrilon20170528.jpg\" alt=\"\" width=\"700\" height=\"297\" srcset=\"https:\/\/www.schiebener.net\/wordpress\/wp-content\/uploads\/2017\/05\/FalkenDemoBrilon20170528.jpg 700w, https:\/\/www.schiebener.net\/wordpress\/wp-content\/uploads\/2017\/05\/FalkenDemoBrilon20170528-300x127.jpg 300w\" sizes=\"auto, (max-width: 709px) 85vw, (max-width: 909px) 67vw, (max-width: 984px) 61vw, (max-width: 1362px) 45vw, 600px\" \/><strong>Brilon. (falken_hsk) Am Samstag, dem 27. Mai, fand zwischen 14 und 18 Uhr in Brilon eine Kundgebung von Jugendlichen statt, die von den Falken HSK unterst\u00fctzt wurde.<\/strong><\/p>\n<p><em>(Der Artikel ist zuerst <a href=\"https:\/\/hskfalken.wordpress.com\/2017\/05\/28\/kundgebung-jugend-braucht-freiraeume-in-brilon\/\" target=\"_blank\" rel=\"noopener noreferrer\">auf der Website der Falken HSK<\/a> erschienen.)<\/em><\/p>\n<p>Die jungen Brilonerinnen und \u00a0Briloner setzen sich gegen sexistische und fremdenfeindliche Diskriminierung ein, wenden sich gegen Polizeima\u00dfnahmen, die ihnen ungerechtfertigt erscheinen, vor allem aber w\u00fcnschen sie sich in Brilon einen eigenen Jugendraum.<\/p>\n<figure id=\"attachment_38082\" aria-describedby=\"caption-attachment-38082\" style=\"width: 425px\" class=\"wp-caption aligncenter\"><img loading=\"lazy\" decoding=\"async\" class=\"size-full wp-image-38082\" src=\"https:\/\/www.schiebener.net\/wordpress\/wp-content\/uploads\/2017\/05\/FalkenDemoBrilon2017052801.jpg\" alt=\"\" width=\"425\" height=\"319\" srcset=\"https:\/\/www.schiebener.net\/wordpress\/wp-content\/uploads\/2017\/05\/FalkenDemoBrilon2017052801.jpg 425w, https:\/\/www.schiebener.net\/wordpress\/wp-content\/uploads\/2017\/05\/FalkenDemoBrilon2017052801-300x225.jpg 300w\" sizes=\"auto, (max-width: 425px) 85vw, 425px\" \/><figcaption id=\"caption-attachment-38082\" class=\"wp-caption-text\">Kundgebung auf dem Marktplatz in Brilon. (foto: falken)<\/figcaption><\/figure>\n<p>Mit der Kundgebung suchten die Jugendlichen den Dialog mit der \u00d6ffentlichkeit. In Gespr\u00e4chen mit Erwachsenen und weiteren Jugendlichen fanden sie\u00a0viel Verst\u00e4ndnis f\u00fcr ihre Lage \u2013 und auch den einen oder anderen Vorschlag, der jetzt gepr\u00fcft wird. Auch B\u00fcrgermeister Christoph Bartsch schaute vorbei und sagte der Gruppe Unterst\u00fctzung zu, wenn er eine M\u00f6glichkeit f\u00e4nde.<\/p>\n<p><strong>Die Redebeitr\u00e4ge<br \/>\n<\/strong><em>(Die Texte der jugendlichen Sprecherinnen und Sprecher liegen noch nicht als Dateien vor.)<\/em><\/p>\n<p><strong>R\u00e4ume<br \/>\n<\/strong><em>(M. Hermes)<\/em><\/p>\n<p><em>Liebe Brilonerinnen und Briloner,<br \/>\nliebe Freundinnen und Freunde,<\/em><\/p>\n<div class=\"page\" title=\"Page 1\">\n<div class=\"section\">\n<div class=\"layoutArea\">\n<div class=\"column\">\n<p><em>die Gruppe junger Menschen, die sich heute hier trifft, sucht einen Jugendraum, den sie selber gestalten k\u00f6nnen, der ihnen immer zur Verf\u00fcgung steht und worin sie selber Verantwortung \u00fcbernehmen k\u00f6nnen.<\/em><\/p>\n<p><em>Ich bin Michael Hermes, ehrenamtlicher Vorsitzender des Jugendverbandes Die Falken Hochsauerlandkreis. Als anerkannter freier Tr\u00e4ger der Jugendhilfe ist es unsere Aufgabe, Jugendliche zu unterst\u00fctzen, die sich um R\u00e4ume und gesellschaftliche Teilhabe bem\u00fchen.<\/em><\/p>\n<p><em>In Meschede, wo wir die meisten Mitglieder haben, haben wir 1976 ebenfalls auf der Stra\u00dfe angefangen. Man konnte oder wollte uns zun\u00e4chst auch dort keine R\u00e4ume geben. Die Stadt Meschede (oder der Hochsauerlandkreis) hat dann aber eine \u2013 wie ich finde \u2013 sehr kluge Entscheidung getroffen: Es gab ein altes Schulgeb\u00e4ude und danach ein altes Beh\u00f6rdenhaus im \u00f6ffentlichen Eigentum, die sp\u00e4ter abgerissen werden sollten. Wir Falken und andere Gruppen konnten sie so lange noch kostenlos nutzen. Unsere Kinder- und Jugendgruppen und viele andere Initiativen haben sich darin getroffen und gesellschaftlich n\u00fctzliche Arbeit geleistet.<\/em><\/p>\n<p><em>Als wir nach zehn Jahren (und nachdem die H\u00e4user abgerissen waren) immer noch da waren und immer noch laut \u201ehier!\u201c gerufen haben, haben wir schlie\u00dflich die ehemalige Fabrik Wiebelhaus in Meschede bekommen, die von der Stadt Meschede erworben und zum Initiativenhaus ausgebaut wurde. Darin sind wir bis heute. <\/em><\/p>\n<p><em>Vielen Generationen von Jugendlichen, die sich von den bestehenden Angeboten der Jugendarbeit nicht angesprochen f\u00fchlten, und f\u00fcr die es sonst nur noch kommerzielle Spielhallen und Kneipen gegeben h\u00e4tte, den Bahnhof oder den Karstadtplatz, konnten wir auf diese Weise einen sch\u00f6nen Treffpunkt anbieten.<\/em><\/p>\n<\/div>\n<\/div>\n<\/div>\n<\/div>\n<div class=\"page\" title=\"Page 2\">\n<div class=\"section\">\n<div class=\"layoutArea\">\n<div class=\"column\">\n<p><em>Einen Treffpunkt, den sie selber einrichten und gestalten und in dem sie \u00fcber das Programm mitbestimmen konnten. Einen Treffpunkt, wo sie bei Schwierigkeiten Hilfe kriegen konnten. Einen Treffpunkt, in dem sie ganz frei k\u00fcnstlerisch aktiv sein und sich politisch bilden konnten. Einen Treffpunkt, wo sich die Engagiertesten von ihnen zu Junghelfern und Gruppenleitern ausbilden lassen, Erfahrungen mit Gremienarbeit und Vorstandsverantwortung machen konnten und bis heute k\u00f6nnen.<\/em><\/p>\n<p><em>Wir haben uns \u00fcberlegt, bevor wir uns mit \u00e4hnlichen Ideen und Forderungen nach einem Haus an die Stadt Brilon und die F\u00f6rdergeber wenden, zun\u00e4chst den Dialog mit der \u00d6ffentlichkeit zu suchen. Vielleicht hat ja jemand von euch, vielleicht hat jemand von Ihnen einen Raum \u2013 eine leerstehende Wohnung oder Werkstatt, eine Kneipe oder einen Keller, einen Laden oder Lagerraum -, der zu schade zum Vergammeln ist und den man sich zu einem Jugendraum ausgestalten k\u00f6nnte. Wenn Ihr so etwas habt oder jemanden kennt, der so etwas hat, sprecht uns einfach an \u2013 wir w\u00fcrden uns freuen. Vielen Dank!<\/em><\/p>\n<\/div>\n<\/div>\n<\/div>\n<\/div>\n<div class=\"page\" title=\"Page 3\">\n<div class=\"section\">\n<div class=\"layoutArea\">\n<div class=\"column\">\n<p>&nbsp;<\/p>\n<p><strong>Rechtslage<br \/>\n<\/strong><em>(M.\u00a0Hermes)<\/em><\/p>\n<p><em>Die offene Jugendgruppe hat viel Zuspruch f\u00fcr ihr Engagement und ihre \u00d6ffentlichkeitsarbeit bekommen. Es gab aber auch einzelne missg\u00fcnstige Kommentare wie \u201eMietet euch doch einen Raum!\u201c Ich wurde deshalb von den Jugendlichen gebeten, doch auch auf die Rechtslage hinzuweisen, auf deren Basis wir handeln und die offenbar manchen \u00fcberhaupt nicht bekannt ist.\u00a0<\/em><\/p>\n<p><em>Und nein, diese Jugendlichen m\u00fcssen NICHT ihr Taschengeld zusammenkratzen und sich einen Raum mieten. Sie haben ein RECHT auf einen selbstgestalteten und selbstverantworteten Raum. <\/em><\/p>\n<p><em>Grundlage ist das SGB VIII, das Kinder- und Jugendhilfegesetz. Darin hei\u00dft es unter \u00a7 11: <\/em><\/p>\n<p><em>(Absatz 1) Jungen Menschen sind die zur F\u00f6rderung ihrer Entwicklung erforderlichen Angebote der Jugendarbeit zur Verf\u00fcgung zu stellen. Sie sollen an den Interessen junger Menschen ankn\u00fcpfen und von ihnen mitbestimmt und mitgestaltet werden, sie zur Selbstbestimmung bef\u00e4higen und zu gesellschaftlicher Mitverantwortung und sozialem Engagement anregen und hinf\u00fchren. <\/em><br \/>\n<em> (\u2026) <\/em><br \/>\n<em>(Absatz 3) Zu den Schwerpunkten der Jugendarbeit geh\u00f6ren:1. au\u00dferschulische Jugendbildung mit allgemeiner politischer, sozialer, gesundheitlicher, kultureller, naturkundlicher und technischer Bildung<\/em><\/p>\n<p><em>Unter \u00a7 12 hei\u00dft es: <\/em><br \/>\n<em> (Absatz 1) Die eigenverantwortliche T\u00e4tigkeit der Jugendverb\u00e4nde und Jugendgruppen ist (\u2026) zu f\u00f6rdern.<br \/>\n(Absatz 2) In Jugendverb\u00e4nden und Jugendgruppen wird Jugendarbeit von jungen Menschen selbst organisiert, gemeinschaftlich gestaltet und mitverantwortet. <\/em><\/p>\n<p><em>Und \u00a7 3 gebietet die Tr\u00e4gervielfalt, die sogenannte Pluralit\u00e4t in der Jugendarbeit:<\/em><\/p>\n<\/div>\n<\/div>\n<\/div>\n<\/div>\n<div class=\"page\" title=\"Page 4\">\n<div class=\"section\">\n<div class=\"layoutArea\">\n<div class=\"column\">\n<p><em>(Absatz 1) Die Jugendhilfe ist gekennzeichnet durch die Vielfalt von Tr\u00e4gern unterschiedlicher Werteorientierungen. <\/em><\/p>\n<p><em>Das, liebe Freundinnen und Freunde, ist nicht etwa ein Auszug aus einem utopischen Zukunftsroman; das ist heutiges, gutes, geltendes Recht. Auf dieser Grundlage arbeiten wir in unserem Jugendzentrum in Meschede seit mittlerweile 35 Jahren. Und auf dieses moderne, geltende Recht k\u00f6nnen auch junge Menschen in Brilon ihren Anspruch auf eigene R\u00e4ume, auf Freir\u00e4ume f\u00fcr die Jugend st\u00fctzen.<\/em><\/p>\n<\/div>\n<\/div>\n<\/div>\n<\/div>\n<div class=\"wpcnt\"><\/div>\n<div id=\"jp-post-flair\" class=\"sharedaddy sd-like-enabled\"><\/div>\n","protected":false},"excerpt":{"rendered":"<p>Brilon. (falken_hsk) Am Samstag, dem 27. Mai, fand zwischen 14 und 18 Uhr in Brilon eine Kundgebung von Jugendlichen statt, die von den Falken HSK unterst\u00fctzt wurde. (Der Artikel ist &hellip; <a href=\"https:\/\/www.schiebener.net\/wordpress\/falken-hsk-kundgebung-jugend-braucht-freiraeume-in-brilon\/\" class=\"more-link\"><span class=\"screen-reader-text\">\u201eFalken HSK: Kundgebung \u201eJugend braucht Freir\u00e4ume\u201c in Brilon\u201c <\/span>weiterlesen<\/a><\/p>\n","protected":false},"author":18,"featured_media":0,"comment_status":"open","ping_status":"open","sticky":false,"template":"","format":"standard","meta":{"footnotes":""},"categories":[80,24,4761],"tags":[6836,6072,6837],"class_list":["post-38057","post","type-post","status-publish","format-standard","hentry","category-lokales","category-politik","category-soziales","tag-demo-brilon","tag-falken-hsk","tag-jugendraeume"],"_links":{"self":[{"href":"https:\/\/www.schiebener.net\/wordpress\/wp-json\/wp\/v2\/posts\/38057","targetHints":{"allow":["GET"]}}],"collection":[{"href":"https:\/\/www.schiebener.net\/wordpress\/wp-json\/wp\/v2\/posts"}],"about":[{"href":"https:\/\/www.schiebener.net\/wordpress\/wp-json\/wp\/v2\/types\/post"}],"author":[{"embeddable":true,"href":"https:\/\/www.schiebener.net\/wordpress\/wp-json\/wp\/v2\/users\/18"}],"replies":[{"embeddable":true,"href":"https:\/\/www.schiebener.net\/wordpress\/wp-json\/wp\/v2\/comments?post=38057"}],"version-history":[{"count":0,"href":"https:\/\/www.schiebener.net\/wordpress\/wp-json\/wp\/v2\/posts\/38057\/revisions"}],"wp:attachment":[{"href":"https:\/\/www.schiebener.net\/wordpress\/wp-json\/wp\/v2\/media?parent=38057"}],"wp:term":[{"taxonomy":"category","embeddable":true,"href":"https:\/\/www.schiebener.net\/wordpress\/wp-json\/wp\/v2\/categories?post=38057"},{"taxonomy":"post_tag","embeddable":true,"href":"https:\/\/www.schiebener.net\/wordpress\/wp-json\/wp\/v2\/tags?post=38057"}],"curies":[{"name":"wp","href":"https:\/\/api.w.org\/{rel}","templated":true}]}}