{"id":38053,"date":"2017-05-27T22:19:01","date_gmt":"2017-05-27T21:19:01","guid":{"rendered":"https:\/\/www.schiebener.net\/wordpress\/?p=38053"},"modified":"2017-05-27T22:19:01","modified_gmt":"2017-05-27T21:19:01","slug":"alle-bilder-die-ich-heute-nicht-fotografiert-habe","status":"publish","type":"post","link":"https:\/\/www.schiebener.net\/wordpress\/alle-bilder-die-ich-heute-nicht-fotografiert-habe\/","title":{"rendered":"Alle Bilder, die ich heute nicht fotografiert habe"},"content":{"rendered":"<figure id=\"attachment_38054\" aria-describedby=\"caption-attachment-38054\" style=\"width: 700px\" class=\"wp-caption aligncenter\"><a href=\"https:\/\/www.schiebener.net\/wordpress\/wp-content\/uploads\/2017\/05\/MeschedeHertie20170527.jpg\" target=\"_blank\" rel=\"noopener noreferrer\"><img loading=\"lazy\" decoding=\"async\" class=\"wp-image-38054\" src=\"https:\/\/www.schiebener.net\/wordpress\/wp-content\/uploads\/2017\/05\/MeschedeHertie20170527.jpg\" alt=\"\" width=\"700\" height=\"467\" srcset=\"https:\/\/www.schiebener.net\/wordpress\/wp-content\/uploads\/2017\/05\/MeschedeHertie20170527.jpg 1024w, https:\/\/www.schiebener.net\/wordpress\/wp-content\/uploads\/2017\/05\/MeschedeHertie20170527-300x200.jpg 300w, https:\/\/www.schiebener.net\/wordpress\/wp-content\/uploads\/2017\/05\/MeschedeHertie20170527-768x512.jpg 768w\" sizes=\"auto, (max-width: 709px) 85vw, (max-width: 909px) 67vw, (max-width: 984px) 61vw, (max-width: 1362px) 45vw, 600px\" \/><\/a><figcaption id=\"caption-attachment-38054\" class=\"wp-caption-text\">Der Anblick der Meschede-Ruine n\u00e4hert sich dem der Akropolis an. (foto: zoom)<\/figcaption><\/figure>\n<p><strong>All die Bilder, die ich heute nicht fotografiert habe, sind jetzt noch in meinem Kopf. Sie verblassen langsam, aber ich schreibe jetzt ein paar unwichtige Dinge auf.<\/strong><\/p>\n<p>Heute war ein hei\u00dfer Tag. Ein \u00f6ffentliches Thermometer in Meschede neben der Hertie-Ruine zeigte 31\u00b0C.\u00a0 Ihr m\u00fcsst wissen, dass mein optimales Temperaturfenster zwischen 18 und 22\u00b0C liegt.<\/p>\n<p>In der Hoffnung auf reichlich k\u00fchlenden Gegenwind habe ich mich in Siedlinghausen aufs Rad geschwungen und bin \u00fcber Olsberg, Bestwig und Meschede nach Freienohl geradelt.<\/p>\n<p>Pustekuchen. Ich hatte R\u00fcckenwind. Das ist aber bei genauerer \u00dcberlegung kein Problem, denn sobald man schneller als der R\u00fcckenwind f\u00e4hrt, hat man wieder Gegenwind, und das Sch\u00f6ne ist, dass der Windwiderstand im Quadrat zur Geschwindigkeit steigt.<\/p>\n<p>Dieses Radfahren ist theoretisch eine ziemlich komplexe Geschichte, aber wenn man erst mal auf dem Sattel sitzt, geht alles wie von selbst.<\/p>\n<p>Neben der Besichtigung der Hertie-Ruine, wollte ich noch unbedingt den Ruhrtalradweg zwischen Meschede und Freienohl &#8222;erledigen&#8220;, da ich diesen kleinen Abschnitt noch nie mit dem Rad abgefahren hatte.<\/p>\n<p>Erledigt.<\/p>\n<blockquote class=\"twitter-tweet\" data-lang=\"de\">\n<p lang=\"de\" dir=\"ltr\">Von Meschede bis Freienohl radelt man \u00fcber gewelltes offenes Gel\u00e4nde. Von der Ruhr ist nichts zu sehen. Nicht attraktiv. Abgehakt.<\/p>\n<p>&mdash; zoom (@hskzoom) <a href=\"https:\/\/twitter.com\/hskzoom\/status\/868453788985810944\">27. Mai 2017<\/a><\/p><\/blockquote>\n<p><script async src=\"\/\/platform.twitter.com\/widgets.js\" charset=\"utf-8\"><\/script><\/p>\n<p><strong>In Meschede<\/strong> habe ich noch <a href=\"https:\/\/www.schiebener.net\/wordpress\/reparaturarbeiten-saisoneroeffnung-des-freibads-in-meschede-auf-voraussichtlich-anfang-juni-verschoben\/\" target=\"_blank\" rel=\"noopener noreferrer\">das Bild von Leon Reintke<\/a> nachgestellt. Nicht nur das Freibad war heute geschlossen, sondern ebenfalls das Hallenbad.<\/p>\n<figure id=\"attachment_38055\" aria-describedby=\"caption-attachment-38055\" style=\"width: 700px\" class=\"wp-caption aligncenter\"><a href=\"https:\/\/www.schiebener.net\/wordpress\/wp-content\/uploads\/2017\/05\/MeschedeFreibad20170527.jpg\" target=\"_blank\" rel=\"noopener noreferrer\"><img loading=\"lazy\" decoding=\"async\" class=\"wp-image-38055\" src=\"https:\/\/www.schiebener.net\/wordpress\/wp-content\/uploads\/2017\/05\/MeschedeFreibad20170527.jpg\" alt=\"\" width=\"700\" height=\"467\" srcset=\"https:\/\/www.schiebener.net\/wordpress\/wp-content\/uploads\/2017\/05\/MeschedeFreibad20170527.jpg 1024w, https:\/\/www.schiebener.net\/wordpress\/wp-content\/uploads\/2017\/05\/MeschedeFreibad20170527-300x200.jpg 300w, https:\/\/www.schiebener.net\/wordpress\/wp-content\/uploads\/2017\/05\/MeschedeFreibad20170527-768x512.jpg 768w\" sizes=\"auto, (max-width: 709px) 85vw, (max-width: 909px) 67vw, (max-width: 984px) 61vw, (max-width: 1362px) 45vw, 600px\" \/><\/a><figcaption id=\"caption-attachment-38055\" class=\"wp-caption-text\">Freibad geschlossen, Hallenbad zu. Weiter nach Stockhausen, Wennemen und Freienohl. (foto: zoom)<\/figcaption><\/figure>\n<p><strong>Freienohl hat einen merkw\u00fcrdigen Bahnhof.<\/strong> Bist du auf &#8222;Gleis 1&#8220; Richtung Dortmund\/Hagen, kannst du nicht einfach zu &#8222;Gleis 2&#8220; wechseln. Du musst zur\u00fcck auf die Stra\u00dfe und den Bahn\u00fcbergang (Stra\u00dfe!) nehmen. Von da aus geht es dann auf &#8222;Gleis 2&#8220;, aber Vorsicht! &#8222;Gleis 2&#8220; hat keinen Fahrkartenautomaten. Der steht bei &#8222;Gleis 1&#8220;. Na ja, bekloppt.<\/p>\n<p><strong>Am Bahnhof in Meschede<\/strong> stand ein verzweifeltes \u00e4lteres niederl\u00e4ndisches Ehepaar mit schweren E-Bikes auf dem Bahnsteig. Kein Aufzug, denn in Meschede wird renoviert.<\/p>\n<p>Steile Treppe runter tragen, steile Treppe hoch tragen. Konnten sie nicht. Ich habe ihnen geholfen, allein aus Dankbarkeit f\u00fcr die wundersch\u00f6nen Radwege, die ich von Arnhem bis Den Haag beradeln durfte. Niederl\u00e4ndische Radfahrer*innen m\u00fcssen sich bei uns in Deutschland radwegetechnisch wie in einem industriellen Schwellenland vorkommen.<\/p>\n<p>Welche Bilder h\u00e4tte ich noch machen m\u00fcssen:<\/p>\n<p>1. Bahnhof Meschede<\/p>\n<p>2. Bahnhof Freienohl<\/p>\n<p>3. Strecke Meschede-Freienohl<\/p>\n<p>4. Dit und dat<\/p>\n<p>Es war einfach zu hei\u00df. Absteigen, die hintere Satteltasche \u00f6ffnen, die Nikon rauswuchten. No way!<\/p>\n<p>Hinterher \u00e4rgere ich mich immer, aber ich bin halt keine Eidechse und erstarre bei Hitze.<\/p>\n","protected":false},"excerpt":{"rendered":"<p>All die Bilder, die ich heute nicht fotografiert habe, sind jetzt noch in meinem Kopf. Sie verblassen langsam, aber ich schreibe jetzt ein paar unwichtige Dinge auf. Heute war ein &hellip; <a href=\"https:\/\/www.schiebener.net\/wordpress\/alle-bilder-die-ich-heute-nicht-fotografiert-habe\/\" class=\"more-link\"><span class=\"screen-reader-text\">\u201eAlle Bilder, die ich heute nicht fotografiert habe\u201c <\/span>weiterlesen<\/a><\/p>\n","protected":false},"author":3,"featured_media":0,"comment_status":"open","ping_status":"open","sticky":false,"template":"","format":"standard","meta":{"footnotes":""},"categories":[174,2489,80,618],"tags":[3782,5204],"class_list":["post-38053","post","type-post","status-publish","format-standard","hentry","category-dit-und-dat","category-in-eigener-sache","category-lokales","category-verkehr","tag-radfahren","tag-ruhrtalradweg"],"_links":{"self":[{"href":"https:\/\/www.schiebener.net\/wordpress\/wp-json\/wp\/v2\/posts\/38053","targetHints":{"allow":["GET"]}}],"collection":[{"href":"https:\/\/www.schiebener.net\/wordpress\/wp-json\/wp\/v2\/posts"}],"about":[{"href":"https:\/\/www.schiebener.net\/wordpress\/wp-json\/wp\/v2\/types\/post"}],"author":[{"embeddable":true,"href":"https:\/\/www.schiebener.net\/wordpress\/wp-json\/wp\/v2\/users\/3"}],"replies":[{"embeddable":true,"href":"https:\/\/www.schiebener.net\/wordpress\/wp-json\/wp\/v2\/comments?post=38053"}],"version-history":[{"count":0,"href":"https:\/\/www.schiebener.net\/wordpress\/wp-json\/wp\/v2\/posts\/38053\/revisions"}],"wp:attachment":[{"href":"https:\/\/www.schiebener.net\/wordpress\/wp-json\/wp\/v2\/media?parent=38053"}],"wp:term":[{"taxonomy":"category","embeddable":true,"href":"https:\/\/www.schiebener.net\/wordpress\/wp-json\/wp\/v2\/categories?post=38053"},{"taxonomy":"post_tag","embeddable":true,"href":"https:\/\/www.schiebener.net\/wordpress\/wp-json\/wp\/v2\/tags?post=38053"}],"curies":[{"name":"wp","href":"https:\/\/api.w.org\/{rel}","templated":true}]}}