{"id":38049,"date":"2017-05-27T21:17:25","date_gmt":"2017-05-27T20:17:25","guid":{"rendered":"https:\/\/www.schiebener.net\/wordpress\/?p=38049"},"modified":"2017-05-27T21:17:25","modified_gmt":"2017-05-27T20:17:25","slug":"pressemitteilung-offener-politischer-stammtisch-der-spd-brilon-am-6-juni-2017","status":"publish","type":"post","link":"https:\/\/www.schiebener.net\/wordpress\/pressemitteilung-offener-politischer-stammtisch-der-spd-brilon-am-6-juni-2017\/","title":{"rendered":"Pressemitteilung: Offener politischer Stammtisch der SPD Brilon am 6. Juni 2017"},"content":{"rendered":"<p><strong>Brilon. (spd_pm) Der SPD-Ortsverein Brilon l\u00e4dt alle Mitglieder, Freunde der SPD, aber vor allem politisch interessierte B\u00fcrgerinnen und B\u00fcrger zum n\u00e4chsten offenen politischen Stammtisch am Dienstag, den 6. Juni 2017 ab 18 Uhr in die &#8222;Bierstube&#8220; im Hotel Starke am Markt ein, um \u00fcber die aktuellen politischen Geschehnisse, insbesondere die Landtagswahlen, zu diskutieren.<\/strong><\/p>\n<p>Die SPD m\u00f6chte B\u00fcrgerinnen und B\u00fcrger, die sich sehr f\u00fcr die Politik und gesellschaftliche Probleme engagieren und auch diejenigen, die mit der Politik so ihre Probleme haben oder sich mehr und mehr von ihr entfernen, durch eine offene Diskussion f\u00fcr das politische Leben und einzelne gesellschaftliche Themen interessieren, so Ludger B\u00f6ddecker, der stellvertretende Vorsitzende des Ortsvereins.<\/p>\n<p>\u201eDer monatlich stattfindende politische Stammtisch ist eine gute Gelegenheit um ins Gespr\u00e4ch zu kommen, gerade vor der anstehenden Bundestagswahl im September\u201d.<\/p>\n<p>&#8212;&#8212;&#8212;&#8212;&#8212;&#8212;&#8212;&#8212;&#8212;&#8212;-<\/p>\n<p><em>Der SPD-Ortsverein Brilon hat f\u00fcr den Sommer 2017 viele Veranstaltungen und Aktionen geplant, u.a. ein Sommerfest am Entenstall in Alme und nat\u00fcrlich viele Termine mit dem heimischen Bundestagsabgeordneten Dirk Wiese im Rahmen der Bundestagswahlen am 24. September. Weitere Informationen immer aktuell unter <a href=\"http:\/\/www.spd-brilon.de\" target=\"_blank\" rel=\"noopener noreferrer\">www.spd-brilon.de<\/a>.<\/em><\/p>\n","protected":false},"excerpt":{"rendered":"<p>Brilon. (spd_pm) Der SPD-Ortsverein Brilon l\u00e4dt alle Mitglieder, Freunde der SPD, aber vor allem politisch interessierte B\u00fcrgerinnen und B\u00fcrger zum n\u00e4chsten offenen politischen Stammtisch am Dienstag, den 6. Juni 2017 &hellip; <a href=\"https:\/\/www.schiebener.net\/wordpress\/pressemitteilung-offener-politischer-stammtisch-der-spd-brilon-am-6-juni-2017\/\" class=\"more-link\"><span class=\"screen-reader-text\">\u201ePressemitteilung: Offener politischer Stammtisch der SPD Brilon am 6. Juni 2017\u201c <\/span>weiterlesen<\/a><\/p>\n","protected":false},"author":17,"featured_media":0,"comment_status":"open","ping_status":"open","sticky":false,"template":"","format":"standard","meta":{"footnotes":""},"categories":[303,80,24,1043],"tags":[655,3757],"class_list":["post-38049","post","type-post","status-publish","format-standard","hentry","category-in-unserem-briefkasten","category-lokales","category-politik","category-pressemitteilungen","tag-pressemitteilung","tag-spd-brilon"],"_links":{"self":[{"href":"https:\/\/www.schiebener.net\/wordpress\/wp-json\/wp\/v2\/posts\/38049","targetHints":{"allow":["GET"]}}],"collection":[{"href":"https:\/\/www.schiebener.net\/wordpress\/wp-json\/wp\/v2\/posts"}],"about":[{"href":"https:\/\/www.schiebener.net\/wordpress\/wp-json\/wp\/v2\/types\/post"}],"author":[{"embeddable":true,"href":"https:\/\/www.schiebener.net\/wordpress\/wp-json\/wp\/v2\/users\/17"}],"replies":[{"embeddable":true,"href":"https:\/\/www.schiebener.net\/wordpress\/wp-json\/wp\/v2\/comments?post=38049"}],"version-history":[{"count":0,"href":"https:\/\/www.schiebener.net\/wordpress\/wp-json\/wp\/v2\/posts\/38049\/revisions"}],"wp:attachment":[{"href":"https:\/\/www.schiebener.net\/wordpress\/wp-json\/wp\/v2\/media?parent=38049"}],"wp:term":[{"taxonomy":"category","embeddable":true,"href":"https:\/\/www.schiebener.net\/wordpress\/wp-json\/wp\/v2\/categories?post=38049"},{"taxonomy":"post_tag","embeddable":true,"href":"https:\/\/www.schiebener.net\/wordpress\/wp-json\/wp\/v2\/tags?post=38049"}],"curies":[{"name":"wp","href":"https:\/\/api.w.org\/{rel}","templated":true}]}}