{"id":38043,"date":"2017-05-26T11:57:49","date_gmt":"2017-05-26T10:57:49","guid":{"rendered":"https:\/\/www.schiebener.net\/wordpress\/?p=38043"},"modified":"2017-05-26T12:21:53","modified_gmt":"2017-05-26T11:21:53","slug":"reparaturarbeiten-saisoneroeffnung-des-freibads-in-meschede-auf-voraussichtlich-anfang-juni-verschoben","status":"publish","type":"post","link":"https:\/\/www.schiebener.net\/wordpress\/reparaturarbeiten-saisoneroeffnung-des-freibads-in-meschede-auf-voraussichtlich-anfang-juni-verschoben\/","title":{"rendered":"Reparaturarbeiten: Saisoner\u00f6ffnung des Freibads in Meschede auf voraussichtlich Anfang Juni verschoben."},"content":{"rendered":"<figure id=\"attachment_38046\" aria-describedby=\"caption-attachment-38046\" style=\"width: 700px\" class=\"wp-caption aligncenter\"><a href=\"https:\/\/www.schiebener.net\/wordpress\/wp-content\/uploads\/2017\/05\/MeschedeFreibad2017052501.jpg\" target=\"_blank\" rel=\"noopener noreferrer\"><img loading=\"lazy\" decoding=\"async\" class=\"wp-image-38046\" src=\"https:\/\/www.schiebener.net\/wordpress\/wp-content\/uploads\/2017\/05\/MeschedeFreibad2017052501.jpg\" alt=\"\" width=\"700\" height=\"1244\" srcset=\"https:\/\/www.schiebener.net\/wordpress\/wp-content\/uploads\/2017\/05\/MeschedeFreibad2017052501.jpg 720w, https:\/\/www.schiebener.net\/wordpress\/wp-content\/uploads\/2017\/05\/MeschedeFreibad2017052501-169x300.jpg 169w, https:\/\/www.schiebener.net\/wordpress\/wp-content\/uploads\/2017\/05\/MeschedeFreibad2017052501-576x1024.jpg 576w\" sizes=\"auto, (max-width: 709px) 85vw, (max-width: 909px) 67vw, (max-width: 984px) 61vw, (max-width: 1362px) 45vw, 600px\" \/><\/a><figcaption id=\"caption-attachment-38046\" class=\"wp-caption-text\">MTB statt Freibad ist zur Zeit in Meschede angesagt. (foto: leon reintke)<\/figcaption><\/figure>\n<p><strong>Urspr\u00fcnglich sollte das Mescheder Freibad zur zweiten Mailh\u00e4lfte in die Saison starten, doch nun verschiebt sich die Saisoner\u00f6ffnung auf voraussichtlich Donnerstag, den 1. Juni 2017.<\/strong><\/p>\n<p><a href=\"http:\/\/www.meschede.de\/willkommen-in-meschede\/newsmeldung\/news\/reparaturarbeiten-mescheder-freibad-oeffnet-am-1-juni\/?tx_news_pi1%5Bcontroller%5D=News&amp;tx_news_pi1%5Baction%5D=detail&amp;cHash=0b7b0850c81b0542a4b12600fcbdf442\" target=\"_blank\" rel=\"noopener noreferrer\">Auf der Website der Stadt Meschede<\/a> ist unter anderem zu lesen, dass die Stadt Meschede kurzfristig Reparaturarbeiten an den Filterkesseln des Freibads durchf\u00fchre,\u00a0um einen l\u00e4ngeren Ausfall der Freibad-Technik w\u00e4hrend der \u201eHauptsaison\u201c zu vermeiden.<\/p>\n<p>Die \u00d6ffnung des Freibads f\u00fcr Besucher verschiebe sich voraussichtlich um etwa zwei Wochen auf Donnerstag, den 1. Juni 2017.<\/p>\n<p>Bei der \u201eGeneralprobe\u201c vor der Saisoner\u00f6ffnung seien technische Probleme an den Filterkesseln aufgetreten, die im Rahmen der \u00fcblichen Sanierungs- und Wartungsarbeiten nicht festgestellt werden konnten.<\/p>\n<blockquote><p>\u201eDiese Probleme wollen wir beseitigen, bevor die Saison richtig losgeht\u201c, so Schwimmmeister Andre Kettler vom B\u00e4der-Team der Stadt Meschede. Andernfalls w\u00fcrde man Gefahr laufen, dass es w\u00e4hrend der Saison zu einer mehrw\u00f6chigen Schlie\u00dfung des Freibads kommen k\u00f6nnte &#8211; \u201edas wollen wir nicht und unsere treuen Besucher ganz sicher auch nicht\u201c, so Andre Kettler.<\/p><\/blockquote>\n<p>W\u00e4hrend der Phase, in der das Freibad f\u00fcr die n\u00f6tigen Arbeiten geschlossen bleibe, stehe das <a href=\"http:\/\/www.meschede.de\/tourismus-freizeit\/freizeit-kultur\/badespass-schwimmbaeder\/hallen-u-freibad-meschede\/freibad-meschede\/\" target=\"_blank\" rel=\"noopener noreferrer\">Hallenbad zu den \u00fcblichen \u00d6ffnungszeiten<\/a> zur Verf\u00fcgung.<\/p>\n","protected":false},"excerpt":{"rendered":"<p>Urspr\u00fcnglich sollte das Mescheder Freibad zur zweiten Mailh\u00e4lfte in die Saison starten, doch nun verschiebt sich die Saisoner\u00f6ffnung auf voraussichtlich Donnerstag, den 1. Juni 2017. Auf der Website der Stadt &hellip; <a href=\"https:\/\/www.schiebener.net\/wordpress\/reparaturarbeiten-saisoneroeffnung-des-freibads-in-meschede-auf-voraussichtlich-anfang-juni-verschoben\/\" class=\"more-link\"><span class=\"screen-reader-text\">\u201eReparaturarbeiten: Saisoner\u00f6ffnung des Freibads in Meschede auf voraussichtlich Anfang Juni verschoben.\u201c <\/span>weiterlesen<\/a><\/p>\n","protected":false},"author":3,"featured_media":0,"comment_status":"open","ping_status":"open","sticky":false,"template":"","format":"standard","meta":{"footnotes":""},"categories":[1732,80,71],"tags":[4320,5844,4243],"class_list":["post-38043","post","type-post","status-publish","format-standard","hentry","category-freizeit","category-lokales","category-sport","tag-freibad-meschede","tag-oeffnungszeiten","tag-reparatur"],"_links":{"self":[{"href":"https:\/\/www.schiebener.net\/wordpress\/wp-json\/wp\/v2\/posts\/38043","targetHints":{"allow":["GET"]}}],"collection":[{"href":"https:\/\/www.schiebener.net\/wordpress\/wp-json\/wp\/v2\/posts"}],"about":[{"href":"https:\/\/www.schiebener.net\/wordpress\/wp-json\/wp\/v2\/types\/post"}],"author":[{"embeddable":true,"href":"https:\/\/www.schiebener.net\/wordpress\/wp-json\/wp\/v2\/users\/3"}],"replies":[{"embeddable":true,"href":"https:\/\/www.schiebener.net\/wordpress\/wp-json\/wp\/v2\/comments?post=38043"}],"version-history":[{"count":0,"href":"https:\/\/www.schiebener.net\/wordpress\/wp-json\/wp\/v2\/posts\/38043\/revisions"}],"wp:attachment":[{"href":"https:\/\/www.schiebener.net\/wordpress\/wp-json\/wp\/v2\/media?parent=38043"}],"wp:term":[{"taxonomy":"category","embeddable":true,"href":"https:\/\/www.schiebener.net\/wordpress\/wp-json\/wp\/v2\/categories?post=38043"},{"taxonomy":"post_tag","embeddable":true,"href":"https:\/\/www.schiebener.net\/wordpress\/wp-json\/wp\/v2\/tags?post=38043"}],"curies":[{"name":"wp","href":"https:\/\/api.w.org\/{rel}","templated":true}]}}