{"id":38018,"date":"2017-05-23T21:13:38","date_gmt":"2017-05-23T20:13:38","guid":{"rendered":"https:\/\/www.schiebener.net\/wordpress\/?p=38018"},"modified":"2017-05-23T21:13:38","modified_gmt":"2017-05-23T20:13:38","slug":"weitere-verzoegerungen-beim-sauerlandmuseum","status":"publish","type":"post","link":"https:\/\/www.schiebener.net\/wordpress\/weitere-verzoegerungen-beim-sauerlandmuseum\/","title":{"rendered":"Weitere Verz\u00f6gerungen beim Sauerlandmuseum"},"content":{"rendered":"<p><strong>Urspr\u00fcnglich sollten Umbau und Erweiterung des Sauerlandmuseums bereits im Jahr 2017 abgeschlossen sein.<\/strong><\/p>\n<p><em>(Der Artikel ist zuerst <a href=\"http:\/\/sbl-fraktion.de\/?p=7521\" target=\"_blank\" rel=\"noopener noreferrer\">auf der Website der Sauerl\u00e4nder B\u00fcrgerliste<\/a> erschienen.)<\/em><\/p>\n<p>Zwar ist das Museum in der Arnsberger Altstadt seit August 2014 und damit mittlerweile fast 3 Jahre geschlossen, aber die Fertigstellung liegt noch in weiter Ferne.<\/p>\n<p><a href=\"http:\/\/sbl-fraktion.de\/wp-content\/20170520_192555.jpg\"><img loading=\"lazy\" decoding=\"async\" class=\"alignnone size-medium wp-image-7524\" src=\"http:\/\/sbl-fraktion.de\/wp-content\/20170520_192555-300x169.jpg\" alt=\"20170520_192555\" width=\"300\" height=\"169\" \/><\/a><\/p>\n<p>F\u00fcr den Erweiterungsbau begannen Anfang November 2016 die Arbeiten f\u00fcr das Erstellen der Baugrube und die Errichtung der Baugrubenw\u00e4nde. Sie sollten laut Ausschreibung bis zum 28.03.2017 abgeschlossen sein. Doch auch daraus wurde nichts, das Gewerk dauerte etwa 7 Wochen l\u00e4nger.<\/p>\n<p>Erst am 17. Mai begannen mit dem Aufstellen eines Baukrans die Arbeiten f\u00fcr den Rohbau.<\/p>\n<p><a href=\"http:\/\/sbl-fraktion.de\/wp-content\/20170520_1925431.jpg\"><img loading=\"lazy\" decoding=\"async\" class=\"alignnone size-medium wp-image-7527\" src=\"http:\/\/sbl-fraktion.de\/wp-content\/20170520_1925431-169x300.jpg\" alt=\"20170520_192543\" width=\"169\" height=\"300\" \/><\/a><\/p>\n<p>In der Drucksache 8\/824 f\u00fcr die Kreistagssitzung am 21.06.2013 hatten Landrat und Kreisverwaltung noch diesen Zeitplan angek\u00fcndigt:<br \/>\n\u201c1. Quartal 2014: Errichten der Baugrube<br \/>\nSommer 2014: Beginn Rohbau<br \/>\nSommer 2015: Abschluss Rohbau (Richtfest)<br \/>\nEnde 2016: Abschluss der Bauma\u00dfnahme<br \/>\n1. Quartal 2017: Einweihung \/ Auftaktausstellung, zum Beispiel August Macke-Ausstellung\u201d<\/p>\n<p>Damit betr\u00e4gt der R\u00fcckstand nun schon fast 3 Jahre. Zuletzt war die Er\u00f6ffnung des dann fertig gestellten Sauerlandmuseums f\u00fcr Fr\u00fchjahr 2019 angek\u00fcndigt worden. Zum 31.10.2020 endet die Wahlperiode des aktuellen Kreistags. Ob die Fertigstellung noch in diese Wahlperiode f\u00e4llt?<\/p>\n<p><a href=\"http:\/\/sbl-fraktion.de\/wp-content\/20170520_192431.jpg\"><img loading=\"lazy\" decoding=\"async\" class=\"alignnone size-medium wp-image-7523\" src=\"http:\/\/sbl-fraktion.de\/wp-content\/20170520_192431-300x169.jpg\" alt=\"20170520_192431\" width=\"300\" height=\"169\" \/><\/a><\/p>\n","protected":false},"excerpt":{"rendered":"<p>Urspr\u00fcnglich sollten Umbau und Erweiterung des Sauerlandmuseums bereits im Jahr 2017 abgeschlossen sein. (Der Artikel ist zuerst auf der Website der Sauerl\u00e4nder B\u00fcrgerliste erschienen.) Zwar ist das Museum in der &hellip; <a href=\"https:\/\/www.schiebener.net\/wordpress\/weitere-verzoegerungen-beim-sauerlandmuseum\/\" class=\"more-link\"><span class=\"screen-reader-text\">\u201eWeitere Verz\u00f6gerungen beim Sauerlandmuseum\u201c <\/span>weiterlesen<\/a><\/p>\n","protected":false},"author":17,"featured_media":0,"comment_status":"open","ping_status":"open","sticky":false,"template":"","format":"standard","meta":{"footnotes":""},"categories":[674,80,24],"tags":[1350,6545,4677,294],"class_list":["post-38018","post","type-post","status-publish","format-standard","hentry","category-kultur","category-lokales","category-politik","tag-arnsberg","tag-sauerlaender-buergerlistefw","tag-sauerland-museum","tag-sbl"],"_links":{"self":[{"href":"https:\/\/www.schiebener.net\/wordpress\/wp-json\/wp\/v2\/posts\/38018","targetHints":{"allow":["GET"]}}],"collection":[{"href":"https:\/\/www.schiebener.net\/wordpress\/wp-json\/wp\/v2\/posts"}],"about":[{"href":"https:\/\/www.schiebener.net\/wordpress\/wp-json\/wp\/v2\/types\/post"}],"author":[{"embeddable":true,"href":"https:\/\/www.schiebener.net\/wordpress\/wp-json\/wp\/v2\/users\/17"}],"replies":[{"embeddable":true,"href":"https:\/\/www.schiebener.net\/wordpress\/wp-json\/wp\/v2\/comments?post=38018"}],"version-history":[{"count":0,"href":"https:\/\/www.schiebener.net\/wordpress\/wp-json\/wp\/v2\/posts\/38018\/revisions"}],"wp:attachment":[{"href":"https:\/\/www.schiebener.net\/wordpress\/wp-json\/wp\/v2\/media?parent=38018"}],"wp:term":[{"taxonomy":"category","embeddable":true,"href":"https:\/\/www.schiebener.net\/wordpress\/wp-json\/wp\/v2\/categories?post=38018"},{"taxonomy":"post_tag","embeddable":true,"href":"https:\/\/www.schiebener.net\/wordpress\/wp-json\/wp\/v2\/tags?post=38018"}],"curies":[{"name":"wp","href":"https:\/\/api.w.org\/{rel}","templated":true}]}}