{"id":37963,"date":"2017-05-13T22:05:55","date_gmt":"2017-05-13T21:05:55","guid":{"rendered":"https:\/\/www.schiebener.net\/wordpress\/?p=37963"},"modified":"2017-05-13T22:07:00","modified_gmt":"2017-05-13T21:07:00","slug":"nach-dem-gewitter-auf-dem-kahlen-asten","status":"publish","type":"post","link":"https:\/\/www.schiebener.net\/wordpress\/nach-dem-gewitter-auf-dem-kahlen-asten\/","title":{"rendered":"Nach dem Gewitter auf dem Kahlen Asten"},"content":{"rendered":"<figure id=\"attachment_37964\" aria-describedby=\"caption-attachment-37964\" style=\"width: 700px\" class=\"wp-caption aligncenter\"><img loading=\"lazy\" decoding=\"async\" class=\"size-full wp-image-37964\" src=\"https:\/\/www.schiebener.net\/wordpress\/wp-content\/uploads\/2017\/05\/KahlerAsten2017051301.jpg\" alt=\"\" width=\"700\" height=\"1050\" srcset=\"https:\/\/www.schiebener.net\/wordpress\/wp-content\/uploads\/2017\/05\/KahlerAsten2017051301.jpg 700w, https:\/\/www.schiebener.net\/wordpress\/wp-content\/uploads\/2017\/05\/KahlerAsten2017051301-200x300.jpg 200w, https:\/\/www.schiebener.net\/wordpress\/wp-content\/uploads\/2017\/05\/KahlerAsten2017051301-683x1024.jpg 683w\" sizes=\"auto, (max-width: 709px) 85vw, (max-width: 909px) 67vw, (max-width: 984px) 61vw, (max-width: 1362px) 45vw, 600px\" \/><figcaption id=\"caption-attachment-37964\" class=\"wp-caption-text\">Nach dem Gewitter kam die Sonne heraus. Der Kahle Asten wirkt kahl und \u00f6de. (foto: zoom)<\/figcaption><\/figure>\n<p><strong>Heute war ein gro\u00dfer Tag f\u00fcr Regenbogen, Wolken und Schattenbilder. Nach dem Abendgewitter bin ich zum Kahlen Asten gefahren. Es war angenehm warm. Kurz nach 19 Uhr war auf dem Dach Nordrhein-Westfalens nichts mehr los.<\/strong><\/p>\n<p>Der Parkplatz vor dem Turm wird gerade umgebaut, ist ein unattraktive Baustelle. Auf den Ausweichparkpl\u00e4tzen standen nur wenige Autos. Die Au\u00dfengastronomie war geschlossen.<\/p>\n<p>Wenn ich ein k\u00fchles Bier in sch\u00f6ner Umgebung trinken will, radele ich doch lieber zur Niedersfelder Hochheide. Die H\u00fctte dort ist mir sympathischer, die Hochheide ist gro\u00dffl\u00e4chiger und vielf\u00e4ltiger als das mit Asphaltwegen durchzogene Plateau des Kahlen Asten.<\/p>\n<p>Wer am Abend die \u00d6dnis sucht, ist allerdings auf dem zweith\u00f6chsten Berg Nordrhein-Westfalens gut aufgehoben. Die kahlen B\u00e4ume sind im Gegenlicht bildh\u00fcbsch und &#8230;<\/p>\n<p>&#8230; manchmal liebe ich die \u00d6dnis.<\/p>\n","protected":false},"excerpt":{"rendered":"<p>Heute war ein gro\u00dfer Tag f\u00fcr Regenbogen, Wolken und Schattenbilder. Nach dem Abendgewitter bin ich zum Kahlen Asten gefahren. Es war angenehm warm. Kurz nach 19 Uhr war auf dem &hellip; <a href=\"https:\/\/www.schiebener.net\/wordpress\/nach-dem-gewitter-auf-dem-kahlen-asten\/\" class=\"more-link\"><span class=\"screen-reader-text\">\u201eNach dem Gewitter auf dem Kahlen Asten\u201c <\/span>weiterlesen<\/a><\/p>\n","protected":false},"author":3,"featured_media":0,"comment_status":"open","ping_status":"open","sticky":false,"template":"","format":"standard","meta":{"footnotes":""},"categories":[174,1732,2489,80,549,648],"tags":[1058],"class_list":["post-37963","post","type-post","status-publish","format-standard","hentry","category-dit-und-dat","category-freizeit","category-in-eigener-sache","category-lokales","category-umwelt","category-was-tun-gegen-langweile","tag-kahler-asten"],"_links":{"self":[{"href":"https:\/\/www.schiebener.net\/wordpress\/wp-json\/wp\/v2\/posts\/37963","targetHints":{"allow":["GET"]}}],"collection":[{"href":"https:\/\/www.schiebener.net\/wordpress\/wp-json\/wp\/v2\/posts"}],"about":[{"href":"https:\/\/www.schiebener.net\/wordpress\/wp-json\/wp\/v2\/types\/post"}],"author":[{"embeddable":true,"href":"https:\/\/www.schiebener.net\/wordpress\/wp-json\/wp\/v2\/users\/3"}],"replies":[{"embeddable":true,"href":"https:\/\/www.schiebener.net\/wordpress\/wp-json\/wp\/v2\/comments?post=37963"}],"version-history":[{"count":0,"href":"https:\/\/www.schiebener.net\/wordpress\/wp-json\/wp\/v2\/posts\/37963\/revisions"}],"wp:attachment":[{"href":"https:\/\/www.schiebener.net\/wordpress\/wp-json\/wp\/v2\/media?parent=37963"}],"wp:term":[{"taxonomy":"category","embeddable":true,"href":"https:\/\/www.schiebener.net\/wordpress\/wp-json\/wp\/v2\/categories?post=37963"},{"taxonomy":"post_tag","embeddable":true,"href":"https:\/\/www.schiebener.net\/wordpress\/wp-json\/wp\/v2\/tags?post=37963"}],"curies":[{"name":"wp","href":"https:\/\/api.w.org\/{rel}","templated":true}]}}