{"id":37952,"date":"2017-05-13T21:03:11","date_gmt":"2017-05-13T20:03:11","guid":{"rendered":"https:\/\/www.schiebener.net\/wordpress\/?p=37952"},"modified":"2017-05-13T21:39:32","modified_gmt":"2017-05-13T20:39:32","slug":"ennertststrasse-in-winterberg-siedlinghausen-welche-schildbuerger-haben-heimlich-die-vorfahrt-geaendert","status":"publish","type":"post","link":"https:\/\/www.schiebener.net\/wordpress\/ennertststrasse-in-winterberg-siedlinghausen-welche-schildbuerger-haben-heimlich-die-vorfahrt-geaendert\/","title":{"rendered":"Ennertststra\u00dfe in Winterberg-Siedlinghausen: Welche Schildb\u00fcrger haben &#8222;heimlich&#8220; die Vorfahrt ge\u00e4ndert?"},"content":{"rendered":"<figure id=\"attachment_37953\" aria-describedby=\"caption-attachment-37953\" style=\"width: 700px\" class=\"wp-caption aligncenter\"><img loading=\"lazy\" decoding=\"async\" class=\"size-full wp-image-37953\" src=\"https:\/\/www.schiebener.net\/wordpress\/wp-content\/uploads\/2017\/05\/EnnertSchiller2017051301.jpg\" alt=\"\" width=\"700\" height=\"467\" srcset=\"https:\/\/www.schiebener.net\/wordpress\/wp-content\/uploads\/2017\/05\/EnnertSchiller2017051301.jpg 700w, https:\/\/www.schiebener.net\/wordpress\/wp-content\/uploads\/2017\/05\/EnnertSchiller2017051301-300x200.jpg 300w\" sizes=\"auto, (max-width: 709px) 85vw, (max-width: 909px) 67vw, (max-width: 984px) 61vw, (max-width: 1362px) 45vw, 600px\" \/><figcaption id=\"caption-attachment-37953\" class=\"wp-caption-text\">Hier ist der Anstieg der Ennertstra\u00dfe (Tempo-30-Zone) noch m\u00e4\u00dfig, bevor sie nach rechts knickt und brutal steil wird.\u00a0 Seit x(?) Tagen hat u.a. die Schillerstra\u00dfe rechts Vorfahrt. (foto: zoom)<\/figcaption><\/figure>\n<p><strong>Seit 18 Jahren wohne ich in Siedlinghausen. Seit 18 Jahren hat die Ennertstra\u00dfe Vorfahrt vor den rechts einm\u00fcndenden Stra\u00dfen (Schiller-, von F\u00fcrstenberg-, Goethestra\u00dfe (unten, oben) \/ Allenbergstra\u00dfe), obwohl sie in einer Tempo-30-Zone liegt.<\/strong><\/p>\n<p>Ein Grund ist der steile Anstieg hoch zum Meisterstein, der das Anfahren bei Vorfahrtsgew\u00e4hrung, gerade im Winter, unm\u00f6glich macht. Dazu kommt, dass die Einsicht in die rechts einm\u00fcndenden Stra\u00dfen, siehe Bild, kaum m\u00f6glich ist.<\/p>\n<p><strong>Durch Zufall habe ich erfahren, dass die Vorfahrt ge\u00e4ndert wurde.<\/strong> Ich h\u00e4tte sonst nicht gemerkt, dass die &#8222;Vorfahrt- und Vorfahrt-achten-Schilder&#8220; entfernt worden sind und w\u00e4re weiterhin meiner 18-j\u00e4hrigen Gewohnheit folgend die Ennertstra\u00dfe hinaufgefahren, in der Annahme, dass ich alle Verkehrsrechte der Welt bes\u00e4\u00dfe, die von rechts einbiegenden Autos zum Stop zu zwingen.<\/p>\n<p>Bislang kannte ich es so, dass bei einer Vorfahrts\u00e4nderung die Verkehrsteilnehmer ausdr\u00fccklich auf diesen Umstand hingewiesen werden. Es werden zum Beispiel Schilder, auf denen &#8222;Achtung ge\u00e4nderte Vorfahrt!&#8220; steht, aufgestellt. Bei uns im Wohngebiet ist das nicht geschehen.<\/p>\n<p>Was hat sich die Stadt Winterberg bei dieser Aktion gedacht?<\/p>\n<p>Warum wurde die \u00c4nderung nicht (ausreichend) kommuniziert?<\/p>\n<p>Hat da \u00fcberhaupt jemand nachgedacht?<\/p>\n<p>Ich wei\u00df nicht, wie lange die Neuregelung schon gilt und wann die Schilder abgeschraubt wurden.<\/p>\n<p>Seit ich es am Donnerstag auf Umwegen \u00fcber die Fahrschule(!) erfahren habe, beobachte ich den Verkehr auf der Ennertstra\u00dfe mit neuen Augen und ich sehe:<\/p>\n<p>ANARCHIE!<\/p>\n<p>Mal wird Vorfahrt gew\u00e4hrt, mal nicht. Ich scheine nicht der einzige \u00fcberrumpelte Anwohner zu sein.<\/p>\n","protected":false},"excerpt":{"rendered":"<p>Seit 18 Jahren wohne ich in Siedlinghausen. Seit 18 Jahren hat die Ennertstra\u00dfe Vorfahrt vor den rechts einm\u00fcndenden Stra\u00dfen (Schiller-, von F\u00fcrstenberg-, Goethestra\u00dfe (unten, oben) \/ Allenbergstra\u00dfe), obwohl sie in &hellip; <a href=\"https:\/\/www.schiebener.net\/wordpress\/ennertststrasse-in-winterberg-siedlinghausen-welche-schildbuerger-haben-heimlich-die-vorfahrt-geaendert\/\" class=\"more-link\"><span class=\"screen-reader-text\">\u201eEnnertststra\u00dfe in Winterberg-Siedlinghausen: Welche Schildb\u00fcrger haben &#8222;heimlich&#8220; die Vorfahrt ge\u00e4ndert?\u201c <\/span>weiterlesen<\/a><\/p>\n","protected":false},"author":3,"featured_media":0,"comment_status":"open","ping_status":"open","sticky":false,"template":"","format":"standard","meta":{"footnotes":""},"categories":[174,80,618],"tags":[6820,111,6819,322],"class_list":["post-37952","post","type-post","status-publish","format-standard","hentry","category-dit-und-dat","category-lokales","category-verkehr","tag-ennertstrasse","tag-siedlinghausen","tag-vorfahrtsregelung","tag-winterberg"],"_links":{"self":[{"href":"https:\/\/www.schiebener.net\/wordpress\/wp-json\/wp\/v2\/posts\/37952","targetHints":{"allow":["GET"]}}],"collection":[{"href":"https:\/\/www.schiebener.net\/wordpress\/wp-json\/wp\/v2\/posts"}],"about":[{"href":"https:\/\/www.schiebener.net\/wordpress\/wp-json\/wp\/v2\/types\/post"}],"author":[{"embeddable":true,"href":"https:\/\/www.schiebener.net\/wordpress\/wp-json\/wp\/v2\/users\/3"}],"replies":[{"embeddable":true,"href":"https:\/\/www.schiebener.net\/wordpress\/wp-json\/wp\/v2\/comments?post=37952"}],"version-history":[{"count":0,"href":"https:\/\/www.schiebener.net\/wordpress\/wp-json\/wp\/v2\/posts\/37952\/revisions"}],"wp:attachment":[{"href":"https:\/\/www.schiebener.net\/wordpress\/wp-json\/wp\/v2\/media?parent=37952"}],"wp:term":[{"taxonomy":"category","embeddable":true,"href":"https:\/\/www.schiebener.net\/wordpress\/wp-json\/wp\/v2\/categories?post=37952"},{"taxonomy":"post_tag","embeddable":true,"href":"https:\/\/www.schiebener.net\/wordpress\/wp-json\/wp\/v2\/tags?post=37952"}],"curies":[{"name":"wp","href":"https:\/\/api.w.org\/{rel}","templated":true}]}}