{"id":37890,"date":"2017-05-03T23:12:31","date_gmt":"2017-05-03T22:12:31","guid":{"rendered":"https:\/\/www.schiebener.net\/wordpress\/?p=37890"},"modified":"2017-05-03T23:41:37","modified_gmt":"2017-05-03T22:41:37","slug":"kurz-gebloggt-freie-waehler-wollen-das-winterberger-rathaus-erobern","status":"publish","type":"post","link":"https:\/\/www.schiebener.net\/wordpress\/kurz-gebloggt-freie-waehler-wollen-das-winterberger-rathaus-erobern\/","title":{"rendered":"Kurz gebloggt: Freie W\u00e4hler wollen das Winterberger Rathaus erobern"},"content":{"rendered":"<figure id=\"attachment_37891\" aria-describedby=\"caption-attachment-37891\" style=\"width: 700px\" class=\"wp-caption aligncenter\"><a href=\"https:\/\/www.schiebener.net\/wordpress\/wp-content\/uploads\/2017\/05\/GruendungFW2017050301.jpg\" target=\"_blank\" rel=\"noopener noreferrer\"><img loading=\"lazy\" decoding=\"async\" class=\"wp-image-37891\" src=\"https:\/\/www.schiebener.net\/wordpress\/wp-content\/uploads\/2017\/05\/GruendungFW2017050301.jpg\" alt=\"\" width=\"700\" height=\"320\" srcset=\"https:\/\/www.schiebener.net\/wordpress\/wp-content\/uploads\/2017\/05\/GruendungFW2017050301.jpg 1024w, https:\/\/www.schiebener.net\/wordpress\/wp-content\/uploads\/2017\/05\/GruendungFW2017050301-300x137.jpg 300w, https:\/\/www.schiebener.net\/wordpress\/wp-content\/uploads\/2017\/05\/GruendungFW2017050301-768x351.jpg 768w\" sizes=\"auto, (max-width: 709px) 85vw, (max-width: 909px) 67vw, (max-width: 984px) 61vw, (max-width: 1362px) 45vw, 600px\" \/><\/a><figcaption id=\"caption-attachment-37891\" class=\"wp-caption-text\">Birgit Schmidt, Heiner Kr\u00e4ling, Sebastian Vielhaber, Christa Hudyma und Thorsten Vogt wollen den B\u00fcrgerInnen im Winterberger Rathaus eine neue Stimme geben. (foto: zoom)<\/figcaption><\/figure>\n<p><strong>Heute Abend hat sich im Restaurant und Caf\u00e9 Engemann die &#8222;Freie W\u00e4hlergemeinschaft (FWG) &#8211; B\u00fcrger f\u00fcr Winterberg und Ortschaften&#8220; gegr\u00fcndet.<\/strong><\/p>\n<p>Ab sofort wollen die Mitglieder der FWG in der Winterberger Politik mitmischen und bei den n\u00e4chsten Kommunalwahlen ins Rathaus einziehen.<\/p>\n<p>Mehr als zwei Stunden wurden die M\u00f6glichkeiten und Perspektiven kommunaler Politik diskutiert. Der B\u00fcrger m\u00fcsse wieder im Mittelpunkt stehen, lautete der Tenor. Die Politik der &#8222;Abnicker&#8220; im Rathaus solle beendet werden.<\/p>\n<p>Inhaltlich wolle man sich auf Schulpolitik, Windkraft und Finanzen konzentrieren. Die Ortschaften d\u00fcrften nicht zugunsten der Kernstadt Winterberg ausbluten.<\/p>\n<p>Das einstimmig gew\u00e4hlte Vorstandsteam besteht aus Sebastian Vielhaber (1.&nbsp;Vorsitzender), Heiner Kr\u00e4ling (2.&nbsp;Vorsitzender) und Thorsten Vogt (Gesch\u00e4ftsf\u00fchrer).<\/p>\n<p>In den Beirat gew\u00e4hlt wurden Alexandra Himmelreich (Siedlinghausen) und Birgit Schmidt (Z\u00fcschen).<\/p>\n<p>Kassenpr\u00fcfer: Bruno K\u00f6rner und Renate Sibert.<\/p>\n<p>\u00dcber die sehr ausf\u00fchrliche und interessante Diskussion zu den Gr\u00fcnden und Zielsetzungen der Vereinsgr\u00fcndung werde ich noch berichten.<\/p>\n","protected":false},"excerpt":{"rendered":"<p>Heute Abend hat sich im Restaurant und Caf\u00e9 Engemann die &#8222;Freie W\u00e4hlergemeinschaft (FWG) &#8211; B\u00fcrger f\u00fcr Winterberg und Ortschaften&#8220; gegr\u00fcndet. Ab sofort wollen die Mitglieder der FWG in der Winterberger &hellip; <a href=\"https:\/\/www.schiebener.net\/wordpress\/kurz-gebloggt-freie-waehler-wollen-das-winterberger-rathaus-erobern\/\" class=\"more-link\"><span class=\"screen-reader-text\">\u201eKurz gebloggt: Freie W\u00e4hler wollen das Winterberger Rathaus erobern\u201c <\/span>weiterlesen<\/a><\/p>\n","protected":false},"author":3,"featured_media":0,"comment_status":"open","ping_status":"open","sticky":false,"template":"","format":"standard","meta":{"footnotes":""},"categories":[80,24],"tags":[6807],"class_list":["post-37890","post","type-post","status-publish","format-standard","hentry","category-lokales","category-politik","tag-freie-waehler-winterberg"],"_links":{"self":[{"href":"https:\/\/www.schiebener.net\/wordpress\/wp-json\/wp\/v2\/posts\/37890","targetHints":{"allow":["GET"]}}],"collection":[{"href":"https:\/\/www.schiebener.net\/wordpress\/wp-json\/wp\/v2\/posts"}],"about":[{"href":"https:\/\/www.schiebener.net\/wordpress\/wp-json\/wp\/v2\/types\/post"}],"author":[{"embeddable":true,"href":"https:\/\/www.schiebener.net\/wordpress\/wp-json\/wp\/v2\/users\/3"}],"replies":[{"embeddable":true,"href":"https:\/\/www.schiebener.net\/wordpress\/wp-json\/wp\/v2\/comments?post=37890"}],"version-history":[{"count":0,"href":"https:\/\/www.schiebener.net\/wordpress\/wp-json\/wp\/v2\/posts\/37890\/revisions"}],"wp:attachment":[{"href":"https:\/\/www.schiebener.net\/wordpress\/wp-json\/wp\/v2\/media?parent=37890"}],"wp:term":[{"taxonomy":"category","embeddable":true,"href":"https:\/\/www.schiebener.net\/wordpress\/wp-json\/wp\/v2\/categories?post=37890"},{"taxonomy":"post_tag","embeddable":true,"href":"https:\/\/www.schiebener.net\/wordpress\/wp-json\/wp\/v2\/tags?post=37890"}],"curies":[{"name":"wp","href":"https:\/\/api.w.org\/{rel}","templated":true}]}}