{"id":37882,"date":"2017-04-30T20:01:59","date_gmt":"2017-04-30T19:01:59","guid":{"rendered":"https:\/\/www.schiebener.net\/wordpress\/?p=37882"},"modified":"2017-04-30T20:01:59","modified_gmt":"2017-04-30T19:01:59","slug":"pressemitteilung-der-buerger-im-mittelpunkt-allen-handelns-mitmachen-und-mitgestalten","status":"publish","type":"post","link":"https:\/\/www.schiebener.net\/wordpress\/pressemitteilung-der-buerger-im-mittelpunkt-allen-handelns-mitmachen-und-mitgestalten\/","title":{"rendered":"Pressemitteilung: \u201eDer B\u00fcrger im Mittelpunkt allen Handelns!\u201c \u2013 Mitmachen und Mitgestalten"},"content":{"rendered":"<p><em>Ich dokumentiere im Folgenden die <a href=\"https:\/\/www.schiebener.net\/wordpress\/wp-content\/uploads\/2017\/04\/20170426_EinladungGr\u00fcndung.pdf\" target=\"_blank\" rel=\"noopener noreferrer\">Einladung<\/a> von Sebastian Vielhaber und Heiner Kr\u00e4ling zur Gr\u00fcndung einer B\u00fcrgervereinigung \u201eFreie W\u00e4hler Winterberg und Ortschaften\u201c am kommenden Mittwoch, dem 3. Mai im Restaurant Caf\u00e9 Engemann in Winterberg \/ Am Waltenberg 14 um 20 Uhr.<\/p>\n<p><\/em><\/p>\n<hr \/>\n<h2>Einladung Gr\u00fcndungsversammlung<\/h2>\n<p>An Alle<br \/>\nInteressierten B\u00fcrger und B\u00fcrgerinnen<br \/>\naus Winterberg und den umliegenden Ortschaften<\/p>\n<p><strong>\u201eDer B\u00fcrger im Mittelpunkt allen Handelns!\u201c \u2013 Mitmachen und Mitgestalten<\/strong><\/p>\n<p><strong>Einladung zur Gr\u00fcndungsversammlung<\/strong><\/p>\n<p>Hallo liebe Freie W\u00e4hler Freunde,<\/p>\n<p>wie die anwesenden B\u00fcrgerinnen und B\u00fcrger am 13.04.2017 in unserer Infoveranstaltung in Winterberg-Siedlinghausen (Gasthof Lingenauber) besprochen haben, wollen wir uns am <strong>Mittwoch, den 03.05.2017<\/strong> treffen, um eine <strong>B\u00fcrgervereinigung \u201eFreie W\u00e4hler Winterberg und Ortschaften\u201c<\/strong> zu gr\u00fcnden.<\/p>\n<ul>Wir wollen eine saubere Politik ohne \u201eFilz und Kl\u00fcngel\u201c. Wir m\u00f6chten, dass alle B\u00fcrger aller Ortsteile fr\u00fcher umfassend informiert und demokratisch in die Entscheidungen der Politik &amp; Verwaltung zur Verbesserung des Gemeindewohls einbezogen werden (auch unter dem Aspekt \u201el\u00e4ngere Entscheidungsfindung\u201c). Der B\u00fcrger darf nicht durch das Schaffen vollendeter Tatsachen ausgegrenzt und zur Unt\u00e4tigkeit gezwungen werden. Gemeinsam (alle B\u00fcrger &amp; B\u00fcrgerinnen der Stadt) = frei von Parteiinteressen, Zw\u00e4ngen, hin zu mehr Unabh\u00e4ngigkeit, Sachlichkeit und B\u00fcrgern\u00e4he = m\u00fcssen wir vor Ort, wieder die zentralen Gestalter der \u201eAlltagspolitik\u201c werden!<\/ul>\n<p>Zu diesem Zweck haben wir <strong>im Restaurant Caf\u00e9 Engemann in Winterberg \/ Am Waltenberg 14<\/strong> eine R\u00e4umlichkeit reserviert, welche uns <strong>ab 19:30 Uhr (Beginn: 20:00 Uhr)<\/strong> zur Verf\u00fcgung steht.<\/p>\n<p>Als Tagesordnung f\u00fcr die Gr\u00fcndungsversammlung haben wir uns nachfolgenden Ablauf vorgestellt:<\/p>\n<ol>\n<li>Begr\u00fc\u00dfung der Anwesenden<\/li>\n<li>Bestellung eines Protokollf\u00fchrers f\u00fcr die Gr\u00fcndungsversammlung<\/li>\n<li>Genehmigung der Tagesordnung<\/li>\n<li>Kurze Erl\u00e4uterung der Vereinsgr\u00fcndung (Gr\u00fcnde, Zielsetzungen)<\/li>\n<li>Beschlussfassung (Verabschiedung) der Vereinssatzung<\/li>\n<li>Wahl des Vereinsvorstands nach \u00a7 26 BGB \/ Erweiterter Vorstand<\/li>\n<li>Wahl der Kassenpr\u00fcfer<\/li>\n<li>Erhebung und H\u00f6he der Mitgliederbeitr\u00e4ge (Vorschlag vom 13.04.2017 sind 24,00 \u20ac \/ 30,00 \u20ac p.a.)<\/li>\n<li>Verschiedenes<\/li>\n<\/ol>\n<p>Sollten wir keine \u00c4nderungs- bzw. Erg\u00e4nzungsw\u00fcnsche erhalten, gehen wir davon aus, dass Sie mit dieser Tagesordnung einverstanden sind.<\/p>\n<p>Mit freundlichen Gr\u00fc\u00dfen<\/p>\n<p>Ihre Initiatoren<br \/>\nSebastian Vielhaber &amp; Heiner Kr\u00e4ling<\/p>\n<hr \/>\n<p><em><a href=\"http:\/\/www.fw-winterberg.de\" target=\"_blank\" rel=\"noopener noreferrer\">http:\/\/www.fw-winterberg.de<\/a>\u00a0 \/\u00a0 <a href=\"mailto:kontakt@fw-winterberg.de\" target=\"_blank\" rel=\"noopener noreferrer\">kontakt@fw-winterberg.de<\/a><\/em><\/p>\n","protected":false},"excerpt":{"rendered":"<p>Ich dokumentiere im Folgenden die Einladung von Sebastian Vielhaber und Heiner Kr\u00e4ling zur Gr\u00fcndung einer B\u00fcrgervereinigung \u201eFreie W\u00e4hler Winterberg und Ortschaften\u201c am kommenden Mittwoch, dem 3. Mai im Restaurant Caf\u00e9 &hellip; <a href=\"https:\/\/www.schiebener.net\/wordpress\/pressemitteilung-der-buerger-im-mittelpunkt-allen-handelns-mitmachen-und-mitgestalten\/\" class=\"more-link\"><span class=\"screen-reader-text\">\u201ePressemitteilung: \u201eDer B\u00fcrger im Mittelpunkt allen Handelns!\u201c \u2013 Mitmachen und Mitgestalten\u201c <\/span>weiterlesen<\/a><\/p>\n","protected":false},"author":3,"featured_media":0,"comment_status":"open","ping_status":"open","sticky":false,"template":"","format":"standard","meta":{"footnotes":""},"categories":[303,80,24,1043],"tags":[6804,610,6805,655,322],"class_list":["post-37882","post","type-post","status-publish","format-standard","hentry","category-in-unserem-briefkasten","category-lokales","category-politik","category-pressemitteilungen","tag-cafe-engemann","tag-freie-wahler","tag-gruendungsversammlung","tag-pressemitteilung","tag-winterberg"],"_links":{"self":[{"href":"https:\/\/www.schiebener.net\/wordpress\/wp-json\/wp\/v2\/posts\/37882","targetHints":{"allow":["GET"]}}],"collection":[{"href":"https:\/\/www.schiebener.net\/wordpress\/wp-json\/wp\/v2\/posts"}],"about":[{"href":"https:\/\/www.schiebener.net\/wordpress\/wp-json\/wp\/v2\/types\/post"}],"author":[{"embeddable":true,"href":"https:\/\/www.schiebener.net\/wordpress\/wp-json\/wp\/v2\/users\/3"}],"replies":[{"embeddable":true,"href":"https:\/\/www.schiebener.net\/wordpress\/wp-json\/wp\/v2\/comments?post=37882"}],"version-history":[{"count":0,"href":"https:\/\/www.schiebener.net\/wordpress\/wp-json\/wp\/v2\/posts\/37882\/revisions"}],"wp:attachment":[{"href":"https:\/\/www.schiebener.net\/wordpress\/wp-json\/wp\/v2\/media?parent=37882"}],"wp:term":[{"taxonomy":"category","embeddable":true,"href":"https:\/\/www.schiebener.net\/wordpress\/wp-json\/wp\/v2\/categories?post=37882"},{"taxonomy":"post_tag","embeddable":true,"href":"https:\/\/www.schiebener.net\/wordpress\/wp-json\/wp\/v2\/tags?post=37882"}],"curies":[{"name":"wp","href":"https:\/\/api.w.org\/{rel}","templated":true}]}}