{"id":37874,"date":"2017-04-30T00:43:04","date_gmt":"2017-04-29T23:43:04","guid":{"rendered":"https:\/\/www.schiebener.net\/wordpress\/?p=37874"},"modified":"2017-04-30T00:49:16","modified_gmt":"2017-04-29T23:49:16","slug":"pressemitteilung-200-jahre-carl-wilhelm-toelcke-sauerlaender-und-dortmunder-sozialdemokraten-gedenken-des-vaters-der-westfaelischen-sozialdemokratie","status":"publish","type":"post","link":"https:\/\/www.schiebener.net\/wordpress\/pressemitteilung-200-jahre-carl-wilhelm-toelcke-sauerlaender-und-dortmunder-sozialdemokraten-gedenken-des-vaters-der-westfaelischen-sozialdemokratie\/","title":{"rendered":"Pressemitteilung:  200 Jahre Carl Wilhelm T\u00f6lcke. <div><small>Sauerl\u00e4nder und Dortmunder Sozialdemokraten gedenken des \u201eVaters der westf\u00e4lischen Sozialdemokratie\u201c<\/small><\/div>"},"content":{"rendered":"<figure id=\"attachment_37875\" aria-describedby=\"caption-attachment-37875\" style=\"width: 700px\" class=\"wp-caption aligncenter\"><img loading=\"lazy\" decoding=\"async\" class=\"wp-image-37875\" src=\"https:\/\/www.schiebener.net\/wordpress\/wp-content\/uploads\/2017\/04\/T\u00f6lcke_1.jpg\" alt=\"Sozialdemokraten aus dem Sauerland gedenken Carl Wilhelm T\u00f6lckes. Von links nach rechts: Karl Arnold Reinartz, Margit Hieronymus, Volkan Balkan, Armin Jahl (foto: spd)\" width=\"700\" height=\"642\" srcset=\"https:\/\/www.schiebener.net\/wordpress\/wp-content\/uploads\/2017\/04\/T\u00f6lcke_1.jpg 1024w, https:\/\/www.schiebener.net\/wordpress\/wp-content\/uploads\/2017\/04\/T\u00f6lcke_1-300x275.jpg 300w, https:\/\/www.schiebener.net\/wordpress\/wp-content\/uploads\/2017\/04\/T\u00f6lcke_1-768x704.jpg 768w\" sizes=\"auto, (max-width: 709px) 85vw, (max-width: 909px) 67vw, (max-width: 984px) 61vw, (max-width: 1362px) 45vw, 600px\" \/><figcaption id=\"caption-attachment-37875\" class=\"wp-caption-text\">Sozialdemokraten aus dem Sauerland gedenken Carl Wilhelm T\u00f6lckes. Von links nach rechts: Karl Arnold Reinartz, Margit Hieronymus, Volkan Balkan, Armin Jahl (foto: spd)<\/figcaption><\/figure>\n<p><strong>Meschede\/Dortmund. (spd_pm) Der 200. Geburtstag von Carl Wilhelm T\u00f6lcke am 31. Mai dieses Jahres r\u00fcckt n\u00e4her. T\u00f6lcke gilt als \u201eVater der westf\u00e4lischen Sozialdemokratie\u201c.<\/strong><\/p>\n<p>Sozialdemokraten aus dem Sauerland und aus Dortmund gedachten seiner mit einer Kranzniederlegung bereits jetzt auf dem Dortmunder Ostenfriedhof. T\u00f6lcke war von seiner Herkunft her Sauerl\u00e4nder, hatte aber zuletzt in Dortmund gelebt und gewirkt.<\/p>\n<p>Geboren wurde er in Eslohe im Sauerland. Bereits in der Revolution von 1848\/49 politisch aktiv und von der Obrigkeit verfolgt, schloss er sich 1865 dem Allgemeinen Deutschen Arbeiterverein von Ferdinand Lassalle an. Noch im selben Jahr wurde er kurze Zeit Pr\u00e4sident, danach zeitweise Vizepr\u00e4sident und Parteisekret\u00e4r.<\/p>\n<p>Obwohl er zu den sch\u00e4rfsten Gegnern der konkurrierenden Sozialdemokratischen Arbeiterpartei von August Bebel und Wilhelm Liebknecht geh\u00f6rte, kam er angesichts der antisozialdemokratischen Ma\u00dfnahmen des Staates zu dem Schluss, dass die beiden Parteien ihren Streit beilegen m\u00fcssten. Er \u00fcberzeugte seinen Freund Wilhelm Hasenclever als Pr\u00e4sidenten des ADAV von diesem Kurs.<\/p>\n<p>Im Jahr 1875 kam es in Gotha zur Vereinigung beider Parteien. T\u00f6lcke lebte seither in Dortmund und widmete sich dem Aufbau der neuen Partei und der Parteipresse in der Stadt und den umliegenden Gebieten.<\/p>\n<p>W\u00e4hrend der Geltung des Sozialistengesetzes ab 1878 verfolgt und zeitweise inhaftiert, half er nach der Aufhebung des Gesetzes erneut beim Aufbau der Partei im Ruhrgebiet. Er starb am 30. November 1893.<\/p>\n<p>Sein Grab ist nicht mehr erhalten, an T\u00f6lcke erinnert heute eine Gedenkstele auf dem historischen Dortmunder Ostenfriedhof. Eine Gruppe Sauerl\u00e4nder Sozialdemokraten &#8211; mit Margit Hieronymus als stellvertretende Unterbezirksvorsitzende und Landtagskandidatin an der Spitze &#8211; traf mit Dortmunder Parteimitgliedern zusammen. Unter ihnen waren auch der Landtagsabgeordnete Armin Jahl und der Landtagskandidat Volkan Barkan. Karl Arnold Reinartz aus Eslohe berichtete kurz \u00fcber Herkunft und fr\u00fche Jahre von T\u00f6lcke, w\u00e4hrend Volkan Balkan sich der Dortmunder Zeit widmete.<\/p>\n<p>Im Anschluss wurden Kr\u00e4nze des Unterbeirks Hochsauerland und Dortmund sowie des Ortsvereins Eslohe niedergelegt. Margit Hieronymus betonte abschlie\u00dfend die Notwendigkeit des historischen Erinnerns nicht zuletzt zur Selbstvergewisserung beim Streiten f\u00fcr eine sozial gerechte, demokratische und freie Gesellschaft.<\/p>\n<p>Die Dortmunder wurden selbstverst\u00e4ndlich zu der gro\u00dfen Festveranstaltung der Gemeinde Eslohe zu Ehren von Carl Wilhelm T\u00f6lcke am 31. Mai 2017 eingeladen.<\/p>\n","protected":false},"excerpt":{"rendered":"<p>Meschede\/Dortmund. (spd_pm) Der 200. Geburtstag von Carl Wilhelm T\u00f6lcke am 31. Mai dieses Jahres r\u00fcckt n\u00e4her. T\u00f6lcke gilt als \u201eVater der westf\u00e4lischen Sozialdemokratie\u201c. Sozialdemokraten aus dem Sauerland und aus Dortmund &hellip; <a href=\"https:\/\/www.schiebener.net\/wordpress\/pressemitteilung-200-jahre-carl-wilhelm-toelcke-sauerlaender-und-dortmunder-sozialdemokraten-gedenken-des-vaters-der-westfaelischen-sozialdemokratie\/\" class=\"more-link\"><span class=\"screen-reader-text\">\u201ePressemitteilung:  200 Jahre Carl Wilhelm T\u00f6lcke. <\/p>\n<div><small>Sauerl\u00e4nder und Dortmunder Sozialdemokraten gedenken des \u201eVaters der westf\u00e4lischen Sozialdemokratie\u201c<\/small><\/div>\n<p>\u201c <\/span>weiterlesen<\/a><\/p>\n","protected":false},"author":17,"featured_media":0,"comment_status":"open","ping_status":"open","sticky":false,"template":"","format":"standard","meta":{"footnotes":""},"categories":[319,303,1043],"tags":[6803,655],"class_list":["post-37874","post","type-post","status-publish","format-standard","hentry","category-geschichte","category-in-unserem-briefkasten","category-pressemitteilungen","tag-carl-wilhelm-toelcke","tag-pressemitteilung"],"_links":{"self":[{"href":"https:\/\/www.schiebener.net\/wordpress\/wp-json\/wp\/v2\/posts\/37874","targetHints":{"allow":["GET"]}}],"collection":[{"href":"https:\/\/www.schiebener.net\/wordpress\/wp-json\/wp\/v2\/posts"}],"about":[{"href":"https:\/\/www.schiebener.net\/wordpress\/wp-json\/wp\/v2\/types\/post"}],"author":[{"embeddable":true,"href":"https:\/\/www.schiebener.net\/wordpress\/wp-json\/wp\/v2\/users\/17"}],"replies":[{"embeddable":true,"href":"https:\/\/www.schiebener.net\/wordpress\/wp-json\/wp\/v2\/comments?post=37874"}],"version-history":[{"count":0,"href":"https:\/\/www.schiebener.net\/wordpress\/wp-json\/wp\/v2\/posts\/37874\/revisions"}],"wp:attachment":[{"href":"https:\/\/www.schiebener.net\/wordpress\/wp-json\/wp\/v2\/media?parent=37874"}],"wp:term":[{"taxonomy":"category","embeddable":true,"href":"https:\/\/www.schiebener.net\/wordpress\/wp-json\/wp\/v2\/categories?post=37874"},{"taxonomy":"post_tag","embeddable":true,"href":"https:\/\/www.schiebener.net\/wordpress\/wp-json\/wp\/v2\/tags?post=37874"}],"curies":[{"name":"wp","href":"https:\/\/api.w.org\/{rel}","templated":true}]}}