{"id":37863,"date":"2017-04-27T20:47:09","date_gmt":"2017-04-27T19:47:09","guid":{"rendered":"https:\/\/www.schiebener.net\/wordpress\/?p=37863"},"modified":"2017-04-27T20:47:09","modified_gmt":"2017-04-27T19:47:09","slug":"fundstuecke-rechtspopulismus-in-europa-jeder-kann-etwas-tun","status":"publish","type":"post","link":"https:\/\/www.schiebener.net\/wordpress\/fundstuecke-rechtspopulismus-in-europa-jeder-kann-etwas-tun\/","title":{"rendered":"Fundst\u00fccke: &#8222;Rechtspopulismus in Europa&#8220; &#8211;  Jeder kann etwas tun"},"content":{"rendered":"<p><img loading=\"lazy\" decoding=\"async\" class=\"aligncenter size-full wp-image-37865\" src=\"https:\/\/www.schiebener.net\/wordpress\/wp-content\/uploads\/2017\/04\/Rechtspopulismus201170427.jpg\" alt=\"\" width=\"700\" height=\"346\" srcset=\"https:\/\/www.schiebener.net\/wordpress\/wp-content\/uploads\/2017\/04\/Rechtspopulismus201170427.jpg 700w, https:\/\/www.schiebener.net\/wordpress\/wp-content\/uploads\/2017\/04\/Rechtspopulismus201170427-300x148.jpg 300w\" sizes=\"auto, (max-width: 709px) 85vw, (max-width: 909px) 67vw, (max-width: 984px) 61vw, (max-width: 1362px) 45vw, 600px\" \/><strong>Schon lange \u00e4rgern mich die argumentationsfreien, rechtspopulistischen Erg\u00fcsse in den sozialen Medien sowie in den Kommentarspalten der sogenannten &#8222;alten&#8220; Medien. <\/strong><\/p>\n<p><em>&#8222;Ich k\u00f6nnte kotzen!&#8220;<\/em><\/p>\n<p><em>&#8222;Danke Angela!&#8220;<\/em><\/p>\n<p><em>&#8222;Es wird immer schlimmer!&#8220;<\/em><\/p>\n<p>Und das sind noch die &#8222;harmlosen&#8220; sinnfreien Kommentare.<\/p>\n<p>In der taz ist heute <a href=\"http:\/\/www.taz.de\/Debatte-Rechtspopulismus-in-Europa\/!5401967\/\" target=\"_blank\" rel=\"noopener noreferrer\">auf Seite 12, Meinung und Diskussion, ein Beitrag des Schriftstellers Michael Hvorecky erschienen<\/a>. Er beschreibt, wie ein slowakischer Rentner Rechtsextreme im Internet an den Pranger stellt und zur Wei\u00dfglut treibt.<\/p>\n<p>Was dieser slowakische Rentner, Jan Levoslav Bencik, denkt und sagt, sollte sich jeder an die Wand \u00fcber den Fr\u00fchst\u00fcckstisch pinnen. Gro\u00df und un\u00fcbersehbar:<\/p>\n<blockquote><p>\u201eWir leben in der postfaktischen Epoche, wo Emotionen, und seien sie durch offensichtliche L\u00fcgen hervorgerufen, mehr Gewicht haben als wahrheitsgetreue Informationen. In einer Epoche, in der der Zugang zum Internet gleichzeitig Fluch und Segen ist. In der eine durch seri\u00f6se, langj\u00e4hrige Arbeit von Spitzenfachleuten verifizierte Theorie oder Information f\u00fcr viele weniger z\u00e4hlt als das Geschwafel eines geschickten Manipulators oder halbgebildeten Scharlatans. In einer Epoche der Oberfl\u00e4chlichkeit, wo es an Bereitschaft mangelt, seine Informationsquellen zu \u00fcberpr\u00fcfen und die Beweggr\u00fcnde derjenigen aufzudecken, die Falschmeldungen verbreiten. In einer Epoche von bezahlten Trollen und n\u00fctzlichen Idioten.\u201c<\/p><\/blockquote>\n<p>Danke, Jan Levoslav Bencik!<\/p>\n","protected":false},"excerpt":{"rendered":"<p>Schon lange \u00e4rgern mich die argumentationsfreien, rechtspopulistischen Erg\u00fcsse in den sozialen Medien sowie in den Kommentarspalten der sogenannten &#8222;alten&#8220; Medien. &#8222;Ich k\u00f6nnte kotzen!&#8220; &#8222;Danke Angela!&#8220; &#8222;Es wird immer schlimmer!&#8220; Und &hellip; <a href=\"https:\/\/www.schiebener.net\/wordpress\/fundstuecke-rechtspopulismus-in-europa-jeder-kann-etwas-tun\/\" class=\"more-link\"><span class=\"screen-reader-text\">\u201eFundst\u00fccke: &#8222;Rechtspopulismus in Europa&#8220; &#8211;  Jeder kann etwas tun\u201c <\/span>weiterlesen<\/a><\/p>\n","protected":false},"author":3,"featured_media":0,"comment_status":"open","ping_status":"open","sticky":false,"template":"","format":"standard","meta":{"footnotes":""},"categories":[174,32,24,6314],"tags":[1102,251],"class_list":["post-37863","post","type-post","status-publish","format-standard","hentry","category-dit-und-dat","category-medien","category-politik","category-rechtsextremismus","tag-rechtspopulismus","tag-taz"],"_links":{"self":[{"href":"https:\/\/www.schiebener.net\/wordpress\/wp-json\/wp\/v2\/posts\/37863","targetHints":{"allow":["GET"]}}],"collection":[{"href":"https:\/\/www.schiebener.net\/wordpress\/wp-json\/wp\/v2\/posts"}],"about":[{"href":"https:\/\/www.schiebener.net\/wordpress\/wp-json\/wp\/v2\/types\/post"}],"author":[{"embeddable":true,"href":"https:\/\/www.schiebener.net\/wordpress\/wp-json\/wp\/v2\/users\/3"}],"replies":[{"embeddable":true,"href":"https:\/\/www.schiebener.net\/wordpress\/wp-json\/wp\/v2\/comments?post=37863"}],"version-history":[{"count":0,"href":"https:\/\/www.schiebener.net\/wordpress\/wp-json\/wp\/v2\/posts\/37863\/revisions"}],"wp:attachment":[{"href":"https:\/\/www.schiebener.net\/wordpress\/wp-json\/wp\/v2\/media?parent=37863"}],"wp:term":[{"taxonomy":"category","embeddable":true,"href":"https:\/\/www.schiebener.net\/wordpress\/wp-json\/wp\/v2\/categories?post=37863"},{"taxonomy":"post_tag","embeddable":true,"href":"https:\/\/www.schiebener.net\/wordpress\/wp-json\/wp\/v2\/tags?post=37863"}],"curies":[{"name":"wp","href":"https:\/\/api.w.org\/{rel}","templated":true}]}}