{"id":37848,"date":"2017-04-24T21:24:28","date_gmt":"2017-04-24T20:24:28","guid":{"rendered":"https:\/\/www.schiebener.net\/wordpress\/?p=37848"},"modified":"2017-04-24T21:57:59","modified_gmt":"2017-04-24T20:57:59","slug":"sauerlaender-buergerliste-sauer-1-mai-dgb-laedt-zur-veranstaltung-ein-aber-nicht-alle","status":"publish","type":"post","link":"https:\/\/www.schiebener.net\/wordpress\/sauerlaender-buergerliste-sauer-1-mai-dgb-laedt-zur-veranstaltung-ein-aber-nicht-alle\/","title":{"rendered":"Sauerl\u00e4nder B\u00fcrgerliste sauer: 1. Mai \u2013 DGB l\u00e4dt zur Veranstaltung ein, aber nicht alle &#8230;"},"content":{"rendered":"<figure id=\"attachment_7573\" aria-describedby=\"caption-attachment-7573\" style=\"width: 200px\" class=\"wp-caption alignleft\"><img loading=\"lazy\" decoding=\"async\" class=\"size-full wp-image-7573\" src=\"https:\/\/www.schiebener.net\/wordpress\/wp-content\/uploads\/2010\/04\/erstermaipapi.jpeg\" alt=\"\" width=\"200\" height=\"285\" \/><figcaption id=\"caption-attachment-7573\" class=\"wp-caption-text\">Maiplakat 1956 (Quelle: DGB)<\/figcaption><\/figure>\n<p><strong>Die Sauerl\u00e4nder B\u00fcrgerliste beklagt sich <a href=\"http:\/\/sbl-fraktion.de\/?p=7469\" target=\"_blank\" rel=\"noopener noreferrer\">auf ihrer Website<\/a> dar\u00fcber, dass zur DGB-Veranstaltung zum 1. Mai lediglich SPD, Gr\u00fcne und Linke eingeladen seien. Zumindest die Piraten h\u00e4tten auch auf das Podium geh\u00f6rt, da sie als Landtagsfraktion gute Arbeit geleistet h\u00e4tten.<\/strong><\/p>\n<p>Der <a href=\"http:\/\/sbl-fraktion.de\/?p=7469\" target=\"_blank\" rel=\"noopener noreferrer\">Beitrag der Sauerl\u00e4nder B\u00fcrgerliste<\/a> im Wortlaut:<\/p>\n<blockquote><p><strong>&#8222;Im Licht<\/strong><\/p>\n<p>Uns flatterten einige leuchtende, rote Zettel zu. Drucken lie\u00df sie der DGB.<\/p>\n<p>Wei\u00df auf Rot l\u00e4dt er zum 1. Mai um 10.00 Uhr in die Kulturschmiede nach Arnsberg zu einer Diskussion \u00fcber die Rente ein.<\/p>\n<p>\u201eIst sie sicher auch f\u00fcr mich?\u201c Das ist die Frage.<\/p>\n<p><strong>Diskussionspartner sind laut Ank\u00fcndigung:<\/strong><br \/>\nRoland Engels, DGB<br \/>\nDirk Wiese, SPD-MdB<br \/>\nVerena Verspohl, Landtagskandidatin von B\u00fcndnis 90\/Die Gr\u00fcnen<br \/>\nMatthias W. Birkwald, DIE LINKE-MdB<\/p>\n<p>Der Moderator der Veranstaltung ist Wolfgang Zeh vom DGB HSK. Den musikalischen Part gestaltet Volkert Bahrenberg. F\u00fcr Imbiss und Getr\u00e4nke sei gesorgt, hei\u00dft es weiter im satt-roten Flugblatt.<\/p>\n<p><strong>Im Dunkeln<\/strong><\/p>\n<p>Was der DGB da schreibt h\u00f6rt sich alles gut an. Schade nur, dass auf dem Podium nicht auch ein Vertreter der PIRATEN-Partei sitzen wird! Und die Freien W\u00e4hler sind auch nicht mit von der Partie. Ob jemand von diesen beiden oder von weiteren Parteien zur DGB-Veranstaltung eingeladen worden ist, wissen wir nicht.<\/p>\n<p><strong>Warum vermissen wir da ausgerechnet die PIRATEN?<\/strong><\/p>\n<p>Erstens weil die PIRATEN auch eine NRW-Landtags-Fraktion sind.<br \/>\nZweitens weil sie im Parlament unserer Meinung nach gute und vern\u00fcnftige Arbeit leisten.<br \/>\nDrittens weil anscheinend leider niemand mehr Notiz von ihnen nimmt.<br \/>\nHat die Presse etwa ihr einstiges Lieblingskind tot geliebt und vergraben?<\/p>\n<p><strong>Das eigene Res\u00fcmee der PIRATEN-Landtagsfraktion liest sich so:<br \/>\n<\/strong><br \/>\n\u201eWir haben in den letzten f\u00fcnf Jahren im Landtag NRW die Politikwelt ordentlich durcheinan-der gewirbelt. Trotz aller Schwierigkeiten haben wir die anderen Fraktionen zum Jagen ge-tragen.\u201c<\/p>\n<p>Klick: <a href=\"https:\/\/www.piratenfraktion-nrw.de\/\" target=\"_blank\" rel=\"noopener noreferrer\">https:\/\/www.piratenfraktion-nrw.de\/<\/a><\/p>\n<p><strong>\u201eAndere Fraktionen zum Jagen tragen\u201c, das kommt uns von der SBL\/FW irgendwie bekannt vor. &#8222;<\/strong><\/p><\/blockquote>\n","protected":false},"excerpt":{"rendered":"<p>Die Sauerl\u00e4nder B\u00fcrgerliste beklagt sich auf ihrer Website dar\u00fcber, dass zur DGB-Veranstaltung zum 1. Mai lediglich SPD, Gr\u00fcne und Linke eingeladen seien. Zumindest die Piraten h\u00e4tten auch auf das Podium &hellip; <a href=\"https:\/\/www.schiebener.net\/wordpress\/sauerlaender-buergerliste-sauer-1-mai-dgb-laedt-zur-veranstaltung-ein-aber-nicht-alle\/\" class=\"more-link\"><span class=\"screen-reader-text\">\u201eSauerl\u00e4nder B\u00fcrgerliste sauer: 1. Mai \u2013 DGB l\u00e4dt zur Veranstaltung ein, aber nicht alle &#8230;\u201c <\/span>weiterlesen<\/a><\/p>\n","protected":false},"author":3,"featured_media":0,"comment_status":"open","ping_status":"open","sticky":false,"template":"","format":"standard","meta":{"footnotes":""},"categories":[542,80,24],"tags":[480,1196,4260],"class_list":["post-37848","post","type-post","status-publish","format-standard","hentry","category-arbeitswelt","category-lokales","category-politik","tag-1-mai","tag-dgb","tag-kulturschmiede-arnsberg"],"_links":{"self":[{"href":"https:\/\/www.schiebener.net\/wordpress\/wp-json\/wp\/v2\/posts\/37848","targetHints":{"allow":["GET"]}}],"collection":[{"href":"https:\/\/www.schiebener.net\/wordpress\/wp-json\/wp\/v2\/posts"}],"about":[{"href":"https:\/\/www.schiebener.net\/wordpress\/wp-json\/wp\/v2\/types\/post"}],"author":[{"embeddable":true,"href":"https:\/\/www.schiebener.net\/wordpress\/wp-json\/wp\/v2\/users\/3"}],"replies":[{"embeddable":true,"href":"https:\/\/www.schiebener.net\/wordpress\/wp-json\/wp\/v2\/comments?post=37848"}],"version-history":[{"count":0,"href":"https:\/\/www.schiebener.net\/wordpress\/wp-json\/wp\/v2\/posts\/37848\/revisions"}],"wp:attachment":[{"href":"https:\/\/www.schiebener.net\/wordpress\/wp-json\/wp\/v2\/media?parent=37848"}],"wp:term":[{"taxonomy":"category","embeddable":true,"href":"https:\/\/www.schiebener.net\/wordpress\/wp-json\/wp\/v2\/categories?post=37848"},{"taxonomy":"post_tag","embeddable":true,"href":"https:\/\/www.schiebener.net\/wordpress\/wp-json\/wp\/v2\/tags?post=37848"}],"curies":[{"name":"wp","href":"https:\/\/api.w.org\/{rel}","templated":true}]}}