{"id":37810,"date":"2017-04-18T22:26:34","date_gmt":"2017-04-18T21:26:34","guid":{"rendered":"https:\/\/www.schiebener.net\/wordpress\/?p=37810"},"modified":"2017-04-18T22:26:34","modified_gmt":"2017-04-18T21:26:34","slug":"pressemitteilung-gruendung-einer-buergervereinigung-als-unabhaengige-waehlergemeinschaft-mit-anschluss-an-die-freien-waehler-in-winterberg-geplant","status":"publish","type":"post","link":"https:\/\/www.schiebener.net\/wordpress\/pressemitteilung-gruendung-einer-buergervereinigung-als-unabhaengige-waehlergemeinschaft-mit-anschluss-an-die-freien-waehler-in-winterberg-geplant\/","title":{"rendered":"Pressemitteilung: Gr\u00fcndung einer B\u00fcrgervereinigung als unabh\u00e4ngige W\u00e4hlergemeinschaft mit Anschluss an die Freien W\u00e4hler in Winterberg geplant."},"content":{"rendered":"<p><img loading=\"lazy\" decoding=\"async\" class=\"aligncenter size-full wp-image-37813\" src=\"https:\/\/www.schiebener.net\/wordpress\/wp-content\/uploads\/2017\/04\/Lingenauber20170418.jpg\" alt=\"\" width=\"700\" height=\"343\" srcset=\"https:\/\/www.schiebener.net\/wordpress\/wp-content\/uploads\/2017\/04\/Lingenauber20170418.jpg 700w, https:\/\/www.schiebener.net\/wordpress\/wp-content\/uploads\/2017\/04\/Lingenauber20170418-300x147.jpg 300w\" sizes=\"auto, (max-width: 709px) 85vw, (max-width: 909px) 67vw, (max-width: 984px) 61vw, (max-width: 1362px) 45vw, 600px\" \/><strong>Winterberg. (vh_pm) Zahlreiche interessierte B\u00fcrgerinnen und B\u00fcrger aus Winterberg und den Ortschaften trafen sich am Gr\u00fcndonnerstag im Gasthof Lingenauber, um sich zum Thema \u201eDer B\u00fcrger im Mittelpunkt allen Handelns\u201c sowie \u00fcber die Interessengemeinschaft zu informieren.<\/strong><\/p>\n<p>Hierzu wurden Sie von der Landesvorsitzenden der Freien W\u00e4hler NRW, Frau Hudyma aus Medebach und dem Gesch\u00e4ftsf\u00fchrer der Landesvereinigung sowie dem Landesverband der Freien W\u00e4hler NRW Herrn Kaltenbach aus Dortmund umfangreich informiert.<\/p>\n<p>Insbesondere wurde deutlich gemacht, dass eine unabh\u00e4ngige B\u00fcrgervereinigung auf der Kommunalebene (Gemeinde), im Kreistag und im Regionalrat keine Partei ist und in keiner Abh\u00e4ngigkeit zu einer politischen Partei steht.<\/p>\n<p>Alle Teilnehmer waren sich recht schnell einig dar\u00fcber, dass es einen immensen Wunsch zur Verbesserung des Gemeindewohls in der Stadt Winterberg und Ortschaften gerade im Hinblick auf die derzeit aktuellen Themen wie Windkraft, Kommunalfinanzen und Winterberg2030 gibt.<\/p>\n<p>Die Anwesenden \u00e4u\u00dferten einstimmig den Wunsch, einer nicht fremd bestimmten B\u00fcrgervereinigung unabh\u00e4ngiger W\u00e4hler in Winterberg zu gr\u00fcnden. Somit sind schon jetzt alle interessierten B\u00fcrgerinnen \/ B\u00fcrger, auch aus den umliegenden Ortschaften, die mitmachen und mitgestalten m\u00f6chten, recht herzlich eingeladen.<\/p>\n<p>N\u00e4here Informationen zum Gr\u00fcndungstermin und Lokalit\u00e4t in Winterberg werden in K\u00fcrze bekannt gegeben.<\/p>\n","protected":false},"excerpt":{"rendered":"<p>Winterberg. (vh_pm) Zahlreiche interessierte B\u00fcrgerinnen und B\u00fcrger aus Winterberg und den Ortschaften trafen sich am Gr\u00fcndonnerstag im Gasthof Lingenauber, um sich zum Thema \u201eDer B\u00fcrger im Mittelpunkt allen Handelns\u201c sowie &hellip; <a href=\"https:\/\/www.schiebener.net\/wordpress\/pressemitteilung-gruendung-einer-buergervereinigung-als-unabhaengige-waehlergemeinschaft-mit-anschluss-an-die-freien-waehler-in-winterberg-geplant\/\" class=\"more-link\"><span class=\"screen-reader-text\">\u201ePressemitteilung: Gr\u00fcndung einer B\u00fcrgervereinigung als unabh\u00e4ngige W\u00e4hlergemeinschaft mit Anschluss an die Freien W\u00e4hler in Winterberg geplant.\u201c <\/span>weiterlesen<\/a><\/p>\n","protected":false},"author":17,"featured_media":0,"comment_status":"open","ping_status":"open","sticky":false,"template":"","format":"standard","meta":{"footnotes":""},"categories":[3,303,80,24,1043],"tags":[6796,655,322],"class_list":["post-37810","post","type-post","status-publish","format-standard","hentry","category-bildung-und-schule","category-in-unserem-briefkasten","category-lokales","category-politik","category-pressemitteilungen","tag-freien-waehler","tag-pressemitteilung","tag-winterberg"],"_links":{"self":[{"href":"https:\/\/www.schiebener.net\/wordpress\/wp-json\/wp\/v2\/posts\/37810","targetHints":{"allow":["GET"]}}],"collection":[{"href":"https:\/\/www.schiebener.net\/wordpress\/wp-json\/wp\/v2\/posts"}],"about":[{"href":"https:\/\/www.schiebener.net\/wordpress\/wp-json\/wp\/v2\/types\/post"}],"author":[{"embeddable":true,"href":"https:\/\/www.schiebener.net\/wordpress\/wp-json\/wp\/v2\/users\/17"}],"replies":[{"embeddable":true,"href":"https:\/\/www.schiebener.net\/wordpress\/wp-json\/wp\/v2\/comments?post=37810"}],"version-history":[{"count":0,"href":"https:\/\/www.schiebener.net\/wordpress\/wp-json\/wp\/v2\/posts\/37810\/revisions"}],"wp:attachment":[{"href":"https:\/\/www.schiebener.net\/wordpress\/wp-json\/wp\/v2\/media?parent=37810"}],"wp:term":[{"taxonomy":"category","embeddable":true,"href":"https:\/\/www.schiebener.net\/wordpress\/wp-json\/wp\/v2\/categories?post=37810"},{"taxonomy":"post_tag","embeddable":true,"href":"https:\/\/www.schiebener.net\/wordpress\/wp-json\/wp\/v2\/tags?post=37810"}],"curies":[{"name":"wp","href":"https:\/\/api.w.org\/{rel}","templated":true}]}}