{"id":37797,"date":"2017-04-18T20:22:31","date_gmt":"2017-04-18T19:22:31","guid":{"rendered":"https:\/\/www.schiebener.net\/wordpress\/?p=37797"},"modified":"2017-04-18T20:22:31","modified_gmt":"2017-04-18T19:22:31","slug":"patricia-kelly-kommt-nach-hallenberg-vorverkauf-fuer-live-konzert-grace-kelly-beginnt","status":"publish","type":"post","link":"https:\/\/www.schiebener.net\/wordpress\/patricia-kelly-kommt-nach-hallenberg-vorverkauf-fuer-live-konzert-grace-kelly-beginnt\/","title":{"rendered":"Patricia Kelly kommt nach Hallenberg <div><small>Vorverkauf f\u00fcr Live-Konzert  &#8222;Grace &#038; Kelly&#8220;  beginnt<\/small><\/div>"},"content":{"rendered":"<p><figure id=\"attachment_37804\" aria-describedby=\"caption-attachment-37804\" style=\"width: 701px\" class=\"wp-caption aligncenter\"><a href=\"https:\/\/www.schiebener.net\/wordpress\/wp-content\/uploads\/2017\/04\/Patricia-Kelly-Feeling-_Thomas-Stachelhaus.jpg\" target=\"_blank\"><img loading=\"lazy\" decoding=\"async\" class=\"wp-image-37804\" src=\"https:\/\/www.schiebener.net\/wordpress\/wp-content\/uploads\/2017\/04\/Patricia-Kelly-Feeling-_Thomas-Stachelhaus.jpg\" alt=\"\" width=\"701\" height=\"467\" srcset=\"https:\/\/www.schiebener.net\/wordpress\/wp-content\/uploads\/2017\/04\/Patricia-Kelly-Feeling-_Thomas-Stachelhaus.jpg 1600w, https:\/\/www.schiebener.net\/wordpress\/wp-content\/uploads\/2017\/04\/Patricia-Kelly-Feeling-_Thomas-Stachelhaus-300x200.jpg 300w, https:\/\/www.schiebener.net\/wordpress\/wp-content\/uploads\/2017\/04\/Patricia-Kelly-Feeling-_Thomas-Stachelhaus-768x512.jpg 768w, https:\/\/www.schiebener.net\/wordpress\/wp-content\/uploads\/2017\/04\/Patricia-Kelly-Feeling-_Thomas-Stachelhaus-1024x683.jpg 1024w\" sizes=\"auto, (max-width: 709px) 85vw, (max-width: 909px) 67vw, (max-width: 984px) 61vw, (max-width: 1362px) 45vw, 600px\" \/><\/a><figcaption id=\"caption-attachment-37804\" class=\"wp-caption-text\">Patricia Kelly -&#8222;Feeling&#8220; (foto und copyright: Thomas Stachelhaus [<a href=\"http:\/\/www.fotostachelhaus.de\/\" target=\"_blank\">http:\/\/www.fotostachelhaus.de\/<\/a>])<\/figcaption><\/figure><strong>Hallenberg. (kump_pm) Mit ihren Geschwistern feiert sie gerade das \u201eComeback des Jahres\u201c. Innerhalb weniger Minuten waren alle Karten f\u00fcr die Konzerte der Kelly Family in Deutschland ausverkauft. Am Samstag 2. September 2017 kommt Patricia Kelly mit Band nach Hallenberg. Auf Einladung der Stadt Hallenberg stellt sie in der Stadthalle ihr neues Album \u201eGrace &amp; Kelly\u201c vor.<\/strong><\/p>\n<p>Patricia Kelly sagt \u00fcber ihr neues Album es sei das &#8222;superpers\u00f6nlichste&#8220; was sie je geschrieben habe. Und so darf das Publikum auf die Pr\u00e4sentation ihrer Lieder gespannt sein. Songs wie &#8222;I don`t wanna fight anymore&#8220; (&#8222;Ich will nicht l\u00e4nger k\u00e4mpfen&#8220;) oder &#8222;Get up and walk&#8220; (&#8222;Steh auf und geh&#8220;) singen von einer Zeit, die f\u00fcr die S\u00e4ngerin gepr\u00e4gt war von &#8222;schmerzhaften Verlusten und \u00c4ngsten&#8220;, aber auch von &#8222;Lebensmut und sehr viel Liebe&#8220;.<\/p>\n<p>Die neuen Lieder fordern die gesamte Bandbreite von Kellys sprachlich und gesanglich wohltuend pr\u00e4ziser Stimme und versprechen &#8222;Emotionen pur&#8220;. Hierf\u00fcr wird der Spross der legend\u00e4ren &#8222;Kelly Family&#8220; schon seit Beginn ihrer Solokarriere in 2008 von Fans aller Generationen gesch\u00e4tzt: &#8222;Ich lebe in Musik und kann mich durch sie sehr viel besser ausdr\u00fccken als durch Worte.&#8220; Kellys Ziel ist es, die Menschen zu erreichen: &#8222;Hoffentlich beschleunigt sich ihr Herzschlag beim H\u00f6ren. Hoffentlich beruhigt sich ihre Seele. Und es w\u00e4re gro\u00dfartig, wenn sich ihr Geist durch meine Musik erhebt!&#8220;<\/p>\n<p>Patricia Kelly lebte seit ihrem f\u00fcnften Lebensjahr als Mitglied der legend\u00e4ren &#8222;Kelly Family&#8220; auf den gro\u00dfen B\u00fchnen des Musikbusiness. Der erste Teil ihrer Karriere war gepr\u00e4gt durch weltweite TV-Auftritte, Konzerte vor bis zu 280.000 Zuschauern, zahlreiche Nummer-1-Hits, 48 Gold- und Platinplatten, sowie nahezu alle Preise und Auszeichnungen, die eine Musikerin erhalten kann.<\/p>\n<p>Heute ist Patricia Kelly erfolgreiche Solo-K\u00fcnstlerin mit drei selbstproduzierten Alben, j\u00e4hrlich \u00fcber sechzig Solo-Konzerten und Auftritten auf Festivals und Events. Patricia Kellys Anfang 2014 ver\u00f6ffentlichte Autobiografie &#8222;Der Klang meines Lebens&#8220; platzierte sich kurz nach Erscheinen auf der Spiegel-Bestsellerliste.<\/p>\n<p>&#8212;&#8212;&#8212;&#8212;&#8212;&#8212;&#8212;&#8212;&#8212;&#8212;&#8212;&#8212;&#8211;<\/p>\n<p><em><strong>Eintrittskarten sind ab sofort im Vorverkauf zum Preis von 25,&#8211; \u20ac bei der Sparkasse Hallenberg und der Touristik Hallenberg und bei Familienzahnarzt Komischke &amp; Kollegen in Medebach (02982 \u2013 92940) erh\u00e4ltlich. <\/strong><\/em><\/p>\n","protected":false},"excerpt":{"rendered":"<p>Hallenberg. (kump_pm) Mit ihren Geschwistern feiert sie gerade das \u201eComeback des Jahres\u201c. Innerhalb weniger Minuten waren alle Karten f\u00fcr die Konzerte der Kelly Family in Deutschland ausverkauft. Am Samstag 2. &hellip; <a href=\"https:\/\/www.schiebener.net\/wordpress\/patricia-kelly-kommt-nach-hallenberg-vorverkauf-fuer-live-konzert-grace-kelly-beginnt\/\" class=\"more-link\"><span class=\"screen-reader-text\">\u201ePatricia Kelly kommt nach Hallenberg <\/p>\n<div><small>Vorverkauf f\u00fcr Live-Konzert  &#8222;Grace &#038; Kelly&#8220;  beginnt<\/small><\/div>\n<p>\u201c <\/span>weiterlesen<\/a><\/p>\n","protected":false},"author":17,"featured_media":0,"comment_status":"open","ping_status":"open","sticky":false,"template":"","format":"standard","meta":{"footnotes":""},"categories":[303,80,27,1043],"tags":[5751,6794,655],"class_list":["post-37797","post","type-post","status-publish","format-standard","hentry","category-in-unserem-briefkasten","category-lokales","category-musik","category-pressemitteilungen","tag-kump-hallenberg","tag-patricia-kelly","tag-pressemitteilung"],"_links":{"self":[{"href":"https:\/\/www.schiebener.net\/wordpress\/wp-json\/wp\/v2\/posts\/37797","targetHints":{"allow":["GET"]}}],"collection":[{"href":"https:\/\/www.schiebener.net\/wordpress\/wp-json\/wp\/v2\/posts"}],"about":[{"href":"https:\/\/www.schiebener.net\/wordpress\/wp-json\/wp\/v2\/types\/post"}],"author":[{"embeddable":true,"href":"https:\/\/www.schiebener.net\/wordpress\/wp-json\/wp\/v2\/users\/17"}],"replies":[{"embeddable":true,"href":"https:\/\/www.schiebener.net\/wordpress\/wp-json\/wp\/v2\/comments?post=37797"}],"version-history":[{"count":0,"href":"https:\/\/www.schiebener.net\/wordpress\/wp-json\/wp\/v2\/posts\/37797\/revisions"}],"wp:attachment":[{"href":"https:\/\/www.schiebener.net\/wordpress\/wp-json\/wp\/v2\/media?parent=37797"}],"wp:term":[{"taxonomy":"category","embeddable":true,"href":"https:\/\/www.schiebener.net\/wordpress\/wp-json\/wp\/v2\/categories?post=37797"},{"taxonomy":"post_tag","embeddable":true,"href":"https:\/\/www.schiebener.net\/wordpress\/wp-json\/wp\/v2\/tags?post=37797"}],"curies":[{"name":"wp","href":"https:\/\/api.w.org\/{rel}","templated":true}]}}