{"id":37778,"date":"2017-04-14T19:00:35","date_gmt":"2017-04-14T18:00:35","guid":{"rendered":"https:\/\/www.schiebener.net\/wordpress\/?p=37778"},"modified":"2017-04-14T19:00:35","modified_gmt":"2017-04-14T18:00:35","slug":"axel-schwenke-dokumentiert-meschede-center-der-anfang-ist-gemacht","status":"publish","type":"post","link":"https:\/\/www.schiebener.net\/wordpress\/axel-schwenke-dokumentiert-meschede-center-der-anfang-ist-gemacht\/","title":{"rendered":"Axel Schwenke dokumentiert: Meschede-Center \u2013 Der Anfang ist gemacht"},"content":{"rendered":"<figure id=\"attachment_37779\" aria-describedby=\"caption-attachment-37779\" style=\"width: 700px\" class=\"wp-caption aligncenter\"><a href=\"https:\/\/www.schiebener.net\/wordpress\/wp-content\/uploads\/2017\/04\/HertieMeschede20170326.jpg\" target=\"_blank\"><img loading=\"lazy\" decoding=\"async\" class=\"wp-image-37779\" src=\"https:\/\/www.schiebener.net\/wordpress\/wp-content\/uploads\/2017\/04\/HertieMeschede20170326.jpg\" alt=\"\" width=\"700\" height=\"476\" srcset=\"https:\/\/www.schiebener.net\/wordpress\/wp-content\/uploads\/2017\/04\/HertieMeschede20170326.jpg 1024w, https:\/\/www.schiebener.net\/wordpress\/wp-content\/uploads\/2017\/04\/HertieMeschede20170326-300x204.jpg 300w, https:\/\/www.schiebener.net\/wordpress\/wp-content\/uploads\/2017\/04\/HertieMeschede20170326-768x522.jpg 768w\" sizes=\"auto, (max-width: 709px) 85vw, (max-width: 909px) 67vw, (max-width: 984px) 61vw, (max-width: 1362px) 45vw, 600px\" \/><\/a><figcaption id=\"caption-attachment-37779\" class=\"wp-caption-text\">Ende M\u00e4rz sah es am Winziger Platz noch nach Licht und Schatten aus. Bauzaun ja, Abriss nein. Das hat sich im April ge\u00e4ndert. (foto: zoom)<\/figcaption><\/figure>\n<p><strong>Auf der Website von Axel Schwenke gibt es <a href=\"http:\/\/blog.schwenke.de\/2017\/meschede-center-der-anfang-ist-gemacht\" target=\"_blank\">Bilder und zwei kurze Videos von den Abrissarbeiten<\/a> am alten &#8222;Hertie-Kaufhaus&#8220; zu sehen.<\/strong><\/p>\n<p>Nach dem jahrelangen Hin und Her sei nun der Anfang gemacht.<\/p>\n<blockquote><p>&#8222;Ein Bagger, ein Kran und die ersten Arbeiter sind seit einigen Tagen am ehemaligen Hertie-(vormals: Karstadt)-Geb\u00e4ude im Einsatz, um den Umbau des Geb\u00e4udes vorzunehmen. Vor dem Umbau kommt allerdings der Abbau. Daher ist man aktuell dabei die verschieferte Front des Geb\u00e4udes zu Entfernen.<\/p>\n<p>Die ehemalige Eisdiele am \u00dcbergang zum Parkplatz wird ebenfalls entfernt \u2013 Ein Abrissbagger arbeitet sich St\u00fcck f\u00fcr St\u00fcck von hinten durch das Geb\u00e4ude.&#8220;<\/p><\/blockquote>\n<p>Alles lesen und angucken:<\/p>\n<p><a href=\"http:\/\/blog.schwenke.de\/2017\/meschede-center-der-anfang-ist-gemacht\" target=\"_blank\">http:\/\/blog.schwenke.de\/2017\/meschede-center-der-anfang-ist-gemacht<\/a><\/p>\n","protected":false},"excerpt":{"rendered":"<p>Auf der Website von Axel Schwenke gibt es Bilder und zwei kurze Videos von den Abrissarbeiten am alten &#8222;Hertie-Kaufhaus&#8220; zu sehen. Nach dem jahrelangen Hin und Her sei nun der &hellip; <a href=\"https:\/\/www.schiebener.net\/wordpress\/axel-schwenke-dokumentiert-meschede-center-der-anfang-ist-gemacht\/\" class=\"more-link\"><span class=\"screen-reader-text\">\u201eAxel Schwenke dokumentiert: Meschede-Center \u2013 Der Anfang ist gemacht\u201c <\/span>weiterlesen<\/a><\/p>\n","protected":false},"author":3,"featured_media":0,"comment_status":"open","ping_status":"open","sticky":false,"template":"","format":"standard","meta":{"footnotes":""},"categories":[80,379],"tags":[5758,4284,264],"class_list":["post-37778","post","type-post","status-publish","format-standard","hentry","category-lokales","category-umleitung","tag-hertie-kaufhaus","tag-abriss","tag-meschede"],"_links":{"self":[{"href":"https:\/\/www.schiebener.net\/wordpress\/wp-json\/wp\/v2\/posts\/37778","targetHints":{"allow":["GET"]}}],"collection":[{"href":"https:\/\/www.schiebener.net\/wordpress\/wp-json\/wp\/v2\/posts"}],"about":[{"href":"https:\/\/www.schiebener.net\/wordpress\/wp-json\/wp\/v2\/types\/post"}],"author":[{"embeddable":true,"href":"https:\/\/www.schiebener.net\/wordpress\/wp-json\/wp\/v2\/users\/3"}],"replies":[{"embeddable":true,"href":"https:\/\/www.schiebener.net\/wordpress\/wp-json\/wp\/v2\/comments?post=37778"}],"version-history":[{"count":0,"href":"https:\/\/www.schiebener.net\/wordpress\/wp-json\/wp\/v2\/posts\/37778\/revisions"}],"wp:attachment":[{"href":"https:\/\/www.schiebener.net\/wordpress\/wp-json\/wp\/v2\/media?parent=37778"}],"wp:term":[{"taxonomy":"category","embeddable":true,"href":"https:\/\/www.schiebener.net\/wordpress\/wp-json\/wp\/v2\/categories?post=37778"},{"taxonomy":"post_tag","embeddable":true,"href":"https:\/\/www.schiebener.net\/wordpress\/wp-json\/wp\/v2\/tags?post=37778"}],"curies":[{"name":"wp","href":"https:\/\/api.w.org\/{rel}","templated":true}]}}