{"id":37767,"date":"2017-04-13T18:36:58","date_gmt":"2017-04-13T17:36:58","guid":{"rendered":"https:\/\/www.schiebener.net\/wordpress\/?p=37767"},"modified":"2017-04-13T18:36:58","modified_gmt":"2017-04-13T17:36:58","slug":"pressemitteilung-berufsfelderkundungstage-im-buero-von-dirk-wiese-mdb","status":"publish","type":"post","link":"https:\/\/www.schiebener.net\/wordpress\/pressemitteilung-berufsfelderkundungstage-im-buero-von-dirk-wiese-mdb\/","title":{"rendered":"Pressemitteilung: Berufsfelderkundungstage im B\u00fcro von Dirk Wiese MdB"},"content":{"rendered":"<figure id=\"attachment_37768\" aria-describedby=\"caption-attachment-37768\" style=\"width: 700px\" class=\"wp-caption aligncenter\"><a href=\"https:\/\/www.schiebener.net\/wordpress\/wp-content\/uploads\/2017\/04\/Collage-Berufsfelderkundung.jpg\" target=\"_blank\"><img loading=\"lazy\" decoding=\"async\" class=\"wp-image-37768\" src=\"https:\/\/www.schiebener.net\/wordpress\/wp-content\/uploads\/2017\/04\/Collage-Berufsfelderkundung.jpg\" alt=\"\" width=\"700\" height=\"628\" srcset=\"https:\/\/www.schiebener.net\/wordpress\/wp-content\/uploads\/2017\/04\/Collage-Berufsfelderkundung.jpg 881w, https:\/\/www.schiebener.net\/wordpress\/wp-content\/uploads\/2017\/04\/Collage-Berufsfelderkundung-300x269.jpg 300w, https:\/\/www.schiebener.net\/wordpress\/wp-content\/uploads\/2017\/04\/Collage-Berufsfelderkundung-768x689.jpg 768w\" sizes=\"auto, (max-width: 709px) 85vw, (max-width: 909px) 67vw, (max-width: 984px) 61vw, (max-width: 1362px) 45vw, 600px\" \/><\/a><figcaption id=\"caption-attachment-37768\" class=\"wp-caption-text\">oben v. l. Julius Neuhaus (Arnsberg), Aaron Leo Kaiser, Svea K\u00f6ster (Meschede), unten v. l. Lisanne Matthay (Meschede), Dirk Wiese MdB, Philipp Liersch (Meschede) (collage: spd)<\/figcaption><\/figure>\n<p><strong>Meschede. (spd_pm) F\u00fcnf Sch\u00fclerinnen und Sch\u00fcler aus einer achten Klasse konnten die Arbeit im Wahlkreisb\u00fcro des heimischen SPD-Bundestagsabgeordneten und Parlamentarischen Staatssekret\u00e4rs, Dirk Wiese, im Rahmen der Berufsfelderkundungstage, kennenlernen.<\/strong><\/p>\n<p>Hinter den Berufsfelderkundungstagen steht die Landesinitiative &#8222;<a href=\"http:\/\/www.keinabschlussohneanschluss.nrw.de\/\" target=\"_blank\">Kein Abschluss ohne Anschluss<\/a>&#8220; (KAoA), die vom Land Nordrhein-Westfalen und dem Europ\u00e4ischen Sozialfonds finanziell unterst\u00fctzt wird. Ein wesentlicher Baustein des Landesvorhabens ist die systematische Berufs- und Studienorientierung f\u00fcr alle Sch\u00fclerinnen und Sch\u00fcler ab Klasse 8.<\/p>\n<p>Dirk Wiese: \u201eIch freue mich, dass es in meinem Wahlkreis so interessierte Jugendliche gibt, die sich schon fr\u00fch mit der eigenen, beruflichen Zukunft aber auch mit Politik auseinandersetzen und mit dem Kurzpraktikum erfahren konnten, wie meine Arbeit durch mein Wahlkreisb\u00fcro unterst\u00fctzt und begleitet wird\u201c.<\/p>\n","protected":false},"excerpt":{"rendered":"<p>Meschede. (spd_pm) F\u00fcnf Sch\u00fclerinnen und Sch\u00fcler aus einer achten Klasse konnten die Arbeit im Wahlkreisb\u00fcro des heimischen SPD-Bundestagsabgeordneten und Parlamentarischen Staatssekret\u00e4rs, Dirk Wiese, im Rahmen der Berufsfelderkundungstage, kennenlernen. Hinter den &hellip; <a href=\"https:\/\/www.schiebener.net\/wordpress\/pressemitteilung-berufsfelderkundungstage-im-buero-von-dirk-wiese-mdb\/\" class=\"more-link\"><span class=\"screen-reader-text\">\u201ePressemitteilung: Berufsfelderkundungstage im B\u00fcro von Dirk Wiese MdB\u201c <\/span>weiterlesen<\/a><\/p>\n","protected":false},"author":17,"featured_media":0,"comment_status":"open","ping_status":"open","sticky":false,"template":"","format":"standard","meta":{"footnotes":""},"categories":[3,303,80,1043],"tags":[],"class_list":["post-37767","post","type-post","status-publish","format-standard","hentry","category-bildung-und-schule","category-in-unserem-briefkasten","category-lokales","category-pressemitteilungen"],"_links":{"self":[{"href":"https:\/\/www.schiebener.net\/wordpress\/wp-json\/wp\/v2\/posts\/37767","targetHints":{"allow":["GET"]}}],"collection":[{"href":"https:\/\/www.schiebener.net\/wordpress\/wp-json\/wp\/v2\/posts"}],"about":[{"href":"https:\/\/www.schiebener.net\/wordpress\/wp-json\/wp\/v2\/types\/post"}],"author":[{"embeddable":true,"href":"https:\/\/www.schiebener.net\/wordpress\/wp-json\/wp\/v2\/users\/17"}],"replies":[{"embeddable":true,"href":"https:\/\/www.schiebener.net\/wordpress\/wp-json\/wp\/v2\/comments?post=37767"}],"version-history":[{"count":0,"href":"https:\/\/www.schiebener.net\/wordpress\/wp-json\/wp\/v2\/posts\/37767\/revisions"}],"wp:attachment":[{"href":"https:\/\/www.schiebener.net\/wordpress\/wp-json\/wp\/v2\/media?parent=37767"}],"wp:term":[{"taxonomy":"category","embeddable":true,"href":"https:\/\/www.schiebener.net\/wordpress\/wp-json\/wp\/v2\/categories?post=37767"},{"taxonomy":"post_tag","embeddable":true,"href":"https:\/\/www.schiebener.net\/wordpress\/wp-json\/wp\/v2\/tags?post=37767"}],"curies":[{"name":"wp","href":"https:\/\/api.w.org\/{rel}","templated":true}]}}