{"id":37714,"date":"2017-04-08T20:46:43","date_gmt":"2017-04-08T19:46:43","guid":{"rendered":"https:\/\/www.schiebener.net\/wordpress\/?p=37714"},"modified":"2017-04-08T20:46:43","modified_gmt":"2017-04-08T19:46:43","slug":"spd-winterberg-buergergespraech-mit-ostereier-aktion-in-winterberg-am-13-april-2017","status":"publish","type":"post","link":"https:\/\/www.schiebener.net\/wordpress\/spd-winterberg-buergergespraech-mit-ostereier-aktion-in-winterberg-am-13-april-2017\/","title":{"rendered":"SPD Winterberg: B\u00fcrgergespr\u00e4ch mit Ostereier-Aktion in Winterberg am 13. April 2017"},"content":{"rendered":"<h3>SPD-B\u00fcrgergespr\u00e4ch mit Landtagskandidat Peter Newiger<\/h3>\n<hr \/>\n<figure id=\"attachment_7172\" aria-describedby=\"caption-attachment-7172\" style=\"width: 179px\" class=\"wp-caption alignleft\"><img loading=\"lazy\" decoding=\"async\" class=\" wp-image-7172\" src=\"https:\/\/www.schiebener.net\/wordpress\/wp-content\/uploads\/2010\/04\/ostern2010.png\" alt=\"\" width=\"179\" height=\"263\" srcset=\"https:\/\/www.schiebener.net\/wordpress\/wp-content\/uploads\/2010\/04\/ostern2010.png 240w, https:\/\/www.schiebener.net\/wordpress\/wp-content\/uploads\/2010\/04\/ostern2010-204x300.png 204w\" sizes=\"auto, (max-width: 179px) 85vw, 179px\" \/><figcaption id=\"caption-attachment-7172\" class=\"wp-caption-text\">Frohe Ostern auch 2017 (archivfoto: zoom)<\/figcaption><\/figure>\n<p><strong>Winterberg. (spd_pm) Um sich mit den Winterberger B\u00fcrgern auf das Osterfest einzustimmen, l\u00e4dt die SPD-Winterberg zusammen mit dem Landtagskandidaten Peter Newiger am Gr\u00fcndonnerstag zum offenen B\u00fcrgergespr\u00e4ch ein.<\/strong><\/p>\n<p>Ab 16:30 Uhr haben alle Interessierten von Klein bis Gro\u00df am Eingang des EDEKA-Centers L\u00f6ffler, die M\u00f6glichkeit mit den SPD-Mitgliedern ins Gespr\u00e4ch zu kommen, Fragen zu stellen oder aber auch Anregungen zu geben.<\/p>\n<p>Peter Newiger und die SPD-Winterberg freuen sich \u00fcber jeden Besucher, der dann am Stand auch ein kleines Ostergeschenk erh\u00e4lt.<\/p>\n","protected":false},"excerpt":{"rendered":"<p>SPD-B\u00fcrgergespr\u00e4ch mit Landtagskandidat Peter Newiger Winterberg. (spd_pm) Um sich mit den Winterberger B\u00fcrgern auf das Osterfest einzustimmen, l\u00e4dt die SPD-Winterberg zusammen mit dem Landtagskandidaten Peter Newiger am Gr\u00fcndonnerstag zum offenen &hellip; <a href=\"https:\/\/www.schiebener.net\/wordpress\/spd-winterberg-buergergespraech-mit-ostereier-aktion-in-winterberg-am-13-april-2017\/\" class=\"more-link\"><span class=\"screen-reader-text\">\u201eSPD Winterberg: B\u00fcrgergespr\u00e4ch mit Ostereier-Aktion in Winterberg am 13. April 2017\u201c <\/span>weiterlesen<\/a><\/p>\n","protected":false},"author":17,"featured_media":0,"comment_status":"open","ping_status":"open","sticky":false,"template":"","format":"standard","meta":{"footnotes":""},"categories":[303,80,24,1043],"tags":[6777,6778,655,13],"class_list":["post-37714","post","type-post","status-publish","format-standard","hentry","category-in-unserem-briefkasten","category-lokales","category-politik","category-pressemitteilungen","tag-buergergespraech","tag-ostereier","tag-pressemitteilung","tag-spd"],"_links":{"self":[{"href":"https:\/\/www.schiebener.net\/wordpress\/wp-json\/wp\/v2\/posts\/37714","targetHints":{"allow":["GET"]}}],"collection":[{"href":"https:\/\/www.schiebener.net\/wordpress\/wp-json\/wp\/v2\/posts"}],"about":[{"href":"https:\/\/www.schiebener.net\/wordpress\/wp-json\/wp\/v2\/types\/post"}],"author":[{"embeddable":true,"href":"https:\/\/www.schiebener.net\/wordpress\/wp-json\/wp\/v2\/users\/17"}],"replies":[{"embeddable":true,"href":"https:\/\/www.schiebener.net\/wordpress\/wp-json\/wp\/v2\/comments?post=37714"}],"version-history":[{"count":0,"href":"https:\/\/www.schiebener.net\/wordpress\/wp-json\/wp\/v2\/posts\/37714\/revisions"}],"wp:attachment":[{"href":"https:\/\/www.schiebener.net\/wordpress\/wp-json\/wp\/v2\/media?parent=37714"}],"wp:term":[{"taxonomy":"category","embeddable":true,"href":"https:\/\/www.schiebener.net\/wordpress\/wp-json\/wp\/v2\/categories?post=37714"},{"taxonomy":"post_tag","embeddable":true,"href":"https:\/\/www.schiebener.net\/wordpress\/wp-json\/wp\/v2\/tags?post=37714"}],"curies":[{"name":"wp","href":"https:\/\/api.w.org\/{rel}","templated":true}]}}