{"id":37623,"date":"2017-03-29T20:57:14","date_gmt":"2017-03-29T19:57:14","guid":{"rendered":"https:\/\/www.schiebener.net\/wordpress\/?p=37623"},"modified":"2017-03-30T12:02:33","modified_gmt":"2017-03-30T11:02:33","slug":"multitalent-wald-forstwirtschaft-naturschutz-und-erholung-auf-einer-flaeche","status":"publish","type":"post","link":"https:\/\/www.schiebener.net\/wordpress\/multitalent-wald-forstwirtschaft-naturschutz-und-erholung-auf-einer-flaeche\/","title":{"rendered":"Multitalent Wald: Forstwirtschaft, Naturschutz und Erholung auf einer Fl\u00e4che"},"content":{"rendered":"<h3>Kooperation von Wald und Holz NRW und Naturpark Sauerland-Rothaargebirge f\u00fcr besseres Erholungsangebot<\/h3>\n<hr \/>\n<figure id=\"attachment_37624\" aria-describedby=\"caption-attachment-37624\" style=\"width: 1024px\" class=\"wp-caption aligncenter\"><a href=\"https:\/\/www.schiebener.net\/wordpress\/wp-content\/uploads\/2017\/03\/KooperationWaldHolzNaturpark20170329.jpg\"><img loading=\"lazy\" decoding=\"async\" class=\"size-full wp-image-37624\" src=\"https:\/\/www.schiebener.net\/wordpress\/wp-content\/uploads\/2017\/03\/KooperationWaldHolzNaturpark20170329.jpg\" alt=\"\" width=\"1024\" height=\"723\" srcset=\"https:\/\/www.schiebener.net\/wordpress\/wp-content\/uploads\/2017\/03\/KooperationWaldHolzNaturpark20170329.jpg 1024w, https:\/\/www.schiebener.net\/wordpress\/wp-content\/uploads\/2017\/03\/KooperationWaldHolzNaturpark20170329-300x212.jpg 300w, https:\/\/www.schiebener.net\/wordpress\/wp-content\/uploads\/2017\/03\/KooperationWaldHolzNaturpark20170329-768x542.jpg 768w\" sizes=\"auto, (max-width: 709px) 85vw, (max-width: 909px) 67vw, (max-width: 1362px) 62vw, 840px\" \/><\/a><figcaption id=\"caption-attachment-37624\" class=\"wp-caption-text\">&#8222;Wald, Wirtschaft und Erholung sind kein Gegensatz&#8220;, meinen von links nach rechts: Andreas Wiebe, Leiter Landesbetrieb Wald und Holz, daneben Bernd Fuhrmann,der erste Vorsitzende des Naturparks, dann Detlef Lins, Naturpark Sauerland-Rothaargebirge und ganz rechts der <span class=\"st1\">Leiter des Regionalforstamtes Kurk\u00f6lnisches Sauerland, Klaus Lomnitz.\u00a0<\/span> (foto: Naturpark Sauerland-Rothaargebirge)<\/figcaption><\/figure>\n<p><strong>Die Regionalforst\u00e4mter Kurk\u00f6lnisches-Sauerland, Siegen-Wittgenstein und Oberes-Sauerland stellen dem Naturpark Sauerland-Rothaargebirge landeseigene Waldfl\u00e4chen zur Verf\u00fcgung. Mit der Vergr\u00f6\u00dferung des Naturparkgebiets soll auch das Angebot wachsen.<\/strong><\/p>\n<p><em>(Pressemitteilung Naturpark Sauerland-Rothaargebirge)<\/em><\/p>\n<p>Um die Zusammenarbeit zu besiegeln, trafen sich heute (29. M\u00e4rz) Vertreter beider Seiten vor Ort. \u201eDer Wald ist ein Multitalent\u201c, sagte Andreas Wiebe, Leiter von Wald und Holz NRW. \u201eWald und Holz NRW nutzt den Wirtschaftsraum Wald und damit den Rohstoff Holz, stellt den Wald aber gleichzeitig gerne als Erholungsraum f\u00fcr Besucherinnen und Besucher zur Verf\u00fcgung. Diese unterschiedlichen Funktionen schlie\u00dfen sich nicht aus.\u201c<\/p>\n<p><strong>Zweitgr\u00f6\u00dfter Naturpark Deutschlands<\/strong><br \/>\nDen zweitgr\u00f6\u00dften Naturpark Deutschlands mit einer Fl\u00e4che von 3.826 km\u00b2 gibt es erst seit April 2015, nachdem die Naturparke Ebbegebirge, Homert und Rothaargebirge aufgel\u00f6st wurden. Die Verwaltung der Fl\u00e4chen und touristischen Angebote \u00fcbernimmt seitdem der neugegr\u00fcndete Naturpark Sauerland-Rothaargebirge. Dazu wurde ein neuer Nutzungsvertrag geschlossen, der alle notwendigen Absprachen zur F\u00f6rderung der Erholung, der lokalen und regionalen Tourismuswirtschaft sowie der Umweltbildung beinhaltet.<\/p>\n<p><strong>Kooperation f\u00fcr Naturparkbesucher<\/strong><br \/>\nDie Gesamtfl\u00e4chen im Naturparkgebiet umfassen rund 20.000 Hektar Staatswald. Der Staatswald macht es m\u00f6glich, gleichzeitig nachhaltig Holz zu nutzen, Schutzziele wie z.B. Natur- oder Wasserschutz zu ber\u00fccksichtigen, wichtiger Erholungsraum f\u00fcr die Bev\u00f6lkerung zu sein, Einnahmen durch den Holzverkauf f\u00fcr das Land zu erzielen, und das alles auf einer Waldfl\u00e4che.<\/p>\n<p>Nutz-, Schutz- und Erholungsfunktion des Waldes stehen dabei traditionell im Fokus der Waldbewirtschaftung und des Selbstverst\u00e4ndnisses der F\u00f6rsterinnen und F\u00f6rster von Wald und Holz NRW.<\/p>\n<p>\u201eWir freuen uns, mit Wald und Holz NRW einen zuverl\u00e4ssigen Partner an unserer Seite zu haben, der uns forstfiskalische Fl\u00e4chen zur F\u00f6rderung der Erholung, der Umweltbildung und des Tourismus zur Verf\u00fcgung stellt\u201c, sagte Bernd Fuhrmann, Vorsitzender des Naturparks SauerlandRothaargebirge e.V.<\/p>\n<p>Detlef Lins, Gesch\u00e4ftsf\u00fchrer des Naturparks erg\u00e4nzte: \u201eDurch den Landesbetrieb erhalten wir wichtige Unterst\u00fctzung auf dem Weg zur modernen Naturparkarbeit.\u201c<\/p>\n<p>Von der Kooperation und dem \u00fcberarbeiteten Angebot vor Ort profitieren in erster Linie die Besucherinnen und Besucher des Naturparks.<\/p>\n<p><strong>Weitere Informationen unter <\/strong><br \/>\n<a href=\"http:\/\/www.wald-und-holz.nrw.de\" target=\"_blank\">www.wald-und-holz.nrw.de<\/a><\/p>\n<p>&#8212;&#8212;&#8212;&#8212;&#8212;&#8212;&#8212;&#8212;&#8212;&#8212;&#8212;&#8212;<\/p>\n<p><em><strong>\u00dcber Wald und Holz NRW <\/strong><\/em><\/p>\n<p><em>Wald und Holz NRW ist Teil der Forstverwaltung des Landes NordrheinWestfalen. Der dem Ministerium f\u00fcr Klimaschutz, Umwelt, Landwirtschaft, Naturschutz und Verbraucherschutz (MKULNV) nachgeordnete Landesbetrieb hat seinen Hauptsitz in M\u00fcnster.<\/em><\/p>\n<p><em>Zust\u00e4ndiger Minister ist Johannes Remmel. Bei Wald und Holz NRW arbeiten fast 1300 Mitarbeiterinnen und Mitarbeiter, davon 300 F\u00f6rsterinnen und F\u00f6rster in den Forstrevieren. Zu Wald und Holz NRW geh\u00f6ren 14 Regionalforst\u00e4mter, das Lehr und Versuchsforstamt Arnsberger Wald und der Nationalpark Eifel.<\/em><\/p>\n<p><em>Wald und Holz NRW k\u00fcmmert sich um die Belange des Waldes. Dazu geh\u00f6ren Erhalt und F\u00f6rderung des Waldes in NRW, Beratung und Betreuung des privaten und kommunalen Waldbesitzes, Bewirtschaftung von 113.000 Hektar landeseigener Waldfl\u00e4chen sowie Forschung in den Bereichen Wald-, Holzverwendungs- und Klimafragen.<\/em><\/p>\n<p><em>Zum Aufgabengebiet z\u00e4hlen au\u00dferdem Umweltbildung, \u00dcberwachung der Einhaltung der geltenden Rechtsvorschriften im Wald auf der gesamten Waldfl\u00e4che NRWs (910.000 Hektar) und die F\u00f6rderung der Wald- und Forstwirtschaft in NRW.<\/em><\/p>\n","protected":false},"excerpt":{"rendered":"<p>Kooperation von Wald und Holz NRW und Naturpark Sauerland-Rothaargebirge f\u00fcr besseres Erholungsangebot Die Regionalforst\u00e4mter Kurk\u00f6lnisches-Sauerland, Siegen-Wittgenstein und Oberes-Sauerland stellen dem Naturpark Sauerland-Rothaargebirge landeseigene Waldfl\u00e4chen zur Verf\u00fcgung. Mit der Vergr\u00f6\u00dferung des &hellip; <a href=\"https:\/\/www.schiebener.net\/wordpress\/multitalent-wald-forstwirtschaft-naturschutz-und-erholung-auf-einer-flaeche\/\" class=\"more-link\"><span class=\"screen-reader-text\">\u201eMultitalent Wald: Forstwirtschaft, Naturschutz und Erholung auf einer Fl\u00e4che\u201c <\/span>weiterlesen<\/a><\/p>\n","protected":false},"author":17,"featured_media":0,"comment_status":"open","ping_status":"open","sticky":false,"template":"","format":"standard","meta":{"footnotes":""},"categories":[303,80,1043,549,1208],"tags":[6767,655,6766],"class_list":["post-37623","post","type-post","status-publish","format-standard","hentry","category-in-unserem-briefkasten","category-lokales","category-pressemitteilungen","category-umwelt","category-wirtschaft","tag-naturpark-sauerland-rothaargebirge","tag-pressemitteilung","tag-wald-und-holz-nrw"],"_links":{"self":[{"href":"https:\/\/www.schiebener.net\/wordpress\/wp-json\/wp\/v2\/posts\/37623","targetHints":{"allow":["GET"]}}],"collection":[{"href":"https:\/\/www.schiebener.net\/wordpress\/wp-json\/wp\/v2\/posts"}],"about":[{"href":"https:\/\/www.schiebener.net\/wordpress\/wp-json\/wp\/v2\/types\/post"}],"author":[{"embeddable":true,"href":"https:\/\/www.schiebener.net\/wordpress\/wp-json\/wp\/v2\/users\/17"}],"replies":[{"embeddable":true,"href":"https:\/\/www.schiebener.net\/wordpress\/wp-json\/wp\/v2\/comments?post=37623"}],"version-history":[{"count":0,"href":"https:\/\/www.schiebener.net\/wordpress\/wp-json\/wp\/v2\/posts\/37623\/revisions"}],"wp:attachment":[{"href":"https:\/\/www.schiebener.net\/wordpress\/wp-json\/wp\/v2\/media?parent=37623"}],"wp:term":[{"taxonomy":"category","embeddable":true,"href":"https:\/\/www.schiebener.net\/wordpress\/wp-json\/wp\/v2\/categories?post=37623"},{"taxonomy":"post_tag","embeddable":true,"href":"https:\/\/www.schiebener.net\/wordpress\/wp-json\/wp\/v2\/tags?post=37623"}],"curies":[{"name":"wp","href":"https:\/\/api.w.org\/{rel}","templated":true}]}}