{"id":37605,"date":"2017-03-25T23:17:56","date_gmt":"2017-03-25T22:17:56","guid":{"rendered":"https:\/\/www.schiebener.net\/wordpress\/?p=37605"},"modified":"2017-03-26T08:12:24","modified_gmt":"2017-03-26T07:12:24","slug":"sommerzeit-nein-danke","status":"publish","type":"post","link":"https:\/\/www.schiebener.net\/wordpress\/sommerzeit-nein-danke\/","title":{"rendered":"Sommerzeit? Nein Danke!"},"content":{"rendered":"<p><figure id=\"attachment_37606\" aria-describedby=\"caption-attachment-37606\" style=\"width: 702px\" class=\"wp-caption aligncenter\"><a href=\"https:\/\/www.schiebener.net\/wordpress\/wp-content\/uploads\/2017\/03\/AmMeisterstein2017032502.jpg\" target=\"_blank\"><img loading=\"lazy\" decoding=\"async\" class=\"wp-image-37606\" src=\"https:\/\/www.schiebener.net\/wordpress\/wp-content\/uploads\/2017\/03\/AmMeisterstein2017032502.jpg\" alt=\"\" width=\"702\" height=\"468\" srcset=\"https:\/\/www.schiebener.net\/wordpress\/wp-content\/uploads\/2017\/03\/AmMeisterstein2017032502.jpg 1024w, https:\/\/www.schiebener.net\/wordpress\/wp-content\/uploads\/2017\/03\/AmMeisterstein2017032502-300x200.jpg 300w, https:\/\/www.schiebener.net\/wordpress\/wp-content\/uploads\/2017\/03\/AmMeisterstein2017032502-768x512.jpg 768w\" sizes=\"auto, (max-width: 709px) 85vw, (max-width: 909px) 67vw, (max-width: 984px) 61vw, (max-width: 1362px) 45vw, 600px\" \/><\/a><figcaption id=\"caption-attachment-37606\" class=\"wp-caption-text\">Der Herbst hat sich in das Fr\u00fchjahr gerettet. (foto: zoom)<\/figcaption><\/figure><strong>Voller Erschrecken habe ich festgestellt, dass morgen Nacht die Uhr umgestellt wird. Nach vorn, eine Stunde geklaut.<\/strong> <\/p>\n<p>Ich muss jetzt statt um 5:15 Uhr um 4:15 Uhr aufstehen. Ich will das nicht. Welchen Vorteil soll das haben?<\/p>\n<p>Nach einer Woche werde ich mich daran gew\u00f6hnt haben, dass es pl\u00f6tzlich morgens wieder dunkler ist, und ich \u00fcberm\u00fcdet zur Arbeit fahren muss.<\/p>\n<p>Eine Woche Qu\u00e4lerei. <\/p>\n<p>Sagst du: &#8222;Ja aber &#8211; im Herbst gibt es doch die Stunde wieder zur\u00fcck.&#8220;<\/p>\n<p>Sage ich: &#8222;Das interessiert mich nicht.&#8220; <\/p>\n<p>Die geschenkte Stunde im Herbst schleicht sich fast unbemerkt ins Leben, w\u00e4hrend die gestohlene Zeit im Fr\u00fchjahr richtig weh tut. <\/p>\n<p>Wo ist der Sinn? \u00dcbersehe ich etwas?<\/p>\n","protected":false},"excerpt":{"rendered":"<p>Voller Erschrecken habe ich festgestellt, dass morgen Nacht die Uhr umgestellt wird. Nach vorn, eine Stunde geklaut. Ich muss jetzt statt um 5:15 Uhr um 4:15 Uhr aufstehen. Ich will &hellip; <a href=\"https:\/\/www.schiebener.net\/wordpress\/sommerzeit-nein-danke\/\" class=\"more-link\"><span class=\"screen-reader-text\">\u201eSommerzeit? Nein Danke!\u201c <\/span>weiterlesen<\/a><\/p>\n","protected":false},"author":3,"featured_media":0,"comment_status":"open","ping_status":"open","sticky":false,"template":"","format":"standard","meta":{"footnotes":""},"categories":[174,2489],"tags":[6762],"class_list":["post-37605","post","type-post","status-publish","format-standard","hentry","category-dit-und-dat","category-in-eigener-sache","tag-sommerzeit"],"_links":{"self":[{"href":"https:\/\/www.schiebener.net\/wordpress\/wp-json\/wp\/v2\/posts\/37605","targetHints":{"allow":["GET"]}}],"collection":[{"href":"https:\/\/www.schiebener.net\/wordpress\/wp-json\/wp\/v2\/posts"}],"about":[{"href":"https:\/\/www.schiebener.net\/wordpress\/wp-json\/wp\/v2\/types\/post"}],"author":[{"embeddable":true,"href":"https:\/\/www.schiebener.net\/wordpress\/wp-json\/wp\/v2\/users\/3"}],"replies":[{"embeddable":true,"href":"https:\/\/www.schiebener.net\/wordpress\/wp-json\/wp\/v2\/comments?post=37605"}],"version-history":[{"count":0,"href":"https:\/\/www.schiebener.net\/wordpress\/wp-json\/wp\/v2\/posts\/37605\/revisions"}],"wp:attachment":[{"href":"https:\/\/www.schiebener.net\/wordpress\/wp-json\/wp\/v2\/media?parent=37605"}],"wp:term":[{"taxonomy":"category","embeddable":true,"href":"https:\/\/www.schiebener.net\/wordpress\/wp-json\/wp\/v2\/categories?post=37605"},{"taxonomy":"post_tag","embeddable":true,"href":"https:\/\/www.schiebener.net\/wordpress\/wp-json\/wp\/v2\/tags?post=37605"}],"curies":[{"name":"wp","href":"https:\/\/api.w.org\/{rel}","templated":true}]}}