{"id":37488,"date":"2017-03-12T23:45:51","date_gmt":"2017-03-12T22:45:51","guid":{"rendered":"https:\/\/www.schiebener.net\/wordpress\/?p=37488"},"modified":"2017-03-12T23:45:51","modified_gmt":"2017-03-12T22:45:51","slug":"fruehlingsausbruch-alle-raus-keine-zeit-diemelradweg","status":"publish","type":"post","link":"https:\/\/www.schiebener.net\/wordpress\/fruehlingsausbruch-alle-raus-keine-zeit-diemelradweg\/","title":{"rendered":"Fr\u00fchlingsausbruch: alle raus, keine Zeit &#8230; Diemelradweg"},"content":{"rendered":"<p><figure id=\"attachment_37489\" aria-describedby=\"caption-attachment-37489\" style=\"width: 702px\" class=\"wp-caption aligncenter\"><a href=\"https:\/\/www.schiebener.net\/wordpress\/wp-content\/uploads\/2017\/03\/Diemelradweg20170312.jpg\" target=\"_blank\"><img loading=\"lazy\" decoding=\"async\" class=\" wp-image-37489\" src=\"https:\/\/www.schiebener.net\/wordpress\/wp-content\/uploads\/2017\/03\/Diemelradweg20170312.jpg\" alt=\"\" width=\"702\" height=\"468\" srcset=\"https:\/\/www.schiebener.net\/wordpress\/wp-content\/uploads\/2017\/03\/Diemelradweg20170312.jpg 1024w, https:\/\/www.schiebener.net\/wordpress\/wp-content\/uploads\/2017\/03\/Diemelradweg20170312-300x200.jpg 300w, https:\/\/www.schiebener.net\/wordpress\/wp-content\/uploads\/2017\/03\/Diemelradweg20170312-768x512.jpg 768w\" sizes=\"auto, (max-width: 709px) 85vw, (max-width: 909px) 67vw, (max-width: 984px) 61vw, (max-width: 1362px) 45vw, 600px\" \/><\/a><figcaption id=\"caption-attachment-37489\" class=\"wp-caption-text\">Am Diemelradweg mit der Blickrichtung nach Liebenau. (foto: zoom)<\/figcaption><\/figure><strong>Vor zwei Tagen noch im Winterberger Skigebiet und dann am Wochenende vom Fr\u00fchling \u00fcberrascht.<\/strong> <\/p>\n<p>Gestern Abschnitte des Ruhrtalradwegs, heute <a href=\"http:\/\/www.diemelradweg.de\/\" target=\"_blank\">der Diemelradweg<\/a>.<\/p>\n<p>Den Diemelradweg bin ich schon h\u00e4ufiger gefahren. Er gef\u00e4llt mir allerdings erst ab Warburg Richtung Bad Karlshafen oder auch umgekehrt.<\/p>\n<p>Der gem\u00fctliche und bequeme Weg passt gut in eine kleine Runde Diemel, Weser, Fulda mit Start in Warburg und Ziel in Kassel. Von dort mit dem Zug zur\u00fcck ins Hochsauerland. Dauert zwei Tage und f\u00fchlt sich wie vier Tage an.<\/p>\n<p>Mehr bei Gelegenheit. Heute ist es zu sp\u00e4t.<\/p>\n","protected":false},"excerpt":{"rendered":"<p>Vor zwei Tagen noch im Winterberger Skigebiet und dann am Wochenende vom Fr\u00fchling \u00fcberrascht. Gestern Abschnitte des Ruhrtalradwegs, heute der Diemelradweg. Den Diemelradweg bin ich schon h\u00e4ufiger gefahren. Er gef\u00e4llt &hellip; <a href=\"https:\/\/www.schiebener.net\/wordpress\/fruehlingsausbruch-alle-raus-keine-zeit-diemelradweg\/\" class=\"more-link\"><span class=\"screen-reader-text\">\u201eFr\u00fchlingsausbruch: alle raus, keine Zeit &#8230; Diemelradweg\u201c <\/span>weiterlesen<\/a><\/p>\n","protected":false},"author":3,"featured_media":0,"comment_status":"open","ping_status":"open","sticky":false,"template":"","format":"standard","meta":{"footnotes":""},"categories":[174,80,2729],"tags":[4420,6741],"class_list":["post-37488","post","type-post","status-publish","format-standard","hentry","category-dit-und-dat","category-lokales","category-reisen","tag-diemelradweg","tag-warburg"],"_links":{"self":[{"href":"https:\/\/www.schiebener.net\/wordpress\/wp-json\/wp\/v2\/posts\/37488","targetHints":{"allow":["GET"]}}],"collection":[{"href":"https:\/\/www.schiebener.net\/wordpress\/wp-json\/wp\/v2\/posts"}],"about":[{"href":"https:\/\/www.schiebener.net\/wordpress\/wp-json\/wp\/v2\/types\/post"}],"author":[{"embeddable":true,"href":"https:\/\/www.schiebener.net\/wordpress\/wp-json\/wp\/v2\/users\/3"}],"replies":[{"embeddable":true,"href":"https:\/\/www.schiebener.net\/wordpress\/wp-json\/wp\/v2\/comments?post=37488"}],"version-history":[{"count":0,"href":"https:\/\/www.schiebener.net\/wordpress\/wp-json\/wp\/v2\/posts\/37488\/revisions"}],"wp:attachment":[{"href":"https:\/\/www.schiebener.net\/wordpress\/wp-json\/wp\/v2\/media?parent=37488"}],"wp:term":[{"taxonomy":"category","embeddable":true,"href":"https:\/\/www.schiebener.net\/wordpress\/wp-json\/wp\/v2\/categories?post=37488"},{"taxonomy":"post_tag","embeddable":true,"href":"https:\/\/www.schiebener.net\/wordpress\/wp-json\/wp\/v2\/tags?post=37488"}],"curies":[{"name":"wp","href":"https:\/\/api.w.org\/{rel}","templated":true}]}}