{"id":37449,"date":"2017-03-07T20:15:31","date_gmt":"2017-03-07T19:15:31","guid":{"rendered":"http:\/\/www.schiebener.net\/wordpress\/?p=37449"},"modified":"2017-03-07T20:15:31","modified_gmt":"2017-03-07T19:15:31","slug":"kosten-der-mehrtaegigen-konferenz-des-landrats-mit-den-buergermeistern-der-kreisangehoerigen-staedte-und-gemeinden","status":"publish","type":"post","link":"https:\/\/www.schiebener.net\/wordpress\/kosten-der-mehrtaegigen-konferenz-des-landrats-mit-den-buergermeistern-der-kreisangehoerigen-staedte-und-gemeinden\/","title":{"rendered":"Kosten der mehrt\u00e4gigen Konferenz des Landrats mit den B\u00fcrgermeistern der kreisangeh\u00f6rigen St\u00e4dte und Gemeinden"},"content":{"rendered":"<h2>Pressemitteilung der Sauerl\u00e4nder B\u00fcrgerliste<\/h2>\n<h3>Anfrage gem\u00e4\u00df \u00a7 11 Abs. 1 der Gesch\u00e4ftsordnung des Kreistags<br \/>\nThema: Konferenz auf der Insel Norderney; hier: Kosten f\u00fcr den Hochsauerlandkreis<\/h3>\n<hr \/>\n<blockquote><p>Sehr geehrter Herr Landrat,<\/p>\n<p>In dieser Woche findet auf Norderney eine mehrt\u00e4gige Konferenz des Landrats mit den B\u00fcrgermeistern der kreisangeh\u00f6rigen St\u00e4dte und Gemeinden statt.<\/p>\n<p>In dem Zusammenhang bitten wir Sie zwei Fragen zu beantworten:<\/p>\n<p>Wie viele Mitarbeiterinnen und Mitarbeiter der Kreisverwaltung nehmen f\u00fcr die ganze Dauer oder zeitweise an dieser Konferenz teil?<\/p>\n<p>Welche Kosten (Fahrt, \u00dcbernachtung, Verpflegung, sonstige Reisekosten, \u00dcberstundenverg\u00fctung bzw. -ausgleich) entstehen der Kreisverwaltung durch diese Konferenz?<\/p>\n<p>Mit freundlichen Gr\u00fc\u00dfen<\/p>\n<p>Reinhard Loos<br \/>\n(SBL-Fraktionssprecher)<\/p>\n<p>F\u00fcr die Richtigkeit<\/p>\n<p>Gabriele Joch-Eren<br \/>\n(SBL-Gesch\u00e4ftsf\u00fchrerin)<\/p><\/blockquote>\n","protected":false},"excerpt":{"rendered":"<p>Pressemitteilung der Sauerl\u00e4nder B\u00fcrgerliste Anfrage gem\u00e4\u00df \u00a7 11 Abs. 1 der Gesch\u00e4ftsordnung des Kreistags Thema: Konferenz auf der Insel Norderney; hier: Kosten f\u00fcr den Hochsauerlandkreis Sehr geehrter Herr Landrat, In &hellip; <a href=\"https:\/\/www.schiebener.net\/wordpress\/kosten-der-mehrtaegigen-konferenz-des-landrats-mit-den-buergermeistern-der-kreisangehoerigen-staedte-und-gemeinden\/\" class=\"more-link\"><span class=\"screen-reader-text\">\u201eKosten der mehrt\u00e4gigen Konferenz des Landrats mit den B\u00fcrgermeistern der kreisangeh\u00f6rigen St\u00e4dte und Gemeinden\u201c <\/span>weiterlesen<\/a><\/p>\n","protected":false},"author":17,"featured_media":0,"comment_status":"open","ping_status":"open","sticky":false,"template":"","format":"standard","meta":{"footnotes":""},"categories":[3182,303,80,24,1043],"tags":[4789,1932,6733,1283,6408,6545],"class_list":["post-37449","post","type-post","status-publish","format-standard","hentry","category-finanzen","category-in-unserem-briefkasten","category-lokales","category-politik","category-pressemitteilungen","tag-anfrage-sbl","tag-burgermeister","tag-kosten","tag-landrat-dr-karl-schneider","tag-norderney","tag-sauerlaender-buergerlistefw"],"_links":{"self":[{"href":"https:\/\/www.schiebener.net\/wordpress\/wp-json\/wp\/v2\/posts\/37449","targetHints":{"allow":["GET"]}}],"collection":[{"href":"https:\/\/www.schiebener.net\/wordpress\/wp-json\/wp\/v2\/posts"}],"about":[{"href":"https:\/\/www.schiebener.net\/wordpress\/wp-json\/wp\/v2\/types\/post"}],"author":[{"embeddable":true,"href":"https:\/\/www.schiebener.net\/wordpress\/wp-json\/wp\/v2\/users\/17"}],"replies":[{"embeddable":true,"href":"https:\/\/www.schiebener.net\/wordpress\/wp-json\/wp\/v2\/comments?post=37449"}],"version-history":[{"count":0,"href":"https:\/\/www.schiebener.net\/wordpress\/wp-json\/wp\/v2\/posts\/37449\/revisions"}],"wp:attachment":[{"href":"https:\/\/www.schiebener.net\/wordpress\/wp-json\/wp\/v2\/media?parent=37449"}],"wp:term":[{"taxonomy":"category","embeddable":true,"href":"https:\/\/www.schiebener.net\/wordpress\/wp-json\/wp\/v2\/categories?post=37449"},{"taxonomy":"post_tag","embeddable":true,"href":"https:\/\/www.schiebener.net\/wordpress\/wp-json\/wp\/v2\/tags?post=37449"}],"curies":[{"name":"wp","href":"https:\/\/api.w.org\/{rel}","templated":true}]}}