{"id":373,"date":"2008-10-03T22:20:45","date_gmt":"2008-10-03T21:20:45","guid":{"rendered":"http:\/\/www.schiebener.net\/wordpress\/?p=373"},"modified":"2009-02-12T20:59:57","modified_gmt":"2009-02-12T19:59:57","slug":"sylt","status":"publish","type":"post","link":"https:\/\/www.schiebener.net\/wordpress\/sylt\/","title":{"rendered":"Sylt"},"content":{"rendered":"<p><strong>Eine kleine Sylt Remineszenz. Text(siehe unten) und Musik(bitte selber summen oder singen): Die \u00c4rzte.<\/strong><\/p>\n<p>Mehr zu meiner hammerharten Tour nach Sylt folgt in baldiger K\u00fcrze.<\/p>\n<figure id=\"attachment_376\" aria-describedby=\"caption-attachment-376\" style=\"width: 300px\" class=\"wp-caption alignnone\"><a href=\"http:\/\/www.schiebener.net\/wordpress\/wp-content\/uploads\/2008\/10\/sylt01.jpg\" target=\"_blank\"><img loading=\"lazy\" decoding=\"async\" class=\"size-medium wp-image-376\" title=\"sylt01\" src=\"http:\/\/www.schiebener.net\/wordpress\/wp-content\/uploads\/2008\/10\/sylt01-300x199.jpg\" alt=\"Strandk\u00f6rbe-was sonst?\" width=\"300\" height=\"199\" srcset=\"https:\/\/www.schiebener.net\/wordpress\/wp-content\/uploads\/2008\/10\/sylt01-300x199.jpg 300w, https:\/\/www.schiebener.net\/wordpress\/wp-content\/uploads\/2008\/10\/sylt01.jpg 800w\" sizes=\"auto, (max-width: 300px) 85vw, 300px\" \/><\/a><figcaption id=\"caption-attachment-376\" class=\"wp-caption-text\">Strandk\u00f6rbe-was sonst?<\/figcaption><\/figure>\n<p><em><a href=\"http:\/\/www.youtube.com\/watch?v=5sUh5I6kx1w&amp;feature=related\" target=\"_blank\">Jeden Tag sitz ich am Wannsee und ich h\u00f6r den Wellen<\/a><br \/>\nzu ich lieg hier auf meinem Handtuch,<br \/>\ndoch ich finde keine Ruh.<br \/>\nDiese eine Liebe wird nie zu Ende gehn<br \/>\nwann werd ich sie wiedersehen?<\/em><\/p>\n<figure id=\"attachment_377\" aria-describedby=\"caption-attachment-377\" style=\"width: 300px\" class=\"wp-caption alignnone\"><a href=\"http:\/\/www.schiebener.net\/wordpress\/wp-content\/uploads\/2008\/10\/sylt02.jpg\" target=\"_blank\"><img loading=\"lazy\" decoding=\"async\" class=\"size-medium wp-image-377\" title=\"sylt02\" src=\"http:\/\/www.schiebener.net\/wordpress\/wp-content\/uploads\/2008\/10\/sylt02-300x199.jpg\" alt=\"Zum Watt-wohin sonst?\" width=\"300\" height=\"199\" srcset=\"https:\/\/www.schiebener.net\/wordpress\/wp-content\/uploads\/2008\/10\/sylt02-300x199.jpg 300w, https:\/\/www.schiebener.net\/wordpress\/wp-content\/uploads\/2008\/10\/sylt02.jpg 800w\" sizes=\"auto, (max-width: 300px) 85vw, 300px\" \/><\/a><figcaption id=\"caption-attachment-377\" class=\"wp-caption-text\">Zum Watt-wohin sonst?<\/figcaption><\/figure>\n<p><em>Manchmal schlie\u00dfe ich die Augen,<br \/>\nstell mir vor ich sitz am Meer,<br \/>\ndann denk ich an diese Insel,<br \/>\nund mein Herz das wird so schwer.<br \/>\nDiese eine Liebe wird nie zu Ende gehn,<br \/>\nwann werd ich sie wiedersehen ?<\/em><\/p>\n<figure id=\"attachment_378\" aria-describedby=\"caption-attachment-378\" style=\"width: 300px\" class=\"wp-caption alignnone\"><a href=\"http:\/\/www.schiebener.net\/wordpress\/wp-content\/uploads\/2008\/10\/hoernum01.jpg\" target=\"_blank\"><img loading=\"lazy\" decoding=\"async\" class=\"size-medium wp-image-378\" title=\"hoernum01\" src=\"http:\/\/www.schiebener.net\/wordpress\/wp-content\/uploads\/2008\/10\/hoernum01-300x199.jpg\" alt=\"Es leuchtet der Turm in H\u00f6rnum ...\" width=\"300\" height=\"199\" srcset=\"https:\/\/www.schiebener.net\/wordpress\/wp-content\/uploads\/2008\/10\/hoernum01-300x199.jpg 300w, https:\/\/www.schiebener.net\/wordpress\/wp-content\/uploads\/2008\/10\/hoernum01.jpg 800w\" sizes=\"auto, (max-width: 300px) 85vw, 300px\" \/><\/a><figcaption id=\"caption-attachment-378\" class=\"wp-caption-text\">Es leuchtet der Turm in H\u00f6rnum ...<\/figcaption><\/figure>\n<p><em>Oh ich hab solche Sehnsucht,<br \/>\nich verliere den Verstand,<br \/>\nich will wieder an die Nordsee,<br \/>\nich will zur\u00fcck nach Westerland.<\/em><\/p>\n<figure id=\"attachment_379\" aria-describedby=\"caption-attachment-379\" style=\"width: 300px\" class=\"wp-caption alignnone\"><a href=\"http:\/\/www.schiebener.net\/wordpress\/wp-content\/uploads\/2008\/10\/westerland01.jpg\" target=\"_blank\"><img loading=\"lazy\" decoding=\"async\" class=\"size-medium wp-image-379\" title=\"westerland01\" src=\"http:\/\/www.schiebener.net\/wordpress\/wp-content\/uploads\/2008\/10\/westerland01-300x199.jpg\" alt=\"Westerland - die Fassade.\" width=\"300\" height=\"199\" srcset=\"https:\/\/www.schiebener.net\/wordpress\/wp-content\/uploads\/2008\/10\/westerland01-300x199.jpg 300w, https:\/\/www.schiebener.net\/wordpress\/wp-content\/uploads\/2008\/10\/westerland01.jpg 800w\" sizes=\"auto, (max-width: 300px) 85vw, 300px\" \/><\/a><figcaption id=\"caption-attachment-379\" class=\"wp-caption-text\">Westerland - die Fassade.<\/figcaption><\/figure>\n<p><em>Wie oft stand ich schon am Ufer,<br \/>\nwie oft sprang ich in die Spree,<br \/>\nwie oft mu\u00dften sie mich retten,<br \/>\ndamit ich nicht untergeh ?<br \/>\nDiese eine Liebe wird nie zu Ende gehn,<br \/>\nwann werd ich sie wiedersehen ?<\/em><\/p>\n<figure id=\"attachment_380\" aria-describedby=\"caption-attachment-380\" style=\"width: 300px\" class=\"wp-caption alignnone\"><a href=\"http:\/\/www.schiebener.net\/wordpress\/wp-content\/uploads\/2008\/10\/westerland02.jpg\" target=\"_blank\"><img loading=\"lazy\" decoding=\"async\" class=\"size-medium wp-image-380\" title=\"westerland02\" src=\"http:\/\/www.schiebener.net\/wordpress\/wp-content\/uploads\/2008\/10\/westerland02-300x199.jpg\" alt=\"Dorthin? Kurtaxe!\" width=\"300\" height=\"199\" srcset=\"https:\/\/www.schiebener.net\/wordpress\/wp-content\/uploads\/2008\/10\/westerland02-300x199.jpg 300w, https:\/\/www.schiebener.net\/wordpress\/wp-content\/uploads\/2008\/10\/westerland02.jpg 800w\" sizes=\"auto, (max-width: 300px) 85vw, 300px\" \/><\/a><figcaption id=\"caption-attachment-380\" class=\"wp-caption-text\">Dorthin? Kurtaxe!<\/figcaption><\/figure>\n<p><em>Oh ich hab solche Sehnsucht,<br \/>\nich verliere den Verstand,<br \/>\nich will wieder an die Nordsee,<br \/>\nich will zur\u00fcck nach Westerland.<\/em><\/p>\n<figure id=\"attachment_381\" aria-describedby=\"caption-attachment-381\" style=\"width: 300px\" class=\"wp-caption alignnone\"><a href=\"http:\/\/www.schiebener.net\/wordpress\/wp-content\/uploads\/2008\/10\/westerland03.jpg\" target=\"_blank\"><img loading=\"lazy\" decoding=\"async\" class=\"size-medium wp-image-381\" title=\"westerland03\" src=\"http:\/\/www.schiebener.net\/wordpress\/wp-content\/uploads\/2008\/10\/westerland03-300x199.jpg\" alt=\"Is' schon ok ...\" width=\"300\" height=\"199\" srcset=\"https:\/\/www.schiebener.net\/wordpress\/wp-content\/uploads\/2008\/10\/westerland03-300x199.jpg 300w, https:\/\/www.schiebener.net\/wordpress\/wp-content\/uploads\/2008\/10\/westerland03.jpg 800w\" sizes=\"auto, (max-width: 300px) 85vw, 300px\" \/><\/a><figcaption id=\"caption-attachment-381\" class=\"wp-caption-text\">Is&#39; schon ok ...<\/figcaption><\/figure>\n<p><em>Es ist zwar teuer,<br \/>\ndaf\u00fcr ist man unter sich und ich wei\u00df<br \/>\njeder zweite ist genauso bl\u00f6d wie ich&#8230;<\/em><\/p>\n<p><em>Oh ich hab solche Sehnsucht,<br \/>\nich verliere den Verstand,<br \/>\nich will wieder an die Nordsee,<br \/>\nich will zur\u00fcck nach Westerland<\/em><\/p>\n<p><em>Oh ich hab solche Sehnsucht,<br \/>\nich verliere den Verstand,<br \/>\nich will wieder an die Nordsee,<br \/>\nich will zur\u00fcck, ich will zur\u00fcck, ich will zur\u00fcck<br \/>\nich will zur\u00fcck nach Westerland!<\/em><\/p>\n<figure id=\"attachment_383\" aria-describedby=\"caption-attachment-383\" style=\"width: 300px\" class=\"wp-caption alignnone\"><a href=\"http:\/\/www.schiebener.net\/wordpress\/wp-content\/uploads\/2008\/10\/hoernum02.jpg\" target=\"_blank\"><img loading=\"lazy\" decoding=\"async\" class=\"size-medium wp-image-383\" title=\"hoernum02\" src=\"http:\/\/www.schiebener.net\/wordpress\/wp-content\/uploads\/2008\/10\/hoernum02-300x199.jpg\" alt=\"Reingelegt! H\u00f6rnum ;-)\" width=\"300\" height=\"199\" srcset=\"https:\/\/www.schiebener.net\/wordpress\/wp-content\/uploads\/2008\/10\/hoernum02-300x199.jpg 300w, https:\/\/www.schiebener.net\/wordpress\/wp-content\/uploads\/2008\/10\/hoernum02.jpg 800w\" sizes=\"auto, (max-width: 300px) 85vw, 300px\" \/><\/a><figcaption id=\"caption-attachment-383\" class=\"wp-caption-text\">Reingelegt! H\u00f6rnum \ud83d\ude09 Golf-Hotel!<\/figcaption><\/figure>\n","protected":false},"excerpt":{"rendered":"<p>Eine kleine Sylt Remineszenz. Text(siehe unten) und Musik(bitte selber summen oder singen): Die \u00c4rzte. Mehr zu meiner hammerharten Tour nach Sylt folgt in baldiger K\u00fcrze. Jeden Tag sitz ich am &hellip; <a href=\"https:\/\/www.schiebener.net\/wordpress\/sylt\/\" class=\"more-link\"><span class=\"screen-reader-text\">\u201eSylt\u201c <\/span>weiterlesen<\/a><\/p>\n","protected":false},"author":3,"featured_media":0,"comment_status":"open","ping_status":"open","sticky":false,"template":"","format":"standard","meta":{"footnotes":""},"categories":[1,27],"tags":[143,141,142],"class_list":["post-373","post","type-post","status-publish","format-standard","hentry","category-allgemein","category-musik","tag-arzte","tag-sylt","tag-westerland"],"_links":{"self":[{"href":"https:\/\/www.schiebener.net\/wordpress\/wp-json\/wp\/v2\/posts\/373","targetHints":{"allow":["GET"]}}],"collection":[{"href":"https:\/\/www.schiebener.net\/wordpress\/wp-json\/wp\/v2\/posts"}],"about":[{"href":"https:\/\/www.schiebener.net\/wordpress\/wp-json\/wp\/v2\/types\/post"}],"author":[{"embeddable":true,"href":"https:\/\/www.schiebener.net\/wordpress\/wp-json\/wp\/v2\/users\/3"}],"replies":[{"embeddable":true,"href":"https:\/\/www.schiebener.net\/wordpress\/wp-json\/wp\/v2\/comments?post=373"}],"version-history":[{"count":0,"href":"https:\/\/www.schiebener.net\/wordpress\/wp-json\/wp\/v2\/posts\/373\/revisions"}],"wp:attachment":[{"href":"https:\/\/www.schiebener.net\/wordpress\/wp-json\/wp\/v2\/media?parent=373"}],"wp:term":[{"taxonomy":"category","embeddable":true,"href":"https:\/\/www.schiebener.net\/wordpress\/wp-json\/wp\/v2\/categories?post=373"},{"taxonomy":"post_tag","embeddable":true,"href":"https:\/\/www.schiebener.net\/wordpress\/wp-json\/wp\/v2\/tags?post=373"}],"curies":[{"name":"wp","href":"https:\/\/api.w.org\/{rel}","templated":true}]}}