{"id":37204,"date":"2017-02-06T20:22:27","date_gmt":"2017-02-06T19:22:27","guid":{"rendered":"http:\/\/www.schiebener.net\/wordpress\/?p=37204"},"modified":"2017-02-06T22:14:40","modified_gmt":"2017-02-06T21:14:40","slug":"schmallenberg-in-between-ein-film-von-gefluechteten-menschen-ueber-ihre-neue-heimat","status":"publish","type":"post","link":"https:\/\/www.schiebener.net\/wordpress\/schmallenberg-in-between-ein-film-von-gefluechteten-menschen-ueber-ihre-neue-heimat\/","title":{"rendered":"Schmallenberg: in between &#8211; Ein Film von gefl\u00fcchteten Menschen \u00fcber ihre neue Heimat"},"content":{"rendered":"<p><iframe loading=\"lazy\" width=\"480\" height=\"270\" src=\"https:\/\/www.youtube.com\/embed\/blhiSDFFbeo?rel=0\" frameborder=\"0\" allowfullscreen><\/iframe><br \/>\n<strong><\/p>\n<p>Im Rahmen eines Projekts der Jugendkunstschule &#8222;<a href=\"http:\/\/www.kunsthaus-alte-muehle.de\/index.php?id=4\" target=\"_blank\">kunsthaus alte m\u00fchle<\/a>&#8220; haben gefl\u00fcchtete Menschen in Schmallenberg im Winter 2016 \/ 2017 einen Dokumentarfilm \u00fcber Kultur und Gepflogenheiten ihrer neuen Heimat gedreht.<\/strong><\/p>\n<p>Der Film beleuchtet die aktuelle Situation und die Lebensumst\u00e4nde der Gefl\u00fcchteten. Die erste Szene beginnt, ganz Sauerland, in einer katholischen Kirche mit Fl\u00fcchtlingen aus Nigeria.<\/p>\n<p>Schaut selbst.<\/p>\n<p>Ziel sei es gewesen, so die Filmemacher, den neu angekommenen Menschen ein Gesicht zu geben und im Gesellschaftsbild zu etablieren.<\/p>\n<p>Mit der \u00f6ffentlich Pr\u00e4sentation des Films am 04.02.2017 in Zusammenarbeit mit dem Kulturb\u00fcro Schmallenberg im Lenneatelier h\u00e4tte\u00a0 das Projekt unmittelbar zur Integration beigetragen.<\/p>\n<p>Mich w\u00fcrde interessieren, ob der Film in anderen Integrationsprojekten gezeigt wird, und wie dann die Reaktion der Fl\u00fcchtlinge (gewesen) ist.<\/p>\n<p>Finden sie sich in dem Film wieder? W\u00e4re spannend zu erfahren.<\/p>\n","protected":false},"excerpt":{"rendered":"<p>Im Rahmen eines Projekts der Jugendkunstschule &#8222;kunsthaus alte m\u00fchle&#8220; haben gefl\u00fcchtete Menschen in Schmallenberg im Winter 2016 \/ 2017 einen Dokumentarfilm \u00fcber Kultur und Gepflogenheiten ihrer neuen Heimat gedreht. Der &hellip; <a href=\"https:\/\/www.schiebener.net\/wordpress\/schmallenberg-in-between-ein-film-von-gefluechteten-menschen-ueber-ihre-neue-heimat\/\" class=\"more-link\"><span class=\"screen-reader-text\">\u201eSchmallenberg: in between &#8211; Ein Film von gefl\u00fcchteten Menschen \u00fcber ihre neue Heimat\u201c <\/span>weiterlesen<\/a><\/p>\n","protected":false},"author":3,"featured_media":0,"comment_status":"open","ping_status":"open","sticky":false,"template":"","format":"standard","meta":{"footnotes":""},"categories":[6658,674,80,32],"tags":[861,6685,1395,858],"class_list":["post-37204","post","type-post","status-publish","format-standard","hentry","category-fluechtlinge","category-kultur","category-lokales","category-medien","tag-fluchtlinge","tag-in-between","tag-integration","tag-schmallenberg"],"_links":{"self":[{"href":"https:\/\/www.schiebener.net\/wordpress\/wp-json\/wp\/v2\/posts\/37204","targetHints":{"allow":["GET"]}}],"collection":[{"href":"https:\/\/www.schiebener.net\/wordpress\/wp-json\/wp\/v2\/posts"}],"about":[{"href":"https:\/\/www.schiebener.net\/wordpress\/wp-json\/wp\/v2\/types\/post"}],"author":[{"embeddable":true,"href":"https:\/\/www.schiebener.net\/wordpress\/wp-json\/wp\/v2\/users\/3"}],"replies":[{"embeddable":true,"href":"https:\/\/www.schiebener.net\/wordpress\/wp-json\/wp\/v2\/comments?post=37204"}],"version-history":[{"count":0,"href":"https:\/\/www.schiebener.net\/wordpress\/wp-json\/wp\/v2\/posts\/37204\/revisions"}],"wp:attachment":[{"href":"https:\/\/www.schiebener.net\/wordpress\/wp-json\/wp\/v2\/media?parent=37204"}],"wp:term":[{"taxonomy":"category","embeddable":true,"href":"https:\/\/www.schiebener.net\/wordpress\/wp-json\/wp\/v2\/categories?post=37204"},{"taxonomy":"post_tag","embeddable":true,"href":"https:\/\/www.schiebener.net\/wordpress\/wp-json\/wp\/v2\/tags?post=37204"}],"curies":[{"name":"wp","href":"https:\/\/api.w.org\/{rel}","templated":true}]}}