{"id":37164,"date":"2017-02-02T21:36:11","date_gmt":"2017-02-02T20:36:11","guid":{"rendered":"http:\/\/www.schiebener.net\/wordpress\/?p=37164"},"modified":"2017-02-02T21:49:40","modified_gmt":"2017-02-02T20:49:40","slug":"als-matthias-kerkhoff-cdu-mal-einen-seitenhieb-gegen-dirk-wiese-spd-austeilte-ich-sag-mal-was-mit-postfaktisch-drin","status":"publish","type":"post","link":"https:\/\/www.schiebener.net\/wordpress\/als-matthias-kerkhoff-cdu-mal-einen-seitenhieb-gegen-dirk-wiese-spd-austeilte-ich-sag-mal-was-mit-postfaktisch-drin\/","title":{"rendered":"Als Matthias Kerkhoff (CDU) mal einen Seitenhieb gegen Dirk Wiese (SPD) austeilte: &#8222;Ich sag&#8216; mal was mit &#8218;postfaktisch&#8216; drin.&#8220;"},"content":{"rendered":"<figure id=\"attachment_37166\" aria-describedby=\"caption-attachment-37166\" style=\"width: 800px\" class=\"wp-caption aligncenter\"><img loading=\"lazy\" decoding=\"async\" class=\"size-full wp-image-37166\" src=\"http:\/\/www.schiebener.net\/wordpress\/wp-content\/uploads\/2017\/02\/Postfaktisch_03_00-WieseDirk201409.jpg\" alt=\"\" width=\"800\" height=\"1202\" srcset=\"https:\/\/www.schiebener.net\/wordpress\/wp-content\/uploads\/2017\/02\/Postfaktisch_03_00-WieseDirk201409.jpg 800w, https:\/\/www.schiebener.net\/wordpress\/wp-content\/uploads\/2017\/02\/Postfaktisch_03_00-WieseDirk201409-200x300.jpg 200w, https:\/\/www.schiebener.net\/wordpress\/wp-content\/uploads\/2017\/02\/Postfaktisch_03_00-WieseDirk201409-768x1154.jpg 768w, https:\/\/www.schiebener.net\/wordpress\/wp-content\/uploads\/2017\/02\/Postfaktisch_03_00-WieseDirk201409-682x1024.jpg 682w\" sizes=\"auto, (max-width: 709px) 85vw, (max-width: 909px) 67vw, (max-width: 984px) 61vw, (max-width: 1362px) 45vw, 600px\" \/><figcaption id=\"caption-attachment-37166\" class=\"wp-caption-text\">\u201eEin Wirtschaftsstaatssekret\u00e4r ohne jemals in der Wirtschaft gearbeitet zu haben. Das ist postfaktisch.\u201c (postfotofaktisch: zoom)<\/figcaption><\/figure>\n<p><strong>Ha, ha! &#8230; auf der Kr\u00f6nungsmesse f\u00fcr den CDU-Bundestagswahlkandidaten Patrick Sensburg hat der CDU-Kreisvorsitzende und Landtagsabgeordnete Matthias Kerkhoff mal so richtig einen rausgehauen.<\/strong><\/p>\n<p>Zumindest, so viel Wahrheit muss sein, wenn ich der &#8222;<a href=\"http:\/\/www.wp.de\/staedte\/altkreis-brilon\/93-prozent-zustimmung-fuer-sensburg-id209461981.html\" target=\"_blank\">Fake-News-Maschine L\u00fcgenpresse&#8220;<\/a> glauben darf.<\/p>\n<p>Also hier die Fakten: Der Zeit seines Lebens <a href=\"https:\/\/de.wikipedia.org\/wiki\/Matthias_Kerkhoff\" target=\"_blank\">hart in der Wirtschaft arbeitende Herr Kerkhoff <\/a>&#8222;entlarvt&#8220; den Bundestagswahlkandidaten Dirk Wiese, welcher gerade auf der politischen Karriereleiter in Berlin ein gro\u00dfes Treppchen h\u00f6her geklettert ist, mit folgender messerscharfer Analyse:<\/p>\n<p><strong>\u201eEin Wirtschaftsstaatssekret\u00e4r ohne jemals in der Wirtschaft gearbeitet zu haben. Das ist postfaktisch.\u201c<\/strong><\/p>\n<p>Mein lieber Herr Kerkhoff, soweit ich das aus dem hohen Hochsauerland beurteilen kann, ist der <a href=\"https:\/\/de.wikipedia.org\/wiki\/Dirk_Wiese\" target=\"_blank\">Berufspolitiker Dirk Wiese<\/a> wirklich, gewisserma\u00dfen faktisch, Wirtschaftsstaatssekret\u00e4r geworden, w\u00e4hrend ihr Berufspolitiker Patrick Sensburg mit 93% zum Bundestagskandidaten der CDU f\u00fcr den Wahlkreis 147 (Hochsauerlandkreis) bestimmt worden ist, ebenfalls faktisch.<\/p>\n<p>Fakt ist auch, dass Matthias Kerkhoff, Berufspolitiker, <a href=\"https:\/\/de.wikipedia.org\/wiki\/Kauderwelsch\" target=\"_blank\">Kauderwelsch<\/a> redet.<\/p>\n<p>Postfaktisch aber ist, dass Herr Kerkhoff den SPD-Kandidaten Dirk Wiese einen wunderbaren, volksnahen Politiker genannt hat und die L\u00fcgenpresse daraus <strong>\u201eEin Wirtschaftsstaatssekret\u00e4r ohne jemals in der Wirtschaft gearbeitet zu haben. Das ist postfaktisch\u201c<\/strong> gemacht hat.<\/p>\n<p><strong>Kleiner Tipp:<\/strong> in den Spiegel schauen und &#8222;<a href=\"https:\/\/de.wikipedia.org\/wiki\/Politik_als_Beruf\" target=\"_blank\">Max Weber, Politik als Beruf<\/a>&#8220; lesen.<\/p>\n<p><a href=\"http:\/\/www.sprachlog.de\/2016\/12\/09\/wort-des-jahres-2016-postfaktisch\/\" target=\"_blank\"><strong>Wort des Jahres 2016:<\/strong> Postfaktisch<\/a><\/p>\n","protected":false},"excerpt":{"rendered":"<p>Ha, ha! &#8230; auf der Kr\u00f6nungsmesse f\u00fcr den CDU-Bundestagswahlkandidaten Patrick Sensburg hat der CDU-Kreisvorsitzende und Landtagsabgeordnete Matthias Kerkhoff mal so richtig einen rausgehauen. Zumindest, so viel Wahrheit muss sein, wenn &hellip; <a href=\"https:\/\/www.schiebener.net\/wordpress\/als-matthias-kerkhoff-cdu-mal-einen-seitenhieb-gegen-dirk-wiese-spd-austeilte-ich-sag-mal-was-mit-postfaktisch-drin\/\" class=\"more-link\"><span class=\"screen-reader-text\">\u201eAls Matthias Kerkhoff (CDU) mal einen Seitenhieb gegen Dirk Wiese (SPD) austeilte: &#8222;Ich sag&#8216; mal was mit &#8218;postfaktisch&#8216; drin.&#8220;\u201c <\/span>weiterlesen<\/a><\/p>\n","protected":false},"author":3,"featured_media":0,"comment_status":"open","ping_status":"open","sticky":false,"template":"","format":"standard","meta":{"footnotes":""},"categories":[24,2241],"tags":[3104,5476,3607,5883],"class_list":["post-37164","post","type-post","status-publish","format-standard","hentry","category-politik","category-sprache","tag-dirk-wiese","tag-matthias-kerkhoff","tag-patrick-sensburg","tag-satire"],"_links":{"self":[{"href":"https:\/\/www.schiebener.net\/wordpress\/wp-json\/wp\/v2\/posts\/37164","targetHints":{"allow":["GET"]}}],"collection":[{"href":"https:\/\/www.schiebener.net\/wordpress\/wp-json\/wp\/v2\/posts"}],"about":[{"href":"https:\/\/www.schiebener.net\/wordpress\/wp-json\/wp\/v2\/types\/post"}],"author":[{"embeddable":true,"href":"https:\/\/www.schiebener.net\/wordpress\/wp-json\/wp\/v2\/users\/3"}],"replies":[{"embeddable":true,"href":"https:\/\/www.schiebener.net\/wordpress\/wp-json\/wp\/v2\/comments?post=37164"}],"version-history":[{"count":0,"href":"https:\/\/www.schiebener.net\/wordpress\/wp-json\/wp\/v2\/posts\/37164\/revisions"}],"wp:attachment":[{"href":"https:\/\/www.schiebener.net\/wordpress\/wp-json\/wp\/v2\/media?parent=37164"}],"wp:term":[{"taxonomy":"category","embeddable":true,"href":"https:\/\/www.schiebener.net\/wordpress\/wp-json\/wp\/v2\/categories?post=37164"},{"taxonomy":"post_tag","embeddable":true,"href":"https:\/\/www.schiebener.net\/wordpress\/wp-json\/wp\/v2\/tags?post=37164"}],"curies":[{"name":"wp","href":"https:\/\/api.w.org\/{rel}","templated":true}]}}