{"id":37150,"date":"2017-02-01T23:15:27","date_gmt":"2017-02-01T22:15:27","guid":{"rendered":"http:\/\/www.schiebener.net\/wordpress\/?p=37150"},"modified":"2017-02-01T23:34:16","modified_gmt":"2017-02-01T22:34:16","slug":"inquisitoren-im-namen-erdogans","status":"publish","type":"post","link":"https:\/\/www.schiebener.net\/wordpress\/inquisitoren-im-namen-erdogans\/","title":{"rendered":"Inquisitoren im Namen Erdogans"},"content":{"rendered":"<h3>DITIB-Imame blockieren unbequeme Lehrer f\u00fcr islamischen Religionsunterricht in NRW<\/h3>\n<hr \/>\n<p><figure id=\"attachment_37153\" aria-describedby=\"caption-attachment-37153\" style=\"width: 1024px\" class=\"wp-caption aligncenter\"><img loading=\"lazy\" decoding=\"async\" class=\"size-full wp-image-37153\" src=\"http:\/\/www.schiebener.net\/wordpress\/wp-content\/uploads\/2017\/02\/lt_MoscheeKoeln.jpg\" alt=\"\" width=\"1024\" height=\"825\" srcset=\"https:\/\/www.schiebener.net\/wordpress\/wp-content\/uploads\/2017\/02\/lt_MoscheeKoeln.jpg 1024w, https:\/\/www.schiebener.net\/wordpress\/wp-content\/uploads\/2017\/02\/lt_MoscheeKoeln-300x242.jpg 300w, https:\/\/www.schiebener.net\/wordpress\/wp-content\/uploads\/2017\/02\/lt_MoscheeKoeln-768x619.jpg 768w\" sizes=\"auto, (max-width: 709px) 85vw, (max-width: 909px) 67vw, (max-width: 1362px) 62vw, 840px\" \/><figcaption id=\"caption-attachment-37153\" class=\"wp-caption-text\">DITIB-Zentralmoschee K\u00f6ln, Fotohinweis: [Cologne Central Mosque, DITIB-Zentralmoschee K\u00f6ln 3](https:\/\/flic.kr\/p\/pKpGGQ) von [Bjarke Liboriussen](https:\/\/www.flickr.com\/photos\/75816597@N07\/) unter [Lizenz CC BY 2.0](https:\/\/creativecommons.org\/licenses\/by\/2.0\/), bearbeitet.<\/figcaption><\/figure><strong>Der umstrittene Moscheeverband DITIB hat entscheidenden Einfluss auf die Auswahl von islamischen Religionslehrern in NRW. Wie problematisch diese Stellung ist, zeigt der Fall eines T\u00fcrkischlehrers aus K\u00f6ln. DITIB-Imame verhinderten seine Zulassung zum Religionslehrer. Via Whatsapp-Gruppe wurde der K\u00f6lner als Mitglied einer angeblichen Terrororganisation denunziert.<\/strong><\/p>\n<p><em><strong>Von H\u00fcseyin Topel (<a href=\"https:\/\/correctiv.org\/blog\/ruhr\/\" target=\"_blank\">CORRECTIV.RUHR<\/a>)<\/strong><\/em><\/p>\n<p>T\u00fcrkischlehrer gibt es an K\u00f6lner Schulen viele. Mustafa Ayirtir ist einer von ihnen. Der 35-J\u00e4hrige unterrichtet seit zwei Jahren Kinder an Grundschulen in K\u00f6ln. Um seine beruflichen Perspektiven zu verbessern, beschloss der bekennende Muslim, den Zertifikatskurs des Schulministeriums f\u00fcr islamischen Religionsunterricht zu besuchen. Mit ca. 1,5 Millionen Muslimen in NRW ist der Bedarf an muslimischen Lehrkr\u00e4ften akut, die Ausbildungsm\u00f6glichkeiten aber begrenzt. Deshalb gibt es seit Februar 2015 erstmals einen staatlichen Zertifikatskurs und einen Beirat f\u00fcr islamischen Religionsunterricht, der vom NRW-Ministerium berufen wurde, um geeigneten Kursteilnehmern schnell und unkompliziert eine Lehrerlaubnis zu erteilen. Soweit jedenfalls die Theorie.<\/p>\n<p>Bevor ein Bewerber aber vor den entscheidenden Beirat treten kann, m\u00fcssen laut der \u201e<a href=\"http:\/\/www.iru-beirat-nrw.de\/dokumente\/LEHRERLAUBNISORDNUNG_01092012.pdf\" target=\"_blank\">Ordnung f\u00fcr die Lehrerlaubnis f\u00fcr den islamischen Religionsunterricht<\/a> (Idschaza)\u201c einige Voraussetzungen erf\u00fcllt sein. Allen voran ein Bekenntnis zum islamischen Glauben. Und die kann nur ein Imam beziehungsweise eine Moscheegemeinde ausstellen. Wie eng hier die Verbindungen nach Ankara sind, haben die j\u00fcngsten Diskussionen um Spionagevorw\u00fcrfe in deutschen Moscheen gezeigt.<\/p>\n<p><strong>Spionage, Hetze, Morddrohungen<\/strong><\/p>\n<p>Beim Moscheeverband DITIB ermittelt derzeit die Bundesanwaltschaft wegen des Verdachts, Berichte \u00fcber Aktivit\u00e4ten der G\u00fclen-Bewegung in ihrer Region verfasst und an die Religionsbeh\u00f6rde nach Ankara geschickt zu haben. Auf den\u00a0Spionage-Listen finden sich\u00a0auch f\u00fcnf Namen von Lehrern staatlicher Schulen in NRW.\u00a0DITIB ist der offizielle Dachverband der rund 900 t\u00fcrkisch-islamischen Vereine in Deutschland und untersteht der Kontrolle des t\u00fcrkischen Pr\u00e4sidenten Recep Tayyip Erdogan. Auch gibt es enge Verbindungen zum staatlichen t\u00fcrkischen Religionsamt Diyanet in Ankara. Wie weit <a href=\"https:\/\/correctiv.org\/blog\/ruhr\/artikel\/2017\/01\/05\/die-uetd-erdogans-integrationsblocker\/\" target=\"_blank\">Erdogans Netzwerk nach Deutschland<\/a> reicht, wie die G\u00fclen-Hetze in Rufmord und Morddrohungen m\u00fcndet, zeigte noch einmal ein\u00a0<a href=\"https:\/\/www.zdf.de\/politik\/frontal-21\/erdogans-langer-arm-in-deutschland-106.html\" target=\"_blank\">Beitrag des ZDF-Magazins Frontal21<\/a>\u00a0von vergangenen Dienstag.<\/p>\n<p><strong>Die Moschee wird zur Sackgasse<\/strong><\/p>\n<p>Erdogans Staatsfeind Nummer eins, der Islam Gelehrte Fethullah G\u00fclen, spielt auch im Fall des K\u00f6lner Lehrers Mustafa Ayirtir eine wichtige Rolle. Auf dem Weg zur Zulassung als islamischer Religionslehrer zog Ayirtir zur n\u00e4chstgelegenen Moscheegemeinde in K\u00f6ln-H\u00fcrth, um den ersten Schritt hinter sich zu bringen und das Glaubensbekenntnis zu bekommen. Eine unerwartete Sackgasse. Ayirtirs Teilnahme am Zertifikatskurs des NRW-Schulministeriums wird durch das Veto des dortigen Imams verhindert. Warum, versteht Ayirtir erst, als ihm Screenshots einer Whatsapp-Gruppe zugespielt werden, in der sich DITIB-Imane aus K\u00f6ln austauschen. Sein Name ist dort zu lesen. Und der G\u00fclens. Ayirtir wird zur sogenannten FET\u00d6 zugerechnet. Er ist geschockt.<\/p>\n<p>Mit FET\u00d6 bezeichnet der t\u00fcrkische Staatspr\u00e4sident Erdogan eine Fethullahistische Terrororganisation und meint damit das Netzwerk des im US-amerikanischen Exil lebenden Fethullah G\u00fclen. Erdogan sieht hinter ihm den Drahtzieher des Putschversuchs vom 15. Juli im vergangenen Jahr, und mehr als die H\u00e4lfte der t\u00fcrkischen Bev\u00f6lkerung schlie\u00dft sich ihrem Staatspr\u00e4sidenten an.<\/p>\n<p><strong>Denunziation via Whatsapp<\/strong><\/p>\n<p>\u201eIch habe mich sofort an den Staatsschutz gewendet\u201c, sagt Mustafa Ayirtir. Der Lehrer leitet die Screenshots des Chatverlaufs an die Beamten weiter. Auch CORRECTIV.RUHR liegen die Screenshots der Whatsapp-Gruppe, \u201eAttach\u00e9 K\u00f6ln\u201c vor, in der \u00fcberwiegend Imame der DITIB miteinander kommunizieren. Der Imam der H\u00fcrther Gemeinde Yusuf D. berichtet dort von seiner Begegnung mit Ayirtir, denunziert ihn auf t\u00fcrkisch als ein FET\u00d6-Mitglied. Deshalb habe er ihm keine Bescheinigung unterschrieben und damit seinen Weg zum Zertifkatskurs der Landesregierung blockiert. Der Imam ruft die anderen Imame zur Wachsamkeit auf, schreibt:<\/p>\n<p>\u201eLiebe Gr\u00fc\u00dfe Kollegen. Ein gewisser Mustafa Ayirtir ist in unsere Moschee gekommen. Er ist T\u00fcrkischlehrer in einer K\u00f6lner Grundschule. Dort will er auch Religionslehrer werden, und daf\u00fcr ben\u00f6tigt er unsere Unterschrift. Nach meinen Recherchen habe ich herausgefunden, dass er zu FET\u00d6 geh\u00f6rt. Zu eurer Information: Ich unterzeichne seine Bescheinigung nicht. Die haben in letzter Zeit diesen Weg eingeschlagen, um hier eingesetzt zu werden. Man muss wachsam sein. Wenn solche Leute zu euch kommen, dann solltet ihr nicht unterschreiben, ohne vorher zu recherchieren.\u201c<\/p>\n<figure id=\"attachment_37151\" aria-describedby=\"caption-attachment-37151\" style=\"width: 538px\" class=\"wp-caption aligncenter\"><a href=\"http:\/\/www.schiebener.net\/wordpress\/wp-content\/uploads\/2017\/02\/Chat01.jpg\"><img loading=\"lazy\" decoding=\"async\" class=\"size-full wp-image-37151\" src=\"http:\/\/www.schiebener.net\/wordpress\/wp-content\/uploads\/2017\/02\/Chat01.jpg\" alt=\"\" width=\"538\" height=\"848\" srcset=\"https:\/\/www.schiebener.net\/wordpress\/wp-content\/uploads\/2017\/02\/Chat01.jpg 538w, https:\/\/www.schiebener.net\/wordpress\/wp-content\/uploads\/2017\/02\/Chat01-190x300.jpg 190w\" sizes=\"auto, (max-width: 538px) 85vw, 538px\" \/><\/a><figcaption id=\"caption-attachment-37151\" class=\"wp-caption-text\">mustafa ayirtir 1-1 (Screenshot, anonyme Quelle)<\/figcaption><\/figure>\n<p>Mit den Vorw\u00fcrfen kann der K\u00f6lner Lehrer nichts anfangen: \u201eIch kenne Fethullah G\u00fclen aus dem Fernsehen und finde das Engagement seiner Bewegung in der Bildungsarbeit gut. Aber ich bin kein Mitglied der Bewegung oder eines Vereins. Ich bin ein an das Schulamt gebundener deutscher Lehrer mit t\u00fcrkischen Wurzeln. Mich als Mitglied einer angeblichen FET\u00d6-Terrororganisation darzustellen ist einfach nur absurd!\u201c.<\/p>\n<p>Der Imam bekommt dennoch Unterst\u00fctzung im Chat. \u201eVielen Dank. Wir m\u00fcssen besonders wachsam sein\u201c \u2013 hei\u00dft es da. \u201eDaumen Hoch\u201c, Wir sind wachsam mein Bester\u201c, \u201eDiese Ehrenlosen\u201c. Ob die Whatsapp-Gruppe \u201eAttach\u00e9 K\u00f6ln\u201c irgendeine Verbindung zum t\u00fcrkischen Konsulat hat, ist unbekannt. Der Einfluss der Religionsattach\u00e9s auf die DITIB-Zentrale und auch auf die Ortsvereine hingegen ist bekannt. Mehrere Attach\u00e9s befinden sich in f\u00fchrender Position im DITIB-Zentralvorstand und veranstalten regelm\u00e4\u00dfig Unterweisungen an Imame und Vorstandsmitglieder der Moscheegemeinden.<\/p>\n<figure id=\"attachment_37152\" aria-describedby=\"caption-attachment-37152\" style=\"width: 537px\" class=\"wp-caption aligncenter\"><a href=\"http:\/\/www.schiebener.net\/wordpress\/wp-content\/uploads\/2017\/02\/Chat02.jpg\"><img loading=\"lazy\" decoding=\"async\" class=\"size-full wp-image-37152\" src=\"http:\/\/www.schiebener.net\/wordpress\/wp-content\/uploads\/2017\/02\/Chat02.jpg\" alt=\"\" width=\"537\" height=\"832\" srcset=\"https:\/\/www.schiebener.net\/wordpress\/wp-content\/uploads\/2017\/02\/Chat02.jpg 537w, https:\/\/www.schiebener.net\/wordpress\/wp-content\/uploads\/2017\/02\/Chat02-194x300.jpg 194w\" sizes=\"auto, (max-width: 537px) 85vw, 537px\" \/><\/a><figcaption id=\"caption-attachment-37152\" class=\"wp-caption-text\">mustafa ayirtir 2-1 (Screenshot, anonyme Quelle)<\/figcaption><\/figure>\n<p>\u201eIch bin noch immer entsetzt\u201c, sagt Mustafa Ayirtir. \u201eAber dennoch: Mir geht es nicht darum, s\u00e4mtliche DITIB-Imame unter einen Generalverdacht zu stellen, oder die DITIB als solches zu beschuldigen. Nichtsdestotrotz muss es Konsequenzen geben.\u201c Ayirtir hat sich sich an die Lehrer-Gewerkschaft GEW gewendet. Zusammen mit ihr will er gegen die Ablehnung vorgehen. Die Gewerkschaft will in den kommenden Tagen offiziell zu der Problematik Stellung nehmen.<\/p>\n<p><strong>Einfluss auf die Lehrerauswahl in NRW<\/strong><\/p>\n<p>Der Fall von Mustafa Ayirtir macht erschreckend deutlich, welche entscheidende Rolle bei der Auswahl von Lehrern in Deutschland DITIB-Imame spielen k\u00f6nnen, welchen Einfluss sie besitzen und auf welche Weise die Ideologie des t\u00fcrkischen Staatspr\u00e4sidenten durch die Hintert\u00fcr Einzug in deutschen Schulen halten kann. Zwar sind Personen wie Mustafa Ayirtir nicht an einzelne Moscheegemeinden gebunden, aber durch die Verbreitung der Denunziation an Vertreter anderer Gemeinden, wird die Teilnahme am Zertifikatskurs erschwert wenn nicht sogar verhindert. Dabei handelt es sich bei dieser Bescheinigung, die eine Moscheegemeinde und ein Imam aush\u00e4ndigen, nur um die formlose Best\u00e4tigung dar\u00fcber, dass die Person auch tats\u00e4chlich ein Muslim ist.<br \/>\nAuf den Fall Ayirtir angesprochen, zeigt sich das NRW-Schulministerium zur\u00fcckhaltend. In einer Antwort auf eine Rechercheanfrage von CORRECTIV.RUHR gab das Ministerium nur an, keine Kenntnis \u00fcber solche Denunziationssysteme der DITIB-Imame zu haben.<\/p>\n<p><strong>Zur\u00fcckhaltung statt Klartext<\/strong><\/p>\n<p>Wie die Zusammenarbeit mit der muslimischen Religionsgemeinschaft in Zukunft aussehen wird, bleibt abzuwarten. Schulministerin Sylvia L\u00f6hrmann (Gr\u00fcne) hatte zuletzt \u201edeutlich gemacht, dass sie aufgrund der Spitzelvorw\u00fcrfe ein klares Signal der Aufkl\u00e4rung von DITIB erwartet\u201c. Statt auf diese Forderung zu reagieren, lotste die Religionsgemeinschaft ausgew\u00e4hlte deutsche Journalisten in die T\u00fcrkei, um ihnen ein <a href=\"http:\/\/www.diyanet.gov.tr\/tr\/icerik\/diyanet-isleri-baskani-gormez-alman-medyasina-konustu\/39434\" target=\"_blank\">Exklusiv-Interview<\/a> mit dem Pr\u00e4sidenten der Diyanet zu verschaffen.\u00a0Dieser zeigte sich mehr als erstaunt, \u201edar\u00fcber, dass unsere Bem\u00fchungen die Menschen in Deutschland und Europa vor der Gefahr der FET\u00d6 zu besch\u00fctzen, als Spitzelt\u00e4tigkeiten aufgefasst werden.\u201c<br \/>\nIm Klartext bedeutet das: Auch der Chef der t\u00fcrkischen Religionsbeh\u00f6rde r\u00e4umt ein, dass einzelne, aus der T\u00fcrkei entsandte\u00a0Imame\u00a0die Bespitzelung als Teil ihrer Aufgabe verstehen.<\/p>\n<p><strong>Klare Konsequenzen ziehen<\/strong><\/p>\n<p>Ministerin L\u00f6hrmann habe nun die DITIB aufgefordert, den Sitz im Beirat bis zur vollst\u00e4ndigen Kl\u00e4rung der Vorw\u00fcrfe ruhen zu lassen. \u201eWenn sich die Spitzelvorw\u00fcrfe best\u00e4tigen, wird die Landesregierung in allen Bereichen klare Konsequenzen ziehen\u201c, teilte ein Sprecher des Schulministeriums auf Anfrage mit. Das w\u00e4re der n\u00e4chste Skandal f\u00fcr die DITIB, nachdem\u00a0das NRW-Innenministerium im Herbst vergangenen Jahres seine Kooperation mit der Religionsgemeinschaft beendet hatte, weil sich die Religionsgemeinschaft nicht von einem Comic distanzieren wollte, das den \u201eM\u00e4rtyrertod verherrlicht\u201c.<\/p>\n<p>Der DITIB-Bundesverband teilte CORRECTIV.RUHR mit, dass er \u00fcber die Whatsapp-Gruppe und auch \u00fcber die dort gef\u00fchrten Diskussionen keine Kenntnis habe.<\/p>\n<p>&#8212;<\/p>\n<p><strong>Hintergrund:<\/strong> <a href=\"https:\/\/correctiv.org\/blog\/ruhr\/artikel\/2017\/01\/05\/die-uetd-erdogans-integrationsblocker\/\" target=\"_blank\">Erdogans Integrationsblocker<\/a>\u00a0(CORRECTIV.RUHR)<\/p>\n<p>&#8212;&#8212;&#8212;&#8212;&#8212;&#8212;&#8212;&#8212;&#8212;&#8212;&#8211;<\/p>\n<p class=\"western\"><em><span style=\"color: #141414;\"><span style=\"font-family: Arial,sans-serif;\"><span style=\"font-size: medium;\"><strong>Fotohinweis:<\/strong> <\/span><\/span><\/span><\/em><\/p>\n<p class=\"western\"><em><span style=\"color: #000000;\"><span style=\"font-family: Arial,sans-serif;\"><span style=\"font-size: medium;\">[<\/span><\/span><\/span><span style=\"color: #19191b;\"><span style=\"font-family: Arial,sans-serif;\"><span style=\"font-size: medium;\">Cologne Central Mosque, DITIB-Zentralmoschee K\u00f6ln 3<\/span><\/span><\/span><span style=\"color: #000000;\"><span style=\"font-family: Arial,sans-serif;\"><span style=\"font-size: medium;\">](<\/span><\/span><\/span><span style=\"color: #386eff;\"><span style=\"font-family: Arial,sans-serif;\"><span style=\"font-size: medium;\"><u>https:\/\/flic.kr\/p\/pKpGGQ<\/u><\/span><\/span><\/span><span style=\"color: #000000;\"><span style=\"font-family: Arial,sans-serif;\"><span style=\"font-size: medium;\">) <\/span><\/span><\/span><span style=\"color: #000000;\"><span style=\"font-family: Arial,sans-serif;\"><span style=\"font-size: medium;\">von [<\/span><\/span><\/span><span style=\"color: #000000;\"><span style=\"font-family: Arial,sans-serif;\"><span style=\"font-size: medium;\">Bjarke Liboriussen<\/span><\/span><\/span><span style=\"color: #000000;\"><span style=\"font-family: Arial,sans-serif;\"><span style=\"font-size: medium;\">]<\/span><\/span><\/span><span style=\"color: #000000;\"><span style=\"font-family: Arial,sans-serif;\"><span style=\"font-size: medium;\">(<\/span><\/span><\/span><span style=\"color: #386eff;\"><span style=\"font-family: Arial,sans-serif;\"><span style=\"font-size: medium;\"><u>https:\/\/www.flickr.com\/photos\/75816597@N07\/<\/u><\/span><\/span><\/span><span style=\"color: #000000;\"><span style=\"font-family: Arial,sans-serif;\"><span style=\"font-size: medium;\">) unter [Lizenz CC BY 2.0](<\/span><\/span><\/span><span style=\"color: #000080;\"><span lang=\"zxx\"><u><a href=\"https:\/\/creativecommons.org\/licenses\/by\/2.0\/\"><span style=\"color: #386eff;\"><span style=\"font-family: Arial,sans-serif;\"><span style=\"font-size: medium;\">https:\/\/creativecommons.org\/licenses\/by\/2.0\/<\/span><\/span><\/span><\/a><\/u><\/span><\/span><span style=\"color: #000000;\"><span style=\"font-family: Arial,sans-serif;\"><span style=\"font-size: medium;\">) Das Foto wurde von mir leicht bearbeitet: Perspektivische Verzerrungen ausgleichen und R\u00e4nder beschneiden.<br \/>\n<\/span><\/span><\/span><\/em><\/p>\n<p>&#8212;&#8212;&#8212;&#8212;&#8212;&#8212;&#8212;&#8212;&#8212;&#8212;&#8212;<\/p>\n<p><em>Der Autor ist Reporter bei CORRECTIV.RUHR. Die Redaktion finanziert sich ausschlie\u00dflich \u00fcber Spenden und Mitgliedsbeitr\u00e4ge. Ihr Anspruch: Missst\u00e4nde aufdecken und unvoreingenommen dar\u00fcber berichten. Wenn Sie CORRECTIV.RUHR unterst\u00fctzen m\u00f6chten, werden Sie F\u00f6rdermitglied des Recherchenzentrums correctiv.org. Informationen finden Sie unter <a href=\"http:\/\/correctiv.us12.list-manage.com\/track\/click?u=74b23e1b0af8c36eb217e01c1&amp;id=11cdc94388&amp;e=b6a456296f\" target=\"_blank\">correctiv.org<\/a><\/em><\/p>\n","protected":false},"excerpt":{"rendered":"<p>DITIB-Imame blockieren unbequeme Lehrer f\u00fcr islamischen Religionsunterricht in NRW Der umstrittene Moscheeverband DITIB hat entscheidenden Einfluss auf die Auswahl von islamischen Religionslehrern in NRW. Wie problematisch diese Stellung ist, zeigt &hellip; <a href=\"https:\/\/www.schiebener.net\/wordpress\/inquisitoren-im-namen-erdogans\/\" class=\"more-link\"><span class=\"screen-reader-text\">\u201eInquisitoren im Namen Erdogans\u201c <\/span>weiterlesen<\/a><\/p>\n","protected":false},"author":61,"featured_media":0,"comment_status":"open","ping_status":"open","sticky":false,"template":"","format":"standard","meta":{"footnotes":""},"categories":[3,674,32,6413,49],"tags":[6674,6673,6675,6676],"class_list":["post-37150","post","type-post","status-publish","format-standard","hentry","category-bildung-und-schule","category-kultur","category-medien","category-nrw","category-religion","tag-ditib-imame","tag-ditib-zentralmoschee-koeln","tag-religionslehrer","tag-tuerkischlehrer"],"_links":{"self":[{"href":"https:\/\/www.schiebener.net\/wordpress\/wp-json\/wp\/v2\/posts\/37150","targetHints":{"allow":["GET"]}}],"collection":[{"href":"https:\/\/www.schiebener.net\/wordpress\/wp-json\/wp\/v2\/posts"}],"about":[{"href":"https:\/\/www.schiebener.net\/wordpress\/wp-json\/wp\/v2\/types\/post"}],"author":[{"embeddable":true,"href":"https:\/\/www.schiebener.net\/wordpress\/wp-json\/wp\/v2\/users\/61"}],"replies":[{"embeddable":true,"href":"https:\/\/www.schiebener.net\/wordpress\/wp-json\/wp\/v2\/comments?post=37150"}],"version-history":[{"count":0,"href":"https:\/\/www.schiebener.net\/wordpress\/wp-json\/wp\/v2\/posts\/37150\/revisions"}],"wp:attachment":[{"href":"https:\/\/www.schiebener.net\/wordpress\/wp-json\/wp\/v2\/media?parent=37150"}],"wp:term":[{"taxonomy":"category","embeddable":true,"href":"https:\/\/www.schiebener.net\/wordpress\/wp-json\/wp\/v2\/categories?post=37150"},{"taxonomy":"post_tag","embeddable":true,"href":"https:\/\/www.schiebener.net\/wordpress\/wp-json\/wp\/v2\/tags?post=37150"}],"curies":[{"name":"wp","href":"https:\/\/api.w.org\/{rel}","templated":true}]}}