{"id":37077,"date":"2017-01-25T21:40:15","date_gmt":"2017-01-25T20:40:15","guid":{"rendered":"http:\/\/www.schiebener.net\/wordpress\/?p=37077"},"modified":"2017-01-25T21:40:15","modified_gmt":"2017-01-25T20:40:15","slug":"pressemitteilung-laendliche-raeume-jetzt-auch-digital-unter-die-lupe-nehmen-interaktiver-landatlas-ist-da","status":"publish","type":"post","link":"https:\/\/www.schiebener.net\/wordpress\/pressemitteilung-laendliche-raeume-jetzt-auch-digital-unter-die-lupe-nehmen-interaktiver-landatlas-ist-da\/","title":{"rendered":"Pressemitteilung: L\u00e4ndliche R\u00e4ume jetzt auch digital unter die Lupe nehmen \u2013 interaktiver Landatlas ist da"},"content":{"rendered":"<figure id=\"attachment_37078\" aria-describedby=\"caption-attachment-37078\" style=\"width: 701px\" class=\"wp-caption aligncenter\"><a href=\"http:\/\/www.schiebener.net\/wordpress\/wp-content\/uploads\/2017\/01\/dirk-wiese-landwirtschaftliche-tour-2015.jpg\" target=\"_blank\"><img loading=\"lazy\" decoding=\"async\" class=\" wp-image-37078\" src=\"http:\/\/www.schiebener.net\/wordpress\/wp-content\/uploads\/2017\/01\/dirk-wiese-landwirtschaftliche-tour-2015.jpg\" alt=\"\" width=\"701\" height=\"325\" srcset=\"https:\/\/www.schiebener.net\/wordpress\/wp-content\/uploads\/2017\/01\/dirk-wiese-landwirtschaftliche-tour-2015.jpg 1024w, https:\/\/www.schiebener.net\/wordpress\/wp-content\/uploads\/2017\/01\/dirk-wiese-landwirtschaftliche-tour-2015-300x139.jpg 300w, https:\/\/www.schiebener.net\/wordpress\/wp-content\/uploads\/2017\/01\/dirk-wiese-landwirtschaftliche-tour-2015-768x356.jpg 768w\" sizes=\"auto, (max-width: 709px) 85vw, (max-width: 909px) 67vw, (max-width: 984px) 61vw, (max-width: 1362px) 45vw, 600px\" \/><\/a><figcaption id=\"caption-attachment-37078\" class=\"wp-caption-text\">Dirk Wiese auf seiner Landwirtschaftstour 2015. (foto: spd)<\/figcaption><\/figure>\n<p><strong>Berlin. (spd_pm) Etwa 90 Prozent der Fl\u00e4che Deutschlands sind l\u00e4ndlich gepr\u00e4gt und mehr als die H\u00e4lfte der Bev\u00f6lkerung lebt auf dem Land. Auch das Sauerland ist l\u00e4ndlich gepr\u00e4gt, wirtschaftlich stark und \u00e4u\u00dferst vielf\u00e4ltig. <\/strong><\/p>\n<p>Das Th\u00fcnen-Institut hat im Auftrag des Bundeslandwirtschaftsministeriums einen Landatlas online gestellt, der l\u00e4ndliche Regionen unter die Lupe nimmt (<a href=\"http:\/\/www.landatlas.de\" target=\"_blank\">http:\/\/www.landatlas.de<\/a>). Dieses interaktive Kartenwerk bietet Informationen zu verschiedene Lebenssituationen in l\u00e4ndlichen Regionen auf einen Blick.<\/p>\n<p>\u201eMit dem Landatlas besteht jetzt die M\u00f6glichkeit, sich ein genaueres Bild \u00fcber Fragen der demografischen und sozialen Situation, die Erreichbarkeit von Nahversorgern, \u00fcber Wohnungs- und Arbeitsm\u00e4rkte, die Wirtschaftsentwicklung oder die Landnutzung zu verschaffen- von meiner Heimatregion, dem Hochsauerland, bis zum bundesweiten Vergleich\u201c, so der heimische Bundestagsabgeordnete Wiese in seiner Presssemitteeilung.<\/p>\n<p>In welchen Regionen Deutschlands ist der Anteil der Schulabg\u00e4nger ohne Abschluss besonders hoch? Wo befinden sich die wissensintensiven Industrien? Wie steht es um die \u00e4rztliche Versorgung, die Apothekendichte oder die Erreichbarkeit von Tankstellen und Lebensmittell\u00e4den?<\/p>\n<p>Fragen dieser Art beantwortet der Landatlas auch f\u00fcr den Hochsauerlandkreis. Interaktive Karten im Landatlas geben detailliert Auskunft \u00fcber die Lage in Gemeinden und Landkreisen.<\/p>\n","protected":false},"excerpt":{"rendered":"<p>Berlin. (spd_pm) Etwa 90 Prozent der Fl\u00e4che Deutschlands sind l\u00e4ndlich gepr\u00e4gt und mehr als die H\u00e4lfte der Bev\u00f6lkerung lebt auf dem Land. Auch das Sauerland ist l\u00e4ndlich gepr\u00e4gt, wirtschaftlich stark &hellip; <a href=\"https:\/\/www.schiebener.net\/wordpress\/pressemitteilung-laendliche-raeume-jetzt-auch-digital-unter-die-lupe-nehmen-interaktiver-landatlas-ist-da\/\" class=\"more-link\"><span class=\"screen-reader-text\">\u201ePressemitteilung: L\u00e4ndliche R\u00e4ume jetzt auch digital unter die Lupe nehmen \u2013 interaktiver Landatlas ist da\u201c <\/span>weiterlesen<\/a><\/p>\n","protected":false},"author":17,"featured_media":0,"comment_status":"open","ping_status":"open","sticky":false,"template":"","format":"standard","meta":{"footnotes":""},"categories":[303,80,32,1043,4761,549,1208],"tags":[6655,3104,6654,655,455],"class_list":["post-37077","post","type-post","status-publish","format-standard","hentry","category-in-unserem-briefkasten","category-lokales","category-medien","category-pressemitteilungen","category-soziales","category-umwelt","category-wirtschaft","tag-bundeslandwirtschaftsministerium","tag-dirk-wiese","tag-landatlas","tag-pressemitteilung","tag-sauerland"],"_links":{"self":[{"href":"https:\/\/www.schiebener.net\/wordpress\/wp-json\/wp\/v2\/posts\/37077","targetHints":{"allow":["GET"]}}],"collection":[{"href":"https:\/\/www.schiebener.net\/wordpress\/wp-json\/wp\/v2\/posts"}],"about":[{"href":"https:\/\/www.schiebener.net\/wordpress\/wp-json\/wp\/v2\/types\/post"}],"author":[{"embeddable":true,"href":"https:\/\/www.schiebener.net\/wordpress\/wp-json\/wp\/v2\/users\/17"}],"replies":[{"embeddable":true,"href":"https:\/\/www.schiebener.net\/wordpress\/wp-json\/wp\/v2\/comments?post=37077"}],"version-history":[{"count":0,"href":"https:\/\/www.schiebener.net\/wordpress\/wp-json\/wp\/v2\/posts\/37077\/revisions"}],"wp:attachment":[{"href":"https:\/\/www.schiebener.net\/wordpress\/wp-json\/wp\/v2\/media?parent=37077"}],"wp:term":[{"taxonomy":"category","embeddable":true,"href":"https:\/\/www.schiebener.net\/wordpress\/wp-json\/wp\/v2\/categories?post=37077"},{"taxonomy":"post_tag","embeddable":true,"href":"https:\/\/www.schiebener.net\/wordpress\/wp-json\/wp\/v2\/tags?post=37077"}],"curies":[{"name":"wp","href":"https:\/\/api.w.org\/{rel}","templated":true}]}}