{"id":37052,"date":"2017-01-23T21:54:34","date_gmt":"2017-01-23T20:54:34","guid":{"rendered":"http:\/\/www.schiebener.net\/wordpress\/?p=37052"},"modified":"2021-12-18T11:46:19","modified_gmt":"2021-12-18T10:46:19","slug":"cdu-hochburg-hallenberg-ausgewaehlt-ein-lokales-happening","status":"publish","type":"post","link":"https:\/\/www.schiebener.net\/wordpress\/cdu-hochburg-hallenberg-ausgewaehlt-ein-lokales-happening\/","title":{"rendered":"CDU-Hochburg Hallenberg: &#8222;Ausgew\u00e4hlt&#8220; &#8211; ein lokales Happening."},"content":{"rendered":"<figure id=\"attachment_37053\" aria-describedby=\"caption-attachment-37053\" style=\"width: 700px\" class=\"wp-caption aligncenter\"><a href=\"http:\/\/www.schiebener.net\/wordpress\/wp-content\/uploads\/2017\/01\/ausgewaehlt2017012201.jpg\" target=\"_blank\" rel=\"noopener\"><img loading=\"lazy\" decoding=\"async\" class=\" wp-image-37053\" src=\"http:\/\/www.schiebener.net\/wordpress\/wp-content\/uploads\/2017\/01\/ausgewaehlt2017012201.jpg\" alt=\"\" width=\"700\" height=\"538\" srcset=\"https:\/\/www.schiebener.net\/wordpress\/wp-content\/uploads\/2017\/01\/ausgewaehlt2017012201.jpg 1024w, https:\/\/www.schiebener.net\/wordpress\/wp-content\/uploads\/2017\/01\/ausgewaehlt2017012201-300x231.jpg 300w, https:\/\/www.schiebener.net\/wordpress\/wp-content\/uploads\/2017\/01\/ausgewaehlt2017012201-768x591.jpg 768w\" sizes=\"auto, (max-width: 709px) 85vw, (max-width: 909px) 67vw, (max-width: 984px) 61vw, (max-width: 1362px) 45vw, 600px\" \/><\/a><figcaption id=\"caption-attachment-37053\" class=\"wp-caption-text\">Von links: K\u00fcnstlerin Marlit Peikert &#8222;mit Motiv&#8220; und dann die Politik (Michael Schult, SPD und Michael Kronauge, CDU). (fotos: zoom)<\/figcaption><\/figure>\n<p><strong>Wegen des Ski-Tourismus, elende Staus in Winterberg,\u00a0 kamen wir am Sonntag zu sp\u00e4t zur Ausstellungser\u00f6ffnung von Marlit Peikerts &#8222;Ausgew\u00e4hlt&#8220; in Hallenberg. Ich konnte gerade noch die letzten Worte von B\u00fcrgermeister Michael Kronauge h\u00f6ren, dann verstreute sich die Menge \u00fcber die drei Etagen des letzten Rathauses vor der Grenze zu Hessen.<\/strong><\/p>\n<p>&#8222;Verr\u00fcckt war\u00a0ihr Malgrund&#8220;, so B\u00fcrgermeister Kronauge. &#8222;Sie hat nicht etwa auf eine wei\u00dfe Leinwand gemalt, sondern auf alte, ausgediente Wahlplakate. Ein Friedrich Merz ist zu sehen, ein G\u00fcnter Langen, ein J\u00fcrgen R\u00fcttgers und sogar alte Plakate von mir &#8211; rank und schlank und mit fast vollem Haar.&#8220;<\/p>\n<figure id=\"attachment_37054\" aria-describedby=\"caption-attachment-37054\" style=\"width: 700px\" class=\"wp-caption aligncenter\"><a href=\"http:\/\/www.schiebener.net\/wordpress\/wp-content\/uploads\/2017\/01\/ausgewaehlt2017012207.jpg\"><img loading=\"lazy\" decoding=\"async\" class=\" wp-image-37054\" src=\"http:\/\/www.schiebener.net\/wordpress\/wp-content\/uploads\/2017\/01\/ausgewaehlt2017012207.jpg\" alt=\"\" width=\"700\" height=\"478\" srcset=\"https:\/\/www.schiebener.net\/wordpress\/wp-content\/uploads\/2017\/01\/ausgewaehlt2017012207.jpg 1024w, https:\/\/www.schiebener.net\/wordpress\/wp-content\/uploads\/2017\/01\/ausgewaehlt2017012207-300x205.jpg 300w, https:\/\/www.schiebener.net\/wordpress\/wp-content\/uploads\/2017\/01\/ausgewaehlt2017012207-768x524.jpg 768w\" sizes=\"auto, (max-width: 709px) 85vw, (max-width: 909px) 67vw, (max-width: 984px) 61vw, (max-width: 1362px) 45vw, 600px\" \/><\/a><figcaption id=\"caption-attachment-37054\" class=\"wp-caption-text\">Wer erkennt wen? Zwei \u00fcbermalte CDU-Wahlplakate.<\/figcaption><\/figure>\n<p>Marlit Peikert lebt und arbeitet in Battenberg-Frohnhausen. Sie hat schon in den vergangenen Jahren in Hallenberg ausgestellt, daher die Beziehung zum Rathaus.<\/p>\n<p>F\u00fcr das Projekt &#8222;Ausgew\u00e4hlt&#8220; hat sie alte Hallenberger Wahlplakate zur Bearbeitung bekommen. Auf diese Plakate hat die K\u00fcnstlerin Rathausmitarbeiterinnen und Mitarbeiter sowie Lokalpolitiker gemalt.<\/p>\n<p>Alles Leute, so der B\u00fcrgermeister, &#8222;die den lokalen und politischen Job vor Ort machen.&#8220;<\/p>\n<figure id=\"attachment_37055\" aria-describedby=\"caption-attachment-37055\" style=\"width: 701px\" class=\"wp-caption aligncenter\"><a href=\"http:\/\/www.schiebener.net\/wordpress\/wp-content\/uploads\/2017\/01\/ausgewaehlt2017012202.jpg\" target=\"_blank\" rel=\"noopener\"><img loading=\"lazy\" decoding=\"async\" class=\" wp-image-37055\" src=\"http:\/\/www.schiebener.net\/wordpress\/wp-content\/uploads\/2017\/01\/ausgewaehlt2017012202.jpg\" alt=\"\" width=\"701\" height=\"467\" srcset=\"https:\/\/www.schiebener.net\/wordpress\/wp-content\/uploads\/2017\/01\/ausgewaehlt2017012202.jpg 1024w, https:\/\/www.schiebener.net\/wordpress\/wp-content\/uploads\/2017\/01\/ausgewaehlt2017012202-300x200.jpg 300w, https:\/\/www.schiebener.net\/wordpress\/wp-content\/uploads\/2017\/01\/ausgewaehlt2017012202-768x512.jpg 768w\" sizes=\"auto, (max-width: 709px) 85vw, (max-width: 909px) 67vw, (max-width: 984px) 61vw, (max-width: 1362px) 45vw, 600px\" \/><\/a><figcaption id=\"caption-attachment-37055\" class=\"wp-caption-text\">Small Talk nach der Er\u00f6ffungsrede des B\u00fcrgermeisters.<\/figcaption><\/figure>\n<p>Mich hat schon <a href=\"http:\/\/www.schiebener.net\/wordpress\/hallenberg-kunst-im-rathaus-ausgewaehlt-am-kommenden-sonntag-um-11-30-uhr\/\" target=\"_blank\" rel=\"noopener\">bei der Pressemitteilung hier im Blog<\/a> verwundert, dass es sich bei den Plakaten fast ausschlie\u00dflich um CDU-Material handelte. Ich war mir nicht so sicher, was ich davon halten sollte.<\/p>\n<p>Es sei, so Michael Kronauge, gar nicht so einfach gewesen, alte Plakate finden.<\/p>\n<p>&#8222;Die CDU hatte sie alle noch auf Sperrholzplatten im Keller stehen, bei der SPD und der BfA[B\u00fcrger f\u00fcr Hallenberg] waren auch nach Bem\u00fchung der \u00f6rtlichen Fraktionsvorsitzenden keine Plakate mehr zu bekommen.&#8220;<\/p>\n<p>Die vielen CDU-Plakate also nur ein Zufall.<\/p>\n<figure id=\"attachment_50846\" aria-describedby=\"caption-attachment-50846\" style=\"width: 728px\" class=\"wp-caption aligncenter\"><a href=\"https:\/\/www.schiebener.net\/wordpress\/wp-content\/uploads\/2017\/01\/ausgewaehlt2017012203.jpg\" target=\"_blank\" rel=\"noopener\"><img loading=\"lazy\" decoding=\"async\" class=\"wp-image-50846 size-large\" src=\"https:\/\/www.schiebener.net\/wordpress\/wp-content\/uploads\/2017\/01\/ausgewaehlt2017012203-728x1024.jpg\" alt=\"\" width=\"728\" height=\"1024\" srcset=\"https:\/\/www.schiebener.net\/wordpress\/wp-content\/uploads\/2017\/01\/ausgewaehlt2017012203-728x1024.jpg 728w, https:\/\/www.schiebener.net\/wordpress\/wp-content\/uploads\/2017\/01\/ausgewaehlt2017012203-213x300.jpg 213w, https:\/\/www.schiebener.net\/wordpress\/wp-content\/uploads\/2017\/01\/ausgewaehlt2017012203-768x1080.jpg 768w, https:\/\/www.schiebener.net\/wordpress\/wp-content\/uploads\/2017\/01\/ausgewaehlt2017012203.jpg 1024w\" sizes=\"auto, (max-width: 709px) 85vw, (max-width: 909px) 67vw, (max-width: 984px) 61vw, (max-width: 1362px) 45vw, 600px\" \/><\/a><figcaption id=\"caption-attachment-50846\" class=\"wp-caption-text\">Als ich dieses Plakat betrachtete, sah ich eine Quelle der AfD: Angst- und Panikmache.<\/figcaption><\/figure>\n<p>Als ich das oben abgebildete Plakat sah, \u00fcberlegte ich, ob ich selbst gerne auf einem Kunstwerk abgebildet sein m\u00f6chte, welches mich mit einer politischen Aussage verbindet, deren Wirkung man heute in ihrer vollen Wucht erlebt.<\/p>\n<p>Am Sonntag war dies aber nicht die Frage, das Hallenberger Rathaus glich eine gro\u00dfen Familientreffen. Viele aus dem Ort und Umland waren gekommen, um zu sehen, welche Bekannten auf den Plakaten dargestellt waren.<\/p>\n<p>&#8222;Ist das nicht der?&#8220; &#8222;Ist das nicht die?&#8220; waren die am meisten gestellten Fragen. Ich selbst bin sicher, dass ich spontan zwei vorbei gehende Mitarbeiterinnen erkannt hatte, die auch auf den Plakaten zu sehen waren.<\/p>\n<figure id=\"attachment_37057\" aria-describedby=\"caption-attachment-37057\" style=\"width: 700px\" class=\"wp-caption aligncenter\"><a href=\"http:\/\/www.schiebener.net\/wordpress\/wp-content\/uploads\/2017\/01\/ausgewaehlt2017012206.jpg\"><img loading=\"lazy\" decoding=\"async\" class=\" wp-image-37057\" src=\"http:\/\/www.schiebener.net\/wordpress\/wp-content\/uploads\/2017\/01\/ausgewaehlt2017012206.jpg\" alt=\"\" width=\"700\" height=\"1050\" srcset=\"https:\/\/www.schiebener.net\/wordpress\/wp-content\/uploads\/2017\/01\/ausgewaehlt2017012206.jpg 1024w, https:\/\/www.schiebener.net\/wordpress\/wp-content\/uploads\/2017\/01\/ausgewaehlt2017012206-200x300.jpg 200w, https:\/\/www.schiebener.net\/wordpress\/wp-content\/uploads\/2017\/01\/ausgewaehlt2017012206-768x1152.jpg 768w, https:\/\/www.schiebener.net\/wordpress\/wp-content\/uploads\/2017\/01\/ausgewaehlt2017012206-683x1024.jpg 683w\" sizes=\"auto, (max-width: 709px) 85vw, (max-width: 909px) 67vw, (max-width: 984px) 61vw, (max-width: 1362px) 45vw, 600px\" \/><\/a><figcaption id=\"caption-attachment-37057\" class=\"wp-caption-text\">\u00dcber die schwarzen Balken muss ich nachdenken.<\/figcaption><\/figure>\n<p>Im Gespr\u00e4ch beschrieb Marlit Peikert, wie sie mit Staffel, Plakat und Farben in den B\u00fcros der Mitarbeiter, ganz eng arbeitend, die Zeichnungen und Farben auftrug.\u00a0 Einige Bilder seien vor Ort fertig geworden, andere h\u00e4tte sie in ihrem Atelier weiter bearbeitet und gestaltet. Zwei bis drei Portraits w\u00e4ren so pro Arbeitstag entstanden.<\/p>\n<figure id=\"attachment_37058\" aria-describedby=\"caption-attachment-37058\" style=\"width: 701px\" class=\"wp-caption aligncenter\"><a href=\"http:\/\/www.schiebener.net\/wordpress\/wp-content\/uploads\/2017\/01\/ausgewaehlt2017012205.jpg\"><img loading=\"lazy\" decoding=\"async\" class=\" wp-image-37058\" src=\"http:\/\/www.schiebener.net\/wordpress\/wp-content\/uploads\/2017\/01\/ausgewaehlt2017012205.jpg\" alt=\"\" width=\"701\" height=\"1052\" srcset=\"https:\/\/www.schiebener.net\/wordpress\/wp-content\/uploads\/2017\/01\/ausgewaehlt2017012205.jpg 1024w, https:\/\/www.schiebener.net\/wordpress\/wp-content\/uploads\/2017\/01\/ausgewaehlt2017012205-200x300.jpg 200w, https:\/\/www.schiebener.net\/wordpress\/wp-content\/uploads\/2017\/01\/ausgewaehlt2017012205-768x1152.jpg 768w, https:\/\/www.schiebener.net\/wordpress\/wp-content\/uploads\/2017\/01\/ausgewaehlt2017012205-683x1024.jpg 683w\" sizes=\"auto, (max-width: 709px) 85vw, (max-width: 909px) 67vw, (max-width: 984px) 61vw, (max-width: 1362px) 45vw, 600px\" \/><\/a><figcaption id=\"caption-attachment-37058\" class=\"wp-caption-text\">Kein schlechter Platz: Die &#8222;B\u00fcrgermeister Michael Kronauge Ecke&#8220;<\/figcaption><\/figure>\n<p>Der B\u00fcrgermeister habe sie, so die K\u00fcnstlerin, in Ruhe arbeiten lassen. Keine Anweisungen, keine Vorschl\u00e4ge. Sie sei v\u00f6llig frei gewesen.<\/p>\n<figure id=\"attachment_37059\" aria-describedby=\"caption-attachment-37059\" style=\"width: 701px\" class=\"wp-caption aligncenter\"><a href=\"http:\/\/www.schiebener.net\/wordpress\/wp-content\/uploads\/2017\/01\/ausgewaehlt2017012204.jpg\"><img loading=\"lazy\" decoding=\"async\" class=\" wp-image-37059\" src=\"http:\/\/www.schiebener.net\/wordpress\/wp-content\/uploads\/2017\/01\/ausgewaehlt2017012204.jpg\" alt=\"\" width=\"701\" height=\"1052\" srcset=\"https:\/\/www.schiebener.net\/wordpress\/wp-content\/uploads\/2017\/01\/ausgewaehlt2017012204.jpg 1024w, https:\/\/www.schiebener.net\/wordpress\/wp-content\/uploads\/2017\/01\/ausgewaehlt2017012204-200x300.jpg 200w, https:\/\/www.schiebener.net\/wordpress\/wp-content\/uploads\/2017\/01\/ausgewaehlt2017012204-768x1152.jpg 768w, https:\/\/www.schiebener.net\/wordpress\/wp-content\/uploads\/2017\/01\/ausgewaehlt2017012204-683x1024.jpg 683w\" sizes=\"auto, (max-width: 709px) 85vw, (max-width: 909px) 67vw, (max-width: 984px) 61vw, (max-width: 1362px) 45vw, 600px\" \/><\/a><figcaption id=\"caption-attachment-37059\" class=\"wp-caption-text\">Merz und R\u00fcttgers, aber wer ist dazwischen? Der Neue?<\/figcaption><\/figure>\n<p>Offene Widerspr\u00fcche zeige sie nicht und auch keine politischen Aussagen, aber das ein oder andere Detail w\u00fcrde man schon entdecken. Hinschauen solle ich.<\/p>\n<figure id=\"attachment_37060\" aria-describedby=\"caption-attachment-37060\" style=\"width: 700px\" class=\"wp-caption aligncenter\"><a href=\"http:\/\/www.schiebener.net\/wordpress\/wp-content\/uploads\/2017\/01\/ausgewaehlt2017012208.jpg\"><img loading=\"lazy\" decoding=\"async\" class=\" wp-image-37060\" src=\"http:\/\/www.schiebener.net\/wordpress\/wp-content\/uploads\/2017\/01\/ausgewaehlt2017012208.jpg\" alt=\"\" width=\"700\" height=\"721\" srcset=\"https:\/\/www.schiebener.net\/wordpress\/wp-content\/uploads\/2017\/01\/ausgewaehlt2017012208.jpg 1024w, https:\/\/www.schiebener.net\/wordpress\/wp-content\/uploads\/2017\/01\/ausgewaehlt2017012208-291x300.jpg 291w, https:\/\/www.schiebener.net\/wordpress\/wp-content\/uploads\/2017\/01\/ausgewaehlt2017012208-768x791.jpg 768w, https:\/\/www.schiebener.net\/wordpress\/wp-content\/uploads\/2017\/01\/ausgewaehlt2017012208-994x1024.jpg 994w\" sizes=\"auto, (max-width: 709px) 85vw, (max-width: 909px) 67vw, (max-width: 984px) 61vw, (max-width: 1362px) 45vw, 600px\" \/><\/a><figcaption id=\"caption-attachment-37060\" class=\"wp-caption-text\">Am Rande der Austellung. Das Hallenberger Rathaus hat viele Perspektiven.<\/figcaption><\/figure>\n<p>Da mir selbst der pers\u00f6nliche Bezug zu den abgebildeten Menschen fehlt, hatte ich nicht das &#8222;Ah! und Oh!&#8220;-Erlebnis anderer Besucherinnen und Besucher.<\/p>\n<p>Ich bin kein &#8222;gelernter Kunstkritiker&#8220; und brauche manchmal l\u00e4nger, um Kunst zu kapieren.<\/p>\n<p>Wenn ich das n\u00e4chste Mal in Hallenberg bin, werde ich auf jeden Fall ins Rathaus gehen.<\/p>\n<p><strong>Zu sehen ist die Ausstellung von Marlit Peikert:<\/strong> montags von 8.30 bis 12 sowie von 14 bis 17.30 Uhr; dienstags bis donnerstags von 8.30 bis 12 und von 14 bis 15.30 Uhr; freitags von 8.30 bis 12 Uhr.<\/p>\n<p>P.S. Wenn jemand wei\u00df, wer die abgebildeten Personen sind, bitte Bescheid sagen.<\/p>\n<p>P.P.S. Rita Maurer, die f\u00fcr die Westfalenpost berichtet hat, kennt als Einheimische jeden und jede. <a href=\"http:\/\/www.wp.de\/staedte\/altkreis-brilon\/rathaus-hallenberg-durch-das-auge-einer-malerin-gesehen-id209359705.html\" target=\"_blank\" rel=\"noopener\">Ihren Bericht<\/a> kann ich nur empfehlen.<\/p>\n","protected":false},"excerpt":{"rendered":"<p>Wegen des Ski-Tourismus, elende Staus in Winterberg,\u00a0 kamen wir am Sonntag zu sp\u00e4t zur Ausstellungser\u00f6ffnung von Marlit Peikerts &#8222;Ausgew\u00e4hlt&#8220; in Hallenberg. Ich konnte gerade noch die letzten Worte von B\u00fcrgermeister &hellip; <a href=\"https:\/\/www.schiebener.net\/wordpress\/cdu-hochburg-hallenberg-ausgewaehlt-ein-lokales-happening\/\" class=\"more-link\"><span class=\"screen-reader-text\">\u201eCDU-Hochburg Hallenberg: &#8222;Ausgew\u00e4hlt&#8220; &#8211; ein lokales Happening.\u201c <\/span>weiterlesen<\/a><\/p>\n","protected":false},"author":3,"featured_media":0,"comment_status":"open","ping_status":"open","sticky":false,"template":"","format":"standard","meta":{"footnotes":""},"categories":[674,854,80,24],"tags":[6648,6206,6653,6647],"class_list":["post-37052","post","type-post","status-publish","format-standard","hentry","category-kultur","category-kunst","category-lokales","category-politik","tag-ausgewaehlt","tag-ausstellung","tag-marlit-peikert","tag-rathaus-hallenberg"],"_links":{"self":[{"href":"https:\/\/www.schiebener.net\/wordpress\/wp-json\/wp\/v2\/posts\/37052","targetHints":{"allow":["GET"]}}],"collection":[{"href":"https:\/\/www.schiebener.net\/wordpress\/wp-json\/wp\/v2\/posts"}],"about":[{"href":"https:\/\/www.schiebener.net\/wordpress\/wp-json\/wp\/v2\/types\/post"}],"author":[{"embeddable":true,"href":"https:\/\/www.schiebener.net\/wordpress\/wp-json\/wp\/v2\/users\/3"}],"replies":[{"embeddable":true,"href":"https:\/\/www.schiebener.net\/wordpress\/wp-json\/wp\/v2\/comments?post=37052"}],"version-history":[{"count":0,"href":"https:\/\/www.schiebener.net\/wordpress\/wp-json\/wp\/v2\/posts\/37052\/revisions"}],"wp:attachment":[{"href":"https:\/\/www.schiebener.net\/wordpress\/wp-json\/wp\/v2\/media?parent=37052"}],"wp:term":[{"taxonomy":"category","embeddable":true,"href":"https:\/\/www.schiebener.net\/wordpress\/wp-json\/wp\/v2\/categories?post=37052"},{"taxonomy":"post_tag","embeddable":true,"href":"https:\/\/www.schiebener.net\/wordpress\/wp-json\/wp\/v2\/tags?post=37052"}],"curies":[{"name":"wp","href":"https:\/\/api.w.org\/{rel}","templated":true}]}}